{"id":114856,"date":"2025-12-12T22:25:10","date_gmt":"2025-12-12T22:25:10","guid":{"rendered":"https:\/\/www.europesays.com\/fi\/114856\/"},"modified":"2025-12-12T22:25:10","modified_gmt":"2025-12-12T22:25:10","slug":"synnytyksessa-kuolleen-stacey-warnecken-30-kuolinsyy-on-selvilla","status":"publish","type":"post","link":"https:\/\/www.europesays.com\/fi\/114856\/","title":{"rendered":"Synnytyksess\u00e4 kuolleen Stacey Warnecken, 30, kuolinsyy on selvill\u00e4"},"content":{"rendered":"<p>Ruokavaikuttaja Stacey Warnecken, 30, kuolemasta on saatu lis\u00e4tietoja.<\/p>\n<p><img decoding=\"async\" class=\"image image-show image-preview\" src=\"https:\/\/www.europesays.com\/fi\/wp-content\/uploads\/2025\/10\/1761081788_360_23b5e0437ce06236962e575626ea368763e1d6c13e9b66d0dc3b495294128330.jpg\" alt=\"\"\/><img decoding=\"async\" class=\"image image-show\" src=\"https:\/\/www.europesays.com\/fi\/wp-content\/uploads\/2025\/10\/23b5e0437ce06236962e575626ea368763e1d6c13e9b66d0dc3b495294128330.jpg\" alt=\"\"\/><\/p>\n<p>Stacey Warnecken kuolemasta on saatu lis\u00e4tietoja. Kuvituskuva. AOP<\/p>\n<p class=\"paragraph\">Australialainen ruokavaikuttaja <strong>Stacey Warnecke<\/strong> kuoli 30-vuotiaana 29. syyskuuta synnytetty\u00e4\u00e4n esikoispoikansa <strong>Axelin<\/strong>. Lokakuussa kuolema selitettiin <a href=\"https:\/\/www.iltalehti.fi\/viihdeuutiset\/28b4e2fa-569a-4d2b-80d4-b091c4490f5e\" rel=\"nofollow noopener\" target=\"_blank\">synnytyskomplikaatioilla<\/a>.<\/p>\n<p class=\"paragraph\">Nyt <a href=\"https:\/\/people.com\/influencer-stacey-hatfield-cause-of-death-revealed-11836736\" target=\"_blank\" rel=\"noopener nofollow\">People<\/a>&#8211; ja <a href=\"https:\/\/www.abc.net.au\/news\/2025-12-10\/stacey-warnecke-free-birth-death-coroner-investigates\/106124514\" target=\"_blank\" rel=\"noopener nofollow\">ABC Australia<\/a> -uutissivustojen mukaan Victorian osavaltion kuolinsyytutkinnassa on saatu selville, ett\u00e4 Warnecke kuoli vakavaan verenhukkaan. Warnecken kerrotaan synnytt\u00e4neen kotonaan Seafordin esikaupungissa Melbournessa ilman p\u00e4tev\u00e4\u00e4 l\u00e4\u00e4kint\u00e4henkil\u00f6kuntaa.<\/p>\n<p class=\"paragraph\">Warnecke vietiin sairaalaan, kun h\u00e4nen tilansa heikkeni. Hoitohenkil\u00f6kunnan yrityksist\u00e4 huolimatta tuore \u00e4iti kuoli sairaalassa. Warnecken aviomies <strong>Nathan Warnecke<\/strong> j\u00e4i yksin heid\u00e4n Axel-poikansa kanssa.<\/p>\n<p class=\"paragraph\">Mik\u00e4li linkki ei n\u00e4y, voit katsoa kuvan Stacey ja Nathan Warneckesta <a href=\"https:\/\/www.instagram.com\/p\/DP-dHVLEmiw\/?utm_source=ig_embed\" target=\"_blank\" rel=\"noopener nofollow\">t\u00e4\u00e4lt\u00e4<\/a>.<\/p>\n<p class=\"paragraph\">Warnecken kuolemaa k\u00e4sitell\u00e4\u00e4n oikeudessa. Herald Sun -lehden mukaan asianajaja <strong>Rachel Ellyard<\/strong> kertoi oikeudelle, ett\u00e4 Warnecke p\u00e4\u00e4tti olla hakeutumatta terveydenhuollon piiriin raskautensa aikana, sill\u00e4 h\u00e4n ei ollut luottanut terveydenhuoltoj\u00e4rjestelm\u00e4\u00e4n koronarokotepakon j\u00e4lkeen vuonna 2021.<\/p>\n<p class=\"paragraph\">Oikeudenk\u00e4ynnin aikana selvisi, ett\u00e4 synnytysavustaja <strong>Emily Lal<\/strong>, joka tunnetaan netiss\u00e4 nimell\u00e4 The Authentic Birthkeeper, oli l\u00e4sn\u00e4 synnytyksess\u00e4 pariskunnan kotona. ABC:n mukaan Lal oli siivonnut talon siihen menness\u00e4, kun poliisi saapui tutkimaan asuntoa seuraavana p\u00e4iv\u00e4n\u00e4.<\/p>\n<p class=\"paragraph\">Lal on t\u00e4ll\u00e4 hetkell\u00e4 tutkinnan alla, sill\u00e4 h\u00e4nest\u00e4 on tehty valituksia, joiden mukaan h\u00e4nen osallistumisensa kotisynnytyksiin \u201dasettaa \u00e4idit ja vauvat vaaraan\u201d. Lalia on sittemmin kielletty tarjoamasta terveydenhuoltopalveluja. Lalia on sittemmin kielletty terveydenhuollon tarjoamisesta.<\/p>\n<p class=\"paragraph\">Stacey Warnecke jakoi sosiaalisessa mediassa ruokavinkkej\u00e4 ja puhui myrkytt\u00f6m\u00e4n el\u00e4m\u00e4ntyylin puolesta.<\/p>\n<p>Onko \u00e4itikuolleisuus yleist\u00e4?<\/p>\n<p class=\"paragraph\">\u00c4itiyskuolleisuus on Suomessa harvinaista. Terveyden ja hyvinvoinnin laitoksen marraskuussa 2024 julkaiseman <a href=\"https:\/\/www.julkari.fi\/bitstream\/handle\/10024\/149954\/Perinataalitilasto%20%20%20synnytt%E4j%E4t%20synnytykset%20ja%20vastasyntyneet%202023.pdf?sequence=20\" target=\"_blank\" rel=\"noopener nofollow\">raportin<\/a> mukaan synnytykseen liittyvi\u00e4 kuolemia oli Suomessa vuosina 2013\u20132022 yhteens\u00e4 72 eli 14,3 kuolemaa 100 000 synnytyst\u00e4 kohden. Kuolemista 24 tapahtui synnytyst\u00e4 seuraavan kuuden viikon aikana. Kuolemia, joissa kuolemansyy liittyi raskauteen, synnytykseen tai lapsivuoteuteen, oli 16 kappaletta eli 3,2 kuolemaa 100 000 synnytyst\u00e4 kohden.<\/p>\n<p class=\"paragraph\">Australiassa \u00e4itiyskuolemia oli vuonna 2022 14 kappaletta eli 4,8 kuolemaa 100 000 synnytyst\u00e4 kohden, <a href=\"https:\/\/www.aihw.gov.au\/reports\/mothers-babies\/maternal-deaths-australia\" target=\"_blank\" rel=\"noopener nofollow\">Australian terveyden ja hyvinvoinnin laitoksen sivuilla<\/a> kerrotaan.<\/p>\n<p class=\"paragraph\">Vuonna 2024 Suomessa syntyi 43 883 lasta, <a href=\"https:\/\/thl.fi\/tilastot-ja-data\/tilastot-aiheittain\/seksuaali-ja-lisaantymisterveys\/synnyttajat-synnytykset-ja-vastasyntyneet\/perinataalitilasto-synnyttajat-synnytykset-ja-vastasyntyneet\" target=\"_blank\" rel=\"noopener nofollow\">THL<\/a> raportoi.<\/p>\n<p><script async src=\"\/\/www.instagram.com\/embed.js\"><\/script><\/p>\n","protected":false},"excerpt":{"rendered":"Ruokavaikuttaja Stacey Warnecken, 30, kuolemasta on saatu lis\u00e4tietoja. Stacey Warnecken kuolemasta on saatu lis\u00e4tietoja. Kuvituskuva. AOP Australialainen ruokavaikuttaja&hellip;\n","protected":false},"author":2,"featured_media":114857,"comment_status":"","ping_status":"","sticky":false,"template":"","format":"standard","meta":{"footnotes":""},"categories":[14],"tags":[35,22,23,26,27,33,31,30,17,1978,1977,24,25,28,29,15,18,21,32,502,516,167,19,20,56,16,59,60,61],"class_list":{"0":"post-114856","1":"post","2":"type-post","3":"status-publish","4":"format-standard","5":"has-post-thumbnail","7":"category-ulkomaat","8":"tag-24h","9":"tag-breaking-news","10":"tag-breakingnews","11":"tag-featured-news","12":"tag-featurednews","13":"tag-fi","14":"tag-finland","15":"tag-finnish","16":"tag-headlines","17":"tag-laaketeollisuus","18":"tag-laakkeet","19":"tag-latest-news","20":"tag-latestnews","21":"tag-main-news","22":"tag-mainnews","23":"tag-news","24":"tag-otsikot","25":"tag-paauutiset","26":"tag-suomi","27":"tag-terveydenhoito","28":"tag-terveydenhoitoala","29":"tag-terveys","30":"tag-top-stories","31":"tag-topstories","32":"tag-ulkomaat","33":"tag-uutiset","34":"tag-world","35":"tag-world-news","36":"tag-worldnews"},"share_on_mastodon":{"url":"https:\/\/pubeurope.com\/@fi\/115708947854654324","error":""},"_links":{"self":[{"href":"https:\/\/www.europesays.com\/fi\/wp-json\/wp\/v2\/posts\/114856","targetHints":{"allow":["GET"]}}],"collection":[{"href":"https:\/\/www.europesays.com\/fi\/wp-json\/wp\/v2\/posts"}],"about":[{"href":"https:\/\/www.europesays.com\/fi\/wp-json\/wp\/v2\/types\/post"}],"author":[{"embeddable":true,"href":"https:\/\/www.europesays.com\/fi\/wp-json\/wp\/v2\/users\/2"}],"replies":[{"embeddable":true,"href":"https:\/\/www.europesays.com\/fi\/wp-json\/wp\/v2\/comments?post=114856"}],"version-history":[{"count":0,"href":"https:\/\/www.europesays.com\/fi\/wp-json\/wp\/v2\/posts\/114856\/revisions"}],"wp:featuredmedia":[{"embeddable":true,"href":"https:\/\/www.europesays.com\/fi\/wp-json\/wp\/v2\/media\/114857"}],"wp:attachment":[{"href":"https:\/\/www.europesays.com\/fi\/wp-json\/wp\/v2\/media?parent=114856"}],"wp:term":[{"taxonomy":"category","embeddable":true,"href":"https:\/\/www.europesays.com\/fi\/wp-json\/wp\/v2\/categories?post=114856"},{"taxonomy":"post_tag","embeddable":true,"href":"https:\/\/www.europesays.com\/fi\/wp-json\/wp\/v2\/tags?post=114856"}],"curies":[{"name":"wp","href":"https:\/\/api.w.org\/{rel}","templated":true}]}}