{"id":114862,"date":"2025-12-12T22:39:10","date_gmt":"2025-12-12T22:39:10","guid":{"rendered":"https:\/\/www.europesays.com\/fi\/114862\/"},"modified":"2025-12-12T22:39:10","modified_gmt":"2025-12-12T22:39:10","slug":"huomasitko-prinsessa-victoria-edusti-tutussa-asussa","status":"publish","type":"post","link":"https:\/\/www.europesays.com\/fi\/114862\/","title":{"rendered":"Huomasitko? Prinsessa Victoria edusti tutussa asussa"},"content":{"rendered":"<p>Prinsessa Victoria on tehnyt aiemminkin tribuutin \u00e4idilleen asuvalinnalla.<\/p>\n<p><img decoding=\"async\" class=\"image image-show image-preview\" src=\"https:\/\/www.europesays.com\/fi\/wp-content\/uploads\/2025\/12\/36be32f74c30a09913a158d17c113e9bf988cf6ee3769e3791bcfa7da77a925d.jpg\" alt=\"\"\/><img decoding=\"async\" class=\"image image-show\" src=\"https:\/\/www.europesays.com\/fi\/wp-content\/uploads\/2025\/12\/1765579150_156_36be32f74c30a09913a158d17c113e9bf988cf6ee3769e3791bcfa7da77a925d.jpg\" alt=\"\"\/><\/p>\n<p>Prinsessa Victoria puki \u00e4itins\u00e4 vanhan iltapuvun. AOP<\/p>\n<p class=\"paragraph\">Prinsessa <a href=\"https:\/\/www.iltalehti.fi\/henkilot\/Victoria\" class=\"article-link-person-page\" rel=\"nofollow noopener\" target=\"_blank\">Victoria<\/a> edusti hiljattain Nobel-seremoniassa Tukholmassa <strong>Jacques Zehnderin<\/strong> suunnittelemassa<strong> <\/strong>valkoisessa ep\u00e4symmetrisess\u00e4 ja veistoksellisessa puvussa, joka oli todellinen katseenvangitsija.<\/p>\n<p class=\"paragraph\">Kuninkaallisfanit ovat pist\u00e4neet merkille, ett\u00e4 kyseess\u00e4 on todellinen sukukalleus: Iltapuku on kuningatar <a href=\"https:\/\/www.iltalehti.fi\/henkilot\/Silvia\" class=\"article-link-person-page\" rel=\"nofollow noopener\" target=\"_blank\">Silvian<\/a> vanha iltapuku 1990-luvulta.<\/p>\n<p class=\"paragraph\">Silvia piti kyseist\u00e4 iltapukua ainakin kaksi kertaa julkisesti vuonna 1994. Yhden kerran Nobel-seremoniassa ja ja toisen kerran Belgian kuninkaan valtiovierailun aikana.<\/p>\n<p class=\"paragraph\"><a href=\"https:\/\/www.iltalehti.fi\/kuninkaalliset\/b4b33d24-69dc-42c1-9baa-2414870fb965\" rel=\"nofollow noopener\" target=\"_blank\">Aiemmin uutisoitiin<\/a>, ett\u00e4 Victorian veistoksellinen iltapuku vaati etiketin rikkomista. Prinsessa asetti kunnianauhansa ihoa vasten. Sama iltapuku on vaati etiketin rikkomista my\u00f6s 31 vuotta sitten samassa seremoniassa. Kuningatar asetti tuolloin kunnianauhansa samalla tavalla ihoa vasten.<\/p>\n<p class=\"paragraph\">Kansainv\u00e4liset lehdet hehkuttavat, ett\u00e4 \u00e4idin vanha iltapuku on kuin tytt\u00e4relle luotu ja istuu kuin hansikas. Vertaa alta, milt\u00e4 asu Silvian p\u00e4\u00e4ll\u00e4 n\u00e4ytti.<\/p>\n<p>T\u00e4lt\u00e4 kuningatar Silvia n\u00e4ytti vuoden 1994 Nobel-gaalassa. AOP<\/p>\n<p>Kuvassa kuningatar Silvia ja Belgian entinen kuningas Albert II valtiovierailun aikaan Tukholmassa toukokuussa 1994. AOP<\/p>\n<p class=\"paragraph\">Kyseess\u00e4 ei ole ensimm\u00e4inen kerta, kun Victoria on valinnut p\u00e4\u00e4lleen \u00e4itins\u00e4 vanhan iltapuvun. Victorialla n\u00e4htiin vuonna 2018 Silvian iltapuku, joka oli per\u00e4isin vuodelta 1995. Silvia piti iltapukua vuoden 1995 Nobel-seremoniassa.<\/p>\n<p>Prinsessa Victoria vuonna 2018 \u00e4itins\u00e4 iltapuvussa. AOP<\/p>\n<p>Kuningatar Victoria samassa iltapuvussa vuonna 1995. AOP<\/p>\n","protected":false},"excerpt":{"rendered":"Prinsessa Victoria on tehnyt aiemminkin tribuutin \u00e4idilleen asuvalinnalla. Prinsessa Victoria puki \u00e4itins\u00e4 vanhan iltapuvun. AOP Prinsessa Victoria edusti&hellip;\n","protected":false},"author":2,"featured_media":114863,"comment_status":"","ping_status":"","sticky":false,"template":"","format":"standard","meta":{"footnotes":""},"categories":[136],"tags":[35,407,2110,137,33,31,30,408,652,99,100,98,32,109],"class_list":{"0":"post-114862","1":"post","2":"type-post","3":"status-publish","4":"format-standard","5":"has-post-thumbnail","7":"category-julkkikset","8":"tag-24h","9":"tag-celebrities","10":"tag-elamantapa-ja-vapaa-aika","11":"tag-entertainment","12":"tag-fi","13":"tag-finland","14":"tag-finnish","15":"tag-julkkikset","16":"tag-kuninkaalliset","17":"tag-lapset","18":"tag-lapset-ja-nuoret","19":"tag-perhe","20":"tag-suomi","21":"tag-viihde"},"share_on_mastodon":{"url":"https:\/\/pubeurope.com\/@fi\/115709002763104652","error":""},"_links":{"self":[{"href":"https:\/\/www.europesays.com\/fi\/wp-json\/wp\/v2\/posts\/114862","targetHints":{"allow":["GET"]}}],"collection":[{"href":"https:\/\/www.europesays.com\/fi\/wp-json\/wp\/v2\/posts"}],"about":[{"href":"https:\/\/www.europesays.com\/fi\/wp-json\/wp\/v2\/types\/post"}],"author":[{"embeddable":true,"href":"https:\/\/www.europesays.com\/fi\/wp-json\/wp\/v2\/users\/2"}],"replies":[{"embeddable":true,"href":"https:\/\/www.europesays.com\/fi\/wp-json\/wp\/v2\/comments?post=114862"}],"version-history":[{"count":0,"href":"https:\/\/www.europesays.com\/fi\/wp-json\/wp\/v2\/posts\/114862\/revisions"}],"wp:featuredmedia":[{"embeddable":true,"href":"https:\/\/www.europesays.com\/fi\/wp-json\/wp\/v2\/media\/114863"}],"wp:attachment":[{"href":"https:\/\/www.europesays.com\/fi\/wp-json\/wp\/v2\/media?parent=114862"}],"wp:term":[{"taxonomy":"category","embeddable":true,"href":"https:\/\/www.europesays.com\/fi\/wp-json\/wp\/v2\/categories?post=114862"},{"taxonomy":"post_tag","embeddable":true,"href":"https:\/\/www.europesays.com\/fi\/wp-json\/wp\/v2\/tags?post=114862"}],"curies":[{"name":"wp","href":"https:\/\/api.w.org\/{rel}","templated":true}]}}