{"id":114872,"date":"2025-12-12T22:52:07","date_gmt":"2025-12-12T22:52:07","guid":{"rendered":"https:\/\/www.europesays.com\/fi\/114872\/"},"modified":"2025-12-12T22:52:07","modified_gmt":"2025-12-12T22:52:07","slug":"nuori-mies-kuoli-liikenneonnettomuudessa","status":"publish","type":"post","link":"https:\/\/www.europesays.com\/fi\/114872\/","title":{"rendered":"Nuori mies kuoli liikenneonnettomuudessa"},"content":{"rendered":"<p>Kuljettaja menetti ajoneuvon hallinnan Lepp\u00e4virralla Pohjois-Savossa.<\/p>\n<p class=\"paragraph\">Yksi henkil\u00f6autossa olleista matkustajista kuoli, kun ajoneuvo kaatui katolleen ojaan perjantaina tapahtuneessa liikenneonnettomuudessa, It\u00e4-Suomen poliisilaitos tiedottaa.<\/p>\n<p class=\"paragraph\">H\u00e4t\u00e4keskus sai ilmoituksen onnettomuudesta kello 21:50.<\/p>\n<p class=\"paragraph\">Autoa kuljetti nuori mies, jolla on voimassa oleva ajo-oikeus, poliisi kertoo.<\/p>\n<p class=\"paragraph\">Kuljettaja sai poliisin puhalluskokeessa 0,0 tuloksen.<\/p>\n<p class=\"paragraph\">Kyydiss\u00e4 oli kuljettajan lis\u00e4ksi kolme matkustajaa. Ensihoito vei kaikki sairaalaan tarkastettavaksi, mutta heid\u00e4n vammansa eiv\u00e4t olleet ensitietojen perusteella vakavia.<\/p>\n<p class=\"paragraph\">Poliisi selvitt\u00e4\u00e4 onnettomuuden syit\u00e4. My\u00f6s tieliikenneonnettomuuksien tutkijalautakunta osallistuu selvitysty\u00f6h\u00f6n.<\/p>\n","protected":false},"excerpt":{"rendered":"Kuljettaja menetti ajoneuvon hallinnan Lepp\u00e4virralla Pohjois-Savossa. Yksi henkil\u00f6autossa olleista matkustajista kuoli, kun ajoneuvo kaatui katolleen ojaan perjantaina tapahtuneessa&hellip;\n","protected":false},"author":2,"featured_media":4008,"comment_status":"","ping_status":"","sticky":false,"template":"","format":"standard","meta":{"footnotes":""},"categories":[12],"tags":[35,22,23,26,27,33,31,30,17,24,25,121,28,29,15,18,21,54,52,2461,32,128,19,20,16],"class_list":{"0":"post-114872","1":"post","2":"type-post","3":"status-publish","4":"format-standard","5":"has-post-thumbnail","7":"category-suomi","8":"tag-24h","9":"tag-breaking-news","10":"tag-breakingnews","11":"tag-featured-news","12":"tag-featurednews","13":"tag-fi","14":"tag-finland","15":"tag-finnish","16":"tag-headlines","17":"tag-latest-news","18":"tag-latestnews","19":"tag-liikenne-ja-kuljetus","20":"tag-main-news","21":"tag-mainnews","22":"tag-news","23":"tag-otsikot","24":"tag-paauutiset","25":"tag-pelastuspalvelut","26":"tag-poliisi","27":"tag-sairaalat-ja-terveyskeskukset","28":"tag-suomi","29":"tag-tieliikenne","30":"tag-top-stories","31":"tag-topstories","32":"tag-uutiset"},"share_on_mastodon":{"url":"https:\/\/pubeurope.com\/@fi\/115709053902047111","error":""},"_links":{"self":[{"href":"https:\/\/www.europesays.com\/fi\/wp-json\/wp\/v2\/posts\/114872","targetHints":{"allow":["GET"]}}],"collection":[{"href":"https:\/\/www.europesays.com\/fi\/wp-json\/wp\/v2\/posts"}],"about":[{"href":"https:\/\/www.europesays.com\/fi\/wp-json\/wp\/v2\/types\/post"}],"author":[{"embeddable":true,"href":"https:\/\/www.europesays.com\/fi\/wp-json\/wp\/v2\/users\/2"}],"replies":[{"embeddable":true,"href":"https:\/\/www.europesays.com\/fi\/wp-json\/wp\/v2\/comments?post=114872"}],"version-history":[{"count":0,"href":"https:\/\/www.europesays.com\/fi\/wp-json\/wp\/v2\/posts\/114872\/revisions"}],"wp:featuredmedia":[{"embeddable":true,"href":"https:\/\/www.europesays.com\/fi\/wp-json\/wp\/v2\/media\/4008"}],"wp:attachment":[{"href":"https:\/\/www.europesays.com\/fi\/wp-json\/wp\/v2\/media?parent=114872"}],"wp:term":[{"taxonomy":"category","embeddable":true,"href":"https:\/\/www.europesays.com\/fi\/wp-json\/wp\/v2\/categories?post=114872"},{"taxonomy":"post_tag","embeddable":true,"href":"https:\/\/www.europesays.com\/fi\/wp-json\/wp\/v2\/tags?post=114872"}],"curies":[{"name":"wp","href":"https:\/\/api.w.org\/{rel}","templated":true}]}}