{"id":114888,"date":"2025-12-12T23:31:14","date_gmt":"2025-12-12T23:31:14","guid":{"rendered":"https:\/\/www.europesays.com\/fi\/114888\/"},"modified":"2025-12-12T23:31:14","modified_gmt":"2025-12-12T23:31:14","slug":"hovimuusikko-ilkka-johtaa-kahta-firmaa-joissa-ei-ole-massista-puutetta","status":"publish","type":"post","link":"https:\/\/www.europesays.com\/fi\/114888\/","title":{"rendered":"Hovimuusikko Ilkka johtaa kahta firmaa, joissa ei ole massista puutetta"},"content":{"rendered":"<p>Radio Suomipopilta tuttu hovimuusikko Ilkka eli Ilkka Iham\u00e4ki omistaa Tapiolan Kyn\u00e4 Oy -nimisen firman. Katsastimme miten sill\u00e4 menee.<\/p>\n<p>Firman liikevaihto on ollut hivenen laskeva, mutta edelleen Ilkka kehitteli kokoon ralleillaan 292 000 euroa. Viivan alle saateltu tulos taas on mairea: 160 000 euroa. T\u00e4h\u00e4n ei moni pysty. Pit\u00e4\u00e4 olla yhden miehen yritys, jotta pystyy \u2013 ja luovalla alalla.<\/p>\n<p>L\u00e4hes velaton firma on kuitenkin pystynyt kehitt\u00e4m\u00e4\u00e4n kivasti rahaa talteen. Omaa p\u00e4\u00e4omaa ja jakokelposia varoja on liki 600 000 euroa.<\/p>\n<p>Ilkalla on my\u00f6s Tapiolan \u00c4\u00e4ni Oy -niminen firma, jonka liikevaihto romahti 164 000 eurosta 34 000 euroon. My\u00f6s tulos romahti 119 000 eurosta  vain 6 000 euroon. T\u00e4m\u00e4nkin velattoman firman tase nousee yl\u00f6s, 377 000 euroon. Omaa p\u00e4\u00e4omaa on 372 000 euroa.<\/p>\n<p>Lue my\u00f6s: <a href=\"https:\/\/www.como.fi\/tilaa-comon-uutiskirje\/\" title=\"Tilaa Comon uutiskirje ja tied\u00e4t mist\u00e4 kahvitauolla puhutaan! Nappaa kotimaan tv-vinkit ja puheenaiheet suoraan s\u00e4hk\u00f6postiin t\u00e4st\u00e4.\" class=\"underline-custom !font-montserrat !font-bold !underline-offset-4 !decoration-4 !decoration-red-600 !text-md\" rel=\"nofollow noopener\" target=\"_blank\">Tilaa Comon uutiskirje ja tied\u00e4t mist\u00e4 kahvitauolla puhutaan! Nappaa kotimaan tv-vinkit ja puheenaiheet suoraan s\u00e4hk\u00f6postiin t\u00e4st\u00e4.<\/a><\/p>\n","protected":false},"excerpt":{"rendered":"Radio Suomipopilta tuttu hovimuusikko Ilkka eli Ilkka Iham\u00e4ki omistaa Tapiolan Kyn\u00e4 Oy -nimisen firman. Katsastimme miten sill\u00e4 menee.&hellip;\n","protected":false},"author":2,"featured_media":114889,"comment_status":"","ping_status":"","sticky":false,"template":"","format":"standard","meta":{"footnotes":""},"categories":[136],"tags":[407,137,33,31,30,408,32,109],"class_list":{"0":"post-114888","1":"post","2":"type-post","3":"status-publish","4":"format-standard","5":"has-post-thumbnail","7":"category-julkkikset","8":"tag-celebrities","9":"tag-entertainment","10":"tag-fi","11":"tag-finland","12":"tag-finnish","13":"tag-julkkikset","14":"tag-suomi","15":"tag-viihde"},"share_on_mastodon":{"url":"https:\/\/pubeurope.com\/@fi\/115709207093015963","error":""},"_links":{"self":[{"href":"https:\/\/www.europesays.com\/fi\/wp-json\/wp\/v2\/posts\/114888","targetHints":{"allow":["GET"]}}],"collection":[{"href":"https:\/\/www.europesays.com\/fi\/wp-json\/wp\/v2\/posts"}],"about":[{"href":"https:\/\/www.europesays.com\/fi\/wp-json\/wp\/v2\/types\/post"}],"author":[{"embeddable":true,"href":"https:\/\/www.europesays.com\/fi\/wp-json\/wp\/v2\/users\/2"}],"replies":[{"embeddable":true,"href":"https:\/\/www.europesays.com\/fi\/wp-json\/wp\/v2\/comments?post=114888"}],"version-history":[{"count":0,"href":"https:\/\/www.europesays.com\/fi\/wp-json\/wp\/v2\/posts\/114888\/revisions"}],"wp:featuredmedia":[{"embeddable":true,"href":"https:\/\/www.europesays.com\/fi\/wp-json\/wp\/v2\/media\/114889"}],"wp:attachment":[{"href":"https:\/\/www.europesays.com\/fi\/wp-json\/wp\/v2\/media?parent=114888"}],"wp:term":[{"taxonomy":"category","embeddable":true,"href":"https:\/\/www.europesays.com\/fi\/wp-json\/wp\/v2\/categories?post=114888"},{"taxonomy":"post_tag","embeddable":true,"href":"https:\/\/www.europesays.com\/fi\/wp-json\/wp\/v2\/tags?post=114888"}],"curies":[{"name":"wp","href":"https:\/\/api.w.org\/{rel}","templated":true}]}}