{"id":114890,"date":"2025-12-12T23:38:17","date_gmt":"2025-12-12T23:38:17","guid":{"rendered":"https:\/\/www.europesays.com\/fi\/114890\/"},"modified":"2025-12-12T23:38:17","modified_gmt":"2025-12-12T23:38:17","slug":"kupsin-palkintopotti-on-nousemassa-yli-viiteen-miljoonaan-euroon-ensi-kautta-rakennetaan-poikkeuksellisessa-tilanteessa-urheilu","status":"publish","type":"post","link":"https:\/\/www.europesays.com\/fi\/114890\/","title":{"rendered":"KuPSin palkintopotti on nousemassa yli viiteen miljoonaan euroon \u2013 ensi kautta rakennetaan poikkeuksellisessa tilanteessa | Urheilu"},"content":{"rendered":"<p class=\"aw-1gybjub aw-1p7kakr kEtdKx cEmitX yle__article__paragraph\">Kuopion Palloseuran palkintokaappi on t\u00e4yttynyt kahdella per\u00e4tt\u00e4isell\u00e4 Suomen mestaruudella. Pankkitilille t\u00e4ytett\u00e4 on tullut europelimenestyksell\u00e4, jollaista Kuopiossa ei ole ennen n\u00e4hty.<\/p>\n<p class=\"aw-1gybjub aw-1p7kakr kEtdKx cEmitX yle__article__paragraph\">Historiallinen saavutus Konferenssiliigan pudotuspelipaikasta n\u00e4ytt\u00e4\u00e4 tosin nyt ep\u00e4todenn\u00e4k\u00f6iselt\u00e4. Valioliiga-seura Crystal Palacea vastaan pistetilin olisi viikon p\u00e4\u00e4st\u00e4 vieraskent\u00e4ll\u00e4 kartuttava.<\/p>\n<p class=\"aw-1gybjub aw-1p7kakr kEtdKx cEmitX yle__article__paragraph\">Vaikka jatkopaikka j\u00e4isi haaveeksi, on KuPSin ensimm\u00e4inen seikkailu eurokilpailun liigavaiheessa tuonut t\u00e4h\u00e4n menness\u00e4 jo noin 4,7 miljoonan euron palkintopotin. Summa karttuu viel\u00e4 ainakin sijoitusbonuksella ja tv-rahalla. Lopullinen summa ylitt\u00e4nee viisi miljoonaa.<\/p>\n<p class=\"aw-1gybjub aw-1p7kakr kEtdKx cEmitX yle__article__paragraph\">KuPS ilmoitti pelaajabudjetikseen 1,2 miljoonaa euroa ennen kauden alkua.<\/p>\n<p class=\"aw-1gybjub aw-1p7kakr kEtdKx cEmitX yle__article__paragraph\">\u2013 En kulje ja mieti joka p\u00e4iv\u00e4, ett\u00e4 mihin niit\u00e4 rahoja nyt laittaisimme. Tietysti se antaa meille mahdollisuuden kehitty\u00e4 organisaationa, urheilutoimenjohtaja <strong class=\"aw-ak79eh KyCXm yle__article__strong\">Sixten Bostr\u00f6m<\/strong> sanoo Yle Urheilulle.<\/p>\n<p class=\"aw-1gybjub aw-1p7kakr kEtdKx cEmitX yle__article__paragraph\">\u2013 Mielest\u00e4ni suurin merkitys on, ett\u00e4 menestys on luonut mahdollisuuden katsoa enemm\u00e4n eteenp\u00e4in kuin olemme aiemmin tehneet. Voimme nyt ajatella asioita, joita emme olisi vuosi tai kaksi sitten pystyneet tekem\u00e4\u00e4n. Tarkoitus ei ole tuhlailla rahaa ja hankkia kalliimpia pelaajia. Se ei ole tiemme, vaan meid\u00e4n on oltava maltillisia.<\/p>\n<p class=\"aw-1gybjub aw-1p7kakr kEtdKx cEmitX yle__article__paragraph\">Bostr\u00f6m on avainroolissa. H\u00e4nen jatkonsa KuPSissa oli syksyll\u00e4 viel\u00e4 h\u00e4m\u00e4r\u00e4n peitossa, mutta lopulta jatkosopimus syntyi. Tuplarooli valmennuksessa j\u00e4\u00e4 pois ja Bostr\u00f6m jatkaa p\u00e4\u00e4toimisena urheilutoimenjohtajana.<\/p>\n<p class=\"aw-1gybjub aw-1p7kakr kEtdKx cEmitX yle__article__paragraph\">\u2013 Toistaiseksi, h\u00e4n vastaa sopimuksen pituudesta kysytt\u00e4ess\u00e4.<\/p>\n<p class=\"aw-1gybjub aw-1p7kakr kEtdKx cEmitX yle__article__paragraph\">\u2013 Seurasta on tavallaan puuttunut henkil\u00f6, joka ajattelisi asioita v\u00e4h\u00e4n pidemm\u00e4ll\u00e4 aikav\u00e4lill\u00e4 ja miettisi, mihin suuntaan seura haluaa menn\u00e4. Nyt on tehty p\u00e4\u00e4t\u00f6s, ett\u00e4 min\u00e4 olen se henkil\u00f6.<\/p>\n<p><img decoding=\"async\" alt=\"KuPSin urheilutoimenjohtaja Sixten Bostr\u00f6m.\" src=\"https:\/\/www.europesays.com\/fi\/wp-content\/uploads\/2025\/12\/39-1568678693bf421386ba.jpeg\" loading=\"lazy\" class=\"aw-1l9m598 hKVVvP\"\/><\/p>\n<p>Avaa kuvien katselu<\/p>\n<p>Sixten Bostr\u00f6m jatkaa KuPSissa urheilutoimenjohtajana. Kuva: Jarkko Vuolle \/ Yle<\/p>\n<p class=\"aw-1gybjub aw-1p7kakr kEtdKx cEmitX yle__article__paragraph\">KuPSissa oltiin alkusyksyst\u00e4 erikoisessa tilanteessa, kun sek\u00e4 p\u00e4\u00e4valmentaja <strong class=\"aw-ak79eh KyCXm yle__article__strong\">Jarkko Wissin<\/strong> ett\u00e4 Bostr\u00f6min sopimukset olivat katkolla. Optioita ei k\u00e4ytetty m\u00e4\u00e4r\u00e4aikaan menness\u00e4.<\/p>\n<p class=\"aw-1gybjub aw-1p7kakr kEtdKx cEmitX yle__article__paragraph\">Bostr\u00f6m toimi Wissin johtamassa valmennustiimiss\u00e4. Wiss l\u00e4htee menestyskaudesta huolimatta SJK:n per\u00e4simeen ensi viikon j\u00e4lkeen. <a class=\"aw-iao6s4 iHOxEa yle__article__link\" href=\"https:\/\/yle.fi\/a\/74-20193241\" role=\"link\" rel=\"nofollow noopener\" target=\"_blank\">Spekulaatiota kaksikon v\u00e4leist\u00e4 on riitt\u00e4nyt.<\/a><\/p>\n<p class=\"aw-1gybjub aw-1p7kakr kEtdKx cEmitX yle__article__paragraph\">\u2013 Meill\u00e4 ei ollut mit\u00e4\u00e4n ongelmaa. Olemme hoitaneet ammattimaisesti koko kauden. Uskallan melkein v\u00e4itt\u00e4\u00e4, ett\u00e4 jos meid\u00e4n kahden v\u00e4lill\u00e4 olisi ollut jotain ongelmaa, tulokset eiv\u00e4t olisi olleet sit\u00e4, mit\u00e4 ne ovat t\u00e4n\u00e4 vuonna olleet, Bostr\u00f6m sanoo.<\/p>\n<p><img decoding=\"async\" alt=\"KuPS-valmentajat Sixten Bostr\u00f6m ja Jarkko Wiss.\" src=\"https:\/\/www.europesays.com\/fi\/wp-content\/uploads\/2025\/11\/39-1548031690907549c50c.jpeg\" loading=\"lazy\" class=\"aw-1l9m598 hKVVvP\"\/><\/p>\n<p>Avaa kuvien katselu<\/p>\n<p>Sixten Bostr\u00f6min ja Jarkko Wissin yhteisty\u00f6 KuPSissa p\u00e4\u00e4ttyy ensi viikon Crystal Palace -otteluun. Kuva: All\u00a0Over\u00a0PressAvainpelaajista vaikea pit\u00e4\u00e4 kiinni<\/p>\n<p class=\"aw-1gybjub aw-1p7kakr kEtdKx cEmitX yle__article__paragraph\">KuPSin tulevaisuuden kannalta akuutein kysymys on uusi p\u00e4\u00e4valmentaja. Mediatietojen mukaan verkot ovat olleet vesill\u00e4 varsinkin Ruotsin suuntaan. <a class=\"aw-iao6s4 iHOxEa yle__article__link\" href=\"https:\/\/www.expressen.se\/sport\/fotboll\/allsvenskan\/allsvenska-kulisserna-malmo-ff-ville-varva-kalle-karlsson\/\" role=\"link\" rel=\"nofollow noopener\" target=\"_blank\">Ruotsalaislehdet ovat kertoneet<\/a> KuPSin neuvotelleen ainakin <strong class=\"aw-ak79eh KyCXm yle__article__strong\">William Lundinin<\/strong> ja <a class=\"aw-iao6s4 iHOxEa yle__article__link\" href=\"https:\/\/www.aftonbladet.se\/sportbladet\/fotboll\/a\/BxVOA7\/eldar-abdulic-aktuell-for-finska-mastarna-kups\" role=\"link\" rel=\"nofollow noopener\" target=\"_blank\"><strong class=\"aw-ak79eh KyCXm yle__article__strong\">Eldar Abdulicin<\/strong><\/a> kanssa.<\/p>\n<p class=\"aw-1gybjub aw-1p7kakr kEtdKx cEmitX yle__article__paragraph\">Rekrytoinnissa ollaan loppusuoralla. Nimill\u00e4 Bostr\u00f6m ei spekuloi, mutta toivoo asian <a class=\"aw-iao6s4 iHOxEa yle__article__link\" href=\"https:\/\/yle.fi\/a\/7-10089730\" role=\"link\" rel=\"nofollow noopener\" target=\"_blank\">ratkeavan viikon sis\u00e4ll\u00e4<\/a>.<\/p>\n<p class=\"aw-1gybjub aw-1p7kakr kEtdKx cEmitX yle__article__paragraph\">\u2013 Joka p\u00e4iv\u00e4 p\u00e4\u00e4semme l\u00e4hemm\u00e4ksi. Meille sill\u00e4 ei ole mit\u00e4\u00e4n merkityst\u00e4, mist\u00e4 maasta kyseinen henkil\u00f6 tulee. Sill\u00e4 on, ett\u00e4 l\u00f6yd\u00e4mme t\u00e4h\u00e4n seuraan sellaisen valmentajan, jonka haluamme, monissa eri ruotsalaisseuroissa urallaan vaikuttanut Bostr\u00f6m sanoo.<\/p>\n<p class=\"aw-1gybjub aw-1p7kakr kEtdKx cEmitX yle__article__paragraph\">Ruotsista seuraan tuotiin hiljattain vahvistusta pelaajatarkkailuun. Siit\u00e4 KuPSissa vastaa jatkossa aiemmin tukholmalaisessa AIK:ssa vastaavassa roolissa ollut <strong class=\"aw-ak79eh KyCXm yle__article__strong\">Erick B\u00e4gerfeldt<\/strong>.<\/p>\n<p class=\"aw-1gybjub aw-1p7kakr kEtdKx cEmitX yle__article__paragraph\">Ensi kautta rakentaessa tilanne on KuPSissa poikkeuksellinen, sill\u00e4 mahdolliset Konferenssiliigan pudotuspelit alkavat jo helmikuussa. Suomessa pelataan pohjoismaisen kausirytmin mukaisesti, joten pelaajien sopimukset umpeutuvat vuodenvaihteessa.<\/p>\n<p class=\"aw-1gybjub aw-1p7kakr kEtdKx cEmitX yle__article__paragraph\">\u2013 Kaksi asiaa menee rinnakkain, kun k\u00e4ymme tavallaan viel\u00e4 t\u00e4t\u00e4 kautta, mutta mietimme jo ensi kautta monelta kantilta. Europelien s\u00e4\u00e4nn\u00f6t ovat meille pohjoismaisille joukkueille aika kovat.<\/p>\n<p>KuPSin ottelut Konferenssiliigassa<\/p>\n<p class=\"aw-1gybjub aw-1p7kakr kEtdKx cEmitX yle__article__paragraph\">2.10. KuPS \u2013 Drita (Kosovo) <strong class=\"aw-ak79eh KyCXm yle__article__strong\">1\u20131<\/strong><\/p>\n<p class=\"aw-1gybjub aw-1p7kakr kEtdKx cEmitX yle__article__paragraph\">23.10. Breidablik (Islanti) \u2013 KuPS <strong class=\"aw-ak79eh KyCXm yle__article__strong\">0\u20130<\/strong><\/p>\n<p class=\"aw-1gybjub aw-1p7kakr kEtdKx cEmitX yle__article__paragraph\">6.11. KuPS \u2013 Slovan Bratislava (Slovakia) <strong class=\"aw-ak79eh KyCXm yle__article__strong\">3\u20131<\/strong><\/p>\n<p class=\"aw-1gybjub aw-1p7kakr kEtdKx cEmitX yle__article__paragraph\">27.11. Jagiellonia (Puola) \u2013 KuPS <strong class=\"aw-ak79eh KyCXm yle__article__strong\">1\u20130<\/strong><\/p>\n<p class=\"aw-1gybjub aw-1p7kakr kEtdKx cEmitX yle__article__paragraph\">11.12. KuPS \u2013 Lausanne (Sveitsi) <strong class=\"aw-ak79eh KyCXm yle__article__strong\">0\u20130<\/strong><\/p>\n<p class=\"aw-1gybjub aw-1p7kakr kEtdKx cEmitX yle__article__paragraph\">18.12. Crystal Palace (Englanti) \u2013 KuPS<\/p>\n<p class=\"aw-1gybjub aw-1p7kakr kEtdKx cEmitX yle__article__paragraph\">Bostr\u00f6m viittaa Euroopan jalkapalloliitto Uefan s\u00e4\u00e4nt\u00f6\u00f6n, jonka mukaan eurokilpailuiden pudotuspeleihin voi rekister\u00f6id\u00e4 maksimissaan viisi uutta pelaajaa. L\u00e4htij\u00f6it\u00e4 KuPSista on liki varmasti suurempi m\u00e4\u00e4r\u00e4.<\/p>\n<p class=\"aw-1gybjub aw-1p7kakr kEtdKx cEmitX yle__article__paragraph\">\u2013 Uefa saisi tehd\u00e4 jonkinn\u00e4k\u00f6isen s\u00e4\u00e4nt\u00f6muutoksen ja ottaa huomioon, ett\u00e4 Pohjoismaissa pelataan kev\u00e4t-syksy-rytmill\u00e4. Pit\u00e4isi olla poikkeuss\u00e4\u00e4nt\u00f6, jotta meill\u00e4 olisi paremmat mahdollisuudet t\u00e4ydent\u00e4\u00e4 joukkuetta, jos pelaajia l\u00e4htee, Bostr\u00f6m arvostelee.<\/p>\n<p class=\"aw-1gybjub aw-1p7kakr kEtdKx cEmitX yle__article__paragraph\">Kuvaava ennakkotapaus n\u00e4htiin viime vuonna, kun <strong class=\"aw-ak79eh KyCXm yle__article__strong\">Jani Honkavaaran<\/strong> valmentama ruotsalainen Djurg\u00e5rden pelasi Konferenssiliigan pudotuspeleiss\u00e4. Loukkaantumisten riepottelemalla joukkueella oli <a class=\"aw-iao6s4 iHOxEa yle__article__link\" href=\"https:\/\/yle.fi\/a\/74-20154902\" role=\"link\" rel=\"nofollow noopener\" target=\"_blank\">pahimmillaan k\u00e4ytett\u00e4viss\u00e4 vain 14 kentt\u00e4pelaajaa<\/a>, kun uusien rekister\u00f6inti ei ollut mahdollista.<\/p>\n<p><img decoding=\"async\" alt=\"KuPSin faneilla on riitt\u00e4nyt juhlittavaa.\" src=\"https:\/\/www.europesays.com\/fi\/wp-content\/uploads\/2025\/12\/39-1568919693c0f79c8786.jpeg\" loading=\"lazy\" class=\"aw-1l9m598 hKVVvP\"\/><\/p>\n<p>Avaa kuvien katselu<\/p>\n<p>KuPSin kannattajat ovat joutuneet matkustamaan Konferenssiliigan kotipeleihin Tampereelle, sill\u00e4 Kuopion keskuskentt\u00e4 ei t\u00e4yt\u00e4 Uefan vaatimuksia. Kuva: EPA<\/p>\n<p class=\"aw-1gybjub aw-1p7kakr kEtdKx cEmitX yle__article__paragraph\">Jos KuPS venyisi Lontoossa ihmeeseen ja jatkopeleihin, mahdollisuudet pit\u00e4\u00e4 kiinni nykyisen joukkueen avainpelaajista paranisivat. Vaikeaa se lienee joka tapauksessa.<\/p>\n<p class=\"aw-1gybjub aw-1p7kakr kEtdKx cEmitX yle__article__paragraph\">\u2013 On selv\u00e4\u00e4, ett\u00e4 kiinnostus ulkomailta meid\u00e4n pelaajia ja koko seuraa kohtaan on kasvanut. Meit\u00e4 seurataan maailmalta ihan eri tavalla kuin mit\u00e4 kolme vuotta takaperin, Bostr\u00f6m kuvailee.<\/p>\n<p class=\"aw-1gybjub aw-1p7kakr kEtdKx cEmitX yle__article__paragraph\">Erityisesti l\u00e4pimurtopelaaja <strong class=\"aw-ak79eh KyCXm yle__article__strong\">Otto Ruopin<\/strong>, 19, tapauksessa jatkopaikalla Euroopassa voisi olla vaikutusta h\u00e4nen jatkamiseensa seurassa. Ulkomailla kiinnostusta her\u00e4tt\u00e4neell\u00e4 Ruopilla on vuosi sopimusta j\u00e4ljell\u00e4, joten KuPS voisi tienata h\u00e4nest\u00e4 mojovan siirtosumman viel\u00e4 kes\u00e4ll\u00e4kin.<\/p>\n<p class=\"aw-1gybjub aw-1p7kakr kEtdKx cEmitX yle__article__paragraph\">\u2013 Jos jatkopaikka tulee, niin kyll\u00e4 se varmaan vaikuttaa tilanteeseen. Totta kai KuPSin paidassa on aina hieno pelata, mutta jossakin vaiheessa se ulkomaille l\u00e4ht\u00f6 tulee, Ruoppi sanoi Yle Urheilulle torstain Lausanne-ottelun j\u00e4lkeen.<\/p>\n<p>Otto Ruoppi kommentoi sopimustilannettaan.<\/p>\n<p class=\"aw-1gybjub aw-1p7kakr kEtdKx cEmitX yle__article__paragraph\">Parhaassa tapauksessa onnistuminen mahdollisissa Konferenssiliigan pudotuspeleiss\u00e4 voisi nostaa markkina-arvoa. Toinen myyntiarvoltaan merkitt\u00e4v\u00e4 pelaaja KuPSille on guinealaishy\u00f6kk\u00e4\u00e4j\u00e4 <strong class=\"aw-ak79eh KyCXm yle__article__strong\">Mohamed Toure<\/strong>, 20, jolla sopimusta on j\u00e4ljell\u00e4 kaksi vuotta.<\/p>\n<p class=\"aw-1gybjub aw-1p7kakr kEtdKx cEmitX yle__article__paragraph\">Monella KuPSin avainpelaajalla sopimukset loppuvat vuodenvaihteessa. Torstain Lausanne-ottelussa avauskokoonpanossa t\u00e4llaisia pelaajia olivat <strong class=\"aw-ak79eh KyCXm yle__article__strong\">Ibrahim Cisse<\/strong>, <strong class=\"aw-ak79eh KyCXm yle__article__strong\">Samuli Miettinen<\/strong>, <strong class=\"aw-ak79eh KyCXm yle__article__strong\">Jaakko Oksanen<\/strong> ja <strong class=\"aw-ak79eh KyCXm yle__article__strong\">Doni Arifi<\/strong>.<\/p>\n<p class=\"aw-1gybjub aw-1p7kakr kEtdKx cEmitX yle__article__paragraph\">\u2013 En ole miettinyt tulevaisuutta, kun pelej\u00e4 on viel\u00e4 ollut j\u00e4ljell\u00e4. Crystal Palace -pelin j\u00e4lkeen l\u00e4hden lomalle. Silloin varmaan mietin asiaa ja soittelen agentin kanssa, Arifi sanoi Yle Urheilulle.<\/p>\n<p><img decoding=\"async\" alt=\"KuPSin pelaajat muurissa Lausannea vastaan.\" src=\"https:\/\/www.europesays.com\/fi\/wp-content\/uploads\/2025\/12\/39-1568996693c1b8015004.jpeg\" loading=\"lazy\" class=\"aw-1l9m598 hKVVvP\"\/><\/p>\n<p>Avaa kuvien katselu<\/p>\n<p>KuPSin Arifi, Cisse, Miettinen ja Oksanen muurissa, Ruoppi muurin takana. Yksik\u00e4\u00e4n n\u00e4ist\u00e4 pelaajista ei v\u00e4ltt\u00e4m\u00e4tt\u00e4 jatka KuPSissa ensi kaudella. Kuva: EPA<\/p>\n<p class=\"aw-1gybjub aw-1p7kakr kEtdKx cEmitX yle__article__paragraph\">KuPS on Veikkausliiga-kauden j\u00e4lkeen tiedottanut kahdesta merkitt\u00e4v\u00e4st\u00e4 pelaajasopimuksesta. Kapteeni <strong class=\"aw-ak79eh KyCXm yle__article__strong\">Petteri Pennanen<\/strong> allekirjoitti <a class=\"aw-iao6s4 iHOxEa yle__article__link\" href=\"https:\/\/kups.fi\/kapteeni-jatkaa-kotikaupungissaan-petteri-pennanen-ja-kups-sopimukseen-kahdesta-kaudesta\/\" role=\"link\" rel=\"nofollow noopener\" target=\"_blank\">kahden vuoden jatkopahvin<\/a>. Uutena hankintana <a class=\"aw-iao6s4 iHOxEa yle__article__link\" href=\"https:\/\/kups.fi\/valentin-roman-gasc-liittyy-kupsiin-veikkausliigan-tahtipelaaja-vahvistaa-keltamustaa-keskikenttaa\/\" role=\"link\" rel=\"nofollow noopener\" target=\"_blank\">KuPS v\u00e4rv\u00e4si<\/a> Veikkausliigan eliittiin SJK:ssa nousseen argentiinalaisen <strong class=\"aw-ak79eh KyCXm yle__article__strong\">Valentin Gascin<\/strong>.<\/p>\n<p class=\"aw-1gybjub aw-1p7kakr kEtdKx cEmitX yle__article__paragraph\">Kuopiolaisten kuluvan vuoden huipennus on edess\u00e4 Crystal Palacen vieraana Lontoossa ensi torstaina. Voitto veisi KuPSin varmasti jatkopeleihin. Tasapeli voi riitt\u00e4\u00e4, jos muut ottelut menev\u00e4t sopivasti ristiin.<\/p>\n","protected":false},"excerpt":{"rendered":"Kuopion Palloseuran palkintokaappi on t\u00e4yttynyt kahdella per\u00e4tt\u00e4isell\u00e4 Suomen mestaruudella. Pankkitilille t\u00e4ytett\u00e4 on tullut europelimenestyksell\u00e4, jollaista Kuopiossa ei ole&hellip;\n","protected":false},"author":2,"featured_media":114891,"comment_status":"","ping_status":"","sticky":false,"template":"","format":"standard","meta":{"footnotes":""},"categories":[158],"tags":[8806,33,31,30,43,2654,3300,3299,19582,159,32,160,4846,45],"class_list":{"0":"post-114890","1":"post","2":"type-post","3":"status-publish","4":"format-standard","5":"has-post-thumbnail","7":"category-urheilu","8":"tag-euroopan-jalkapalloliitto","9":"tag-fi","10":"tag-finland","11":"tag-finnish","12":"tag-jalkapallo","13":"tag-jalkapallovalmentaja","14":"tag-kotimaan-jalkapallo","15":"tag-kuopion-palloseura","16":"tag-sixten-bostrom","17":"tag-sports","18":"tag-suomi","19":"tag-urheilu","20":"tag-urheilujohtajat","21":"tag-veikkausliiga"},"share_on_mastodon":{"url":"https:\/\/pubeurope.com\/@fi\/115709235196094054","error":""},"_links":{"self":[{"href":"https:\/\/www.europesays.com\/fi\/wp-json\/wp\/v2\/posts\/114890","targetHints":{"allow":["GET"]}}],"collection":[{"href":"https:\/\/www.europesays.com\/fi\/wp-json\/wp\/v2\/posts"}],"about":[{"href":"https:\/\/www.europesays.com\/fi\/wp-json\/wp\/v2\/types\/post"}],"author":[{"embeddable":true,"href":"https:\/\/www.europesays.com\/fi\/wp-json\/wp\/v2\/users\/2"}],"replies":[{"embeddable":true,"href":"https:\/\/www.europesays.com\/fi\/wp-json\/wp\/v2\/comments?post=114890"}],"version-history":[{"count":0,"href":"https:\/\/www.europesays.com\/fi\/wp-json\/wp\/v2\/posts\/114890\/revisions"}],"wp:featuredmedia":[{"embeddable":true,"href":"https:\/\/www.europesays.com\/fi\/wp-json\/wp\/v2\/media\/114891"}],"wp:attachment":[{"href":"https:\/\/www.europesays.com\/fi\/wp-json\/wp\/v2\/media?parent=114890"}],"wp:term":[{"taxonomy":"category","embeddable":true,"href":"https:\/\/www.europesays.com\/fi\/wp-json\/wp\/v2\/categories?post=114890"},{"taxonomy":"post_tag","embeddable":true,"href":"https:\/\/www.europesays.com\/fi\/wp-json\/wp\/v2\/tags?post=114890"}],"curies":[{"name":"wp","href":"https:\/\/api.w.org\/{rel}","templated":true}]}}