{"id":114900,"date":"2025-12-12T23:57:10","date_gmt":"2025-12-12T23:57:10","guid":{"rendered":"https:\/\/www.europesays.com\/fi\/114900\/"},"modified":"2025-12-12T23:57:10","modified_gmt":"2025-12-12T23:57:10","slug":"nikki-taifuun-maan-puolustajat-sarjassa-julkkiskaunottaren-selviytyminen-luonnossa","status":"publish","type":"post","link":"https:\/\/www.europesays.com\/fi\/114900\/","title":{"rendered":"Nikki Taifuun Maan puolustajat -sarjassa: Julkkiskaunottaren selviytyminen luonnossa"},"content":{"rendered":"<p>\n            Nikki Taifuuni, Maan puolustajat<br \/>\n            Johanna Kannasmaa\/Yle\n        <\/p>\n<p class=\"subtitle \">Nikki Taifuun on mukana Maan puolustajat -sarjassa. Siin\u00e4 saadaan seurata, kun julkkiskaunotar laitetaan er\u00e4maan armoille.<\/p>\n<p class=\"article-content article-content-width !bg-background\"> yhdistetty tv:st\u00e4 tuttu kaunotar  on mukana uudessa Ylen Maan puolustajat -sarjassa.\u00a0<\/p>\n<p class=\"font-weight-bold m-font-weight-bold article-content article-content-width !bg-background\">Erikoisjoukot-Jan ja Nikki viihtyv\u00e4t yhdess\u00e4. T\u00e4m\u00e4 julkkiskaunottaresta tiedet\u00e4\u00e4n.\u00a0<\/p>\n<p class=\"article-content article-content-width !bg-background\">Seiska kertoi, ett\u00e4 kaksikko olisi viihtynyt kesken\u00e4\u00e4n jo noin vuoden ajan. Jan on ollut tahoillaan naimisissa vaimonsa kanssa vuodesta 2008.<\/p>\n<p class=\"article-content article-content-width !bg-background\">Seiskan l\u00e4hde kertoi, ett\u00e4 Jan on auttanut Nikki\u00e4 valmistautumaan\u00a0Maan puolustajat\u00a0-sarjaan. Nikki on tullut tv-sis\u00e4ll\u00f6n kuluttajille tutuksi jo vuonna 2023, kun Yle Urheilu esitti h\u00e4nest\u00e4\u00a0Nikki Rides Bikes\u00a0-ohjelman, jossa seurattiin Nikkin py\u00f6r\u00e4ilyharrastusta.<\/p>\n<p>        <a itemprop=\"url\" href=\"https:\/\/www.seiska.fi\/vain-seiskassa\/erikoisjoukot-tahti-jan-knutti-ja-nikki-taifuun-viihtyvat-yhdessa-tama-julkkiskaunottaresta-tiedetaan\/1934091\" rel=\"nofollow noopener\" target=\"_blank\"><\/p>\n<p>\nErikoisjoukot-Jan Knutti ja Nikki Taifuun viihtyv\u00e4t yhdess\u00e4\n<\/p>\n<p class=\"section-date\">\n        <strong class=\"article-section\" data-section=\"vain seiskassa\"><br \/>\n            vain seiskassa<br \/>\n        <\/strong><br \/>\n        3.10. 05:30\n    <\/p>\n<p>Erikoisjoukot-t\u00e4hti Jan Knutti ja Nikki Taifuun viihtyv\u00e4t yhdess\u00e4 \u2013 t\u00e4m\u00e4 julkkiskaunottaresta tiedet\u00e4\u00e4n\n    <\/p>\n<p itemprop=\"description\" class=\"subtitle \">\n    Seiska paljastaa Janin kanssa viihtyneen kaunottaren taustat.\n<\/p>\n<p>        <\/a><\/p>\n<p>                <img decoding=\"async\" src=\"https:\/\/www.europesays.com\/fi\/wp-content\/uploads\/2025\/12\/1946974.webp\" width=\"576\" height=\"274\" title=\"Nikki on viihtynyt jo tovin Erikoisjoukoista tutun k\u00f6nsikk\u00e4\u00e4n kanssa.\" alt=\"Nikki Taifuun ja Jan Knutti\" loading=\"lazy\" \/>            <\/p>\n<p>\n            Nikki on viihtynyt jo tovin Erikoisjoukoista tutun k\u00f6nsikk\u00e4\u00e4n kanssa.<br \/>\n            Atte Kajova\n        <\/p>\n<p>&#8221;Kaupunkilainen kermaperse&#8221;<\/p>\n<p class=\"article-content article-content-width !bg-background\">Nikki kertoo uudessa Maan puolustajat -sarjassa, ett\u00e4 haluaa puolustaa is\u00e4nmaataan.<\/p>\n<p class=\"article-content article-content-width !bg-background\">Nikki her\u00e4si asiaan vuonna 2022, kun Ukrainassa syttyi sota. Nikkill\u00e4 on maassa yst\u00e4vi\u00e4 ja se toi tilanteen h\u00e4nt\u00e4 entist\u00e4 l\u00e4hemm\u00e4ksi.<\/p>\n<p class=\"article-content article-content-width !bg-background\">Nikki harmittelee, ettei ole k\u00e4ynyt armeijaa. 18-vuotiaana h\u00e4nt\u00e4 ei asia kiinnostanut.<\/p>\n<p class=\"article-content article-content-width !bg-background\">\u2013 Voin my\u00f6nt\u00e4\u00e4, ett\u00e4 m\u00e4 oon kaupunkilainen kermaperse. Tajusin, ett\u00e4 mun tiet\u00e4m\u00e4tt\u00f6myys voi koitua mun kohtaloksi, Nikki toteaa sarjassa.<\/p>\n<p>        <a itemprop=\"url\" href=\"https:\/\/www.seiska.fi\/katso\/jan-knuttiin-yhdistetty-julkkiskaunotar-mukana-uutuussarjassa-haaveilee-konekivaarista\/2012218\" rel=\"nofollow noopener\" target=\"_blank\"><\/p>\n<p>\nErikoisjoukot-t\u00e4hteen yhdistetty julkkiskaunotar\n<\/p>\n<p class=\"section-date\">\n        <strong class=\"article-section\" data-section=\"katso\"><br \/>\n            katso<br \/>\n        <\/strong><br \/>\n        5.12. 09:15\n    <\/p>\n<p>Jan Knuttiin yhdistetty julkkiskaunotar mukana uutuussarjassa \u2013 haaveilee konekiv\u00e4\u00e4rist\u00e4\n    <\/p>\n<p itemprop=\"description\" class=\"subtitle \">\n    Nikki Taifuun on yhdistetty Erikoisjoukot-kouluttaja Jan Knuttiin.\n<\/p>\n<p>        <\/a><\/p>\n<p>                <img decoding=\"async\" src=\"https:\/\/www.europesays.com\/fi\/wp-content\/uploads\/2025\/12\/2012223.webp\" width=\"576\" height=\"447\" alt=\"Nikki Taifuun harjoittelee erilaisia taitoja Maan puolustajat -sarjassa.\" loading=\"lazy\" \/>            <\/p>\n<p>\n            Nikki Taifuun harjoittelee erilaisia taitoja Maan puolustajat -sarjassa.<br \/>\n            Johanna Kannasmaa\/Yle\n        <\/p>\n<p class=\"article-content article-content-width !bg-background\">Ohjelmassa n\u00e4hd\u00e4\u00e4n, kuinka SRA:n lis\u00e4ksi Nikki harjoittelee mets\u00e4stystaitojaan kuin selviytymist\u00e4 mets\u00e4ss\u00e4.<\/p>\n<p class=\"article-content article-content-width !bg-background\">Nikki osallistuu y\u00f6n yli kest\u00e4v\u00e4lle selviytymiskurssille. H\u00e4net laitetaan mets\u00e4\u00e4n y\u00f6ksi ilman vett\u00e4 ja ruokaa.<\/p>\n<p>        <a itemprop=\"url\" href=\"https:\/\/www.seiska.fi\/kotimaa\/erikoisjoukot-jan-knuttiin-yhdistetty-tv-kaunotar-paljasti-ilouutisen\/1983863\" rel=\"nofollow noopener\" target=\"_blank\"><\/p>\n<p>\nErikoisjoukot-Jan Knuttiin yhdistetty tv-kaunotar\n<\/p>\n<p class=\"section-date\">\n        <strong class=\"article-section\" data-section=\"kotimaa\"><br \/>\n            kotimaa<br \/>\n        <\/strong><br \/>\n        5.11. 17:30\n    <\/p>\n<p>Erikoisjoukot-Jan Knuttiin yhdistetty tv-kaunotar paljasti ilouutisen\n    <\/p>\n<p itemprop=\"description\" class=\"subtitle \">\n    Nikki Taifuun vaikuttaa olevan eritt\u00e4in innostunut tulevasta.\n<\/p>\n<p>        <\/a><\/p>\n<p>Miss\u00e4 k\u00e4yd\u00e4 pissalla?<\/p>\n<p class=\"article-content article-content-width !bg-background\">Ensiksi Nikki joutuu ylitt\u00e4m\u00e4\u00e4n kapean vesist\u00f6n p\u00e4\u00e4st\u00e4kseen m\u00e4\u00e4r\u00e4np\u00e4\u00e4h\u00e4n. H\u00e4n joutuu riisumaan vaatteet pois ja laittamaan omaisuutensa sadetakkiin. Sadetakissa on reiki\u00e4.<\/p>\n<p class=\"article-content article-content-width !bg-background\">Vesi on ruskeaa. Nikki\u00e4 inhottaa:<\/p>\n<p class=\"article-content article-content-width !bg-background\">\u2013 Hyi, Nikki toteaa.<\/p>\n<p class=\"article-content article-content-width !bg-background\">Leiriss\u00e4 Nikki tajuaa tehneens\u00e4 virheen. H\u00e4n on ottanut tyhj\u00e4n vesipullon mukaan, kun se olisi pit\u00e4nyt t\u00e4ytt\u00e4\u00e4.<\/p>\n<p class=\"article-content article-content-width !bg-background\">\u2013 M\u00e4 en ottanut vett\u00e4 mukaan, kun luulin, ett\u00e4 me haemme sit\u00e4.<\/p>\n<p class=\"article-content article-content-width !bg-background\">My\u00f6s muita ongelmia koituu. Sadeviitasta kyh\u00e4tty suoja ei toimita teht\u00e4v\u00e4\u00e4ns\u00e4. Nikki ei my\u00f6sk\u00e4\u00e4n tied\u00e4, miss\u00e4 k\u00e4visi vessassa.<\/p>\n<p class=\"article-content article-content-width !bg-background\">\u2013 Sit\u00e4 ei kukaan kertonut, ett\u00e4 miss\u00e4 voin k\u00e4yd\u00e4 pissalla ja kakalla.<\/p>\n<p class=\"italic m-italic article-content article-content-width !bg-background\">Maan puolustajat katsottavissa Yle Areenassa. 25.12. alkaen TV2-kanavalla.\u00a0<\/p>\n<p>        <a itemprop=\"url\" href=\"https:\/\/www.seiska.fi\/kotimaa\/erikoisjoukot-kouluttaja-vauva-tulossa\/1988231\" rel=\"nofollow noopener\" target=\"_blank\"><\/p>\n<p>\nErikoisjoukot-kouluttaja:\n<\/p>\n<p class=\"section-date\">\n        <strong class=\"article-section\" data-section=\"kotimaa\"><br \/>\n            kotimaa<br \/>\n        <\/strong><br \/>\n        10.11. 08:29\n    <\/p>\n<p>Erikoisjoukot-kouluttaja: vauva tulossa!\n    <\/p>\n<p itemprop=\"description\" class=\"subtitle \">\n    Hittisarjan k\u00f6nsik\u00e4s saa perheenlis\u00e4yst\u00e4.\n<\/p>\n<p>        <\/a><\/p>\n","protected":false},"excerpt":{"rendered":"Nikki Taifuuni, Maan puolustajat Johanna Kannasmaa\/Yle Nikki Taifuun on mukana Maan puolustajat -sarjassa. Siin\u00e4 saadaan seurata, kun julkkiskaunotar&hellip;\n","protected":false},"author":2,"featured_media":114901,"comment_status":"","ping_status":"","sticky":false,"template":"","format":"standard","meta":{"footnotes":""},"categories":[136],"tags":[407,137,2159,33,31,30,2160,408,12813,12623,1151,2397,21055,21054,6513,32,918,109,913],"class_list":{"0":"post-114900","1":"post","2":"type-post","3":"status-publish","4":"format-standard","5":"has-post-thumbnail","7":"category-julkkikset","8":"tag-celebrities","9":"tag-entertainment","10":"tag-erikoisjoukot","11":"tag-fi","12":"tag-finland","13":"tag-finnish","14":"tag-jan-knutti","15":"tag-julkkikset","16":"tag-maan-puolustajat","17":"tag-nikki-taifuun","18":"tag-ohjelma","19":"tag-seiska","20":"tag-selviytymiskurssi","21":"tag-suhdehuhu","22":"tag-suhdehuhut","23":"tag-suomi","24":"tag-tv2","25":"tag-viihde","26":"tag-yle-areena"},"share_on_mastodon":{"url":"https:\/\/pubeurope.com\/@fi\/115709309571835365","error":""},"_links":{"self":[{"href":"https:\/\/www.europesays.com\/fi\/wp-json\/wp\/v2\/posts\/114900","targetHints":{"allow":["GET"]}}],"collection":[{"href":"https:\/\/www.europesays.com\/fi\/wp-json\/wp\/v2\/posts"}],"about":[{"href":"https:\/\/www.europesays.com\/fi\/wp-json\/wp\/v2\/types\/post"}],"author":[{"embeddable":true,"href":"https:\/\/www.europesays.com\/fi\/wp-json\/wp\/v2\/users\/2"}],"replies":[{"embeddable":true,"href":"https:\/\/www.europesays.com\/fi\/wp-json\/wp\/v2\/comments?post=114900"}],"version-history":[{"count":0,"href":"https:\/\/www.europesays.com\/fi\/wp-json\/wp\/v2\/posts\/114900\/revisions"}],"wp:featuredmedia":[{"embeddable":true,"href":"https:\/\/www.europesays.com\/fi\/wp-json\/wp\/v2\/media\/114901"}],"wp:attachment":[{"href":"https:\/\/www.europesays.com\/fi\/wp-json\/wp\/v2\/media?parent=114900"}],"wp:term":[{"taxonomy":"category","embeddable":true,"href":"https:\/\/www.europesays.com\/fi\/wp-json\/wp\/v2\/categories?post=114900"},{"taxonomy":"post_tag","embeddable":true,"href":"https:\/\/www.europesays.com\/fi\/wp-json\/wp\/v2\/tags?post=114900"}],"curies":[{"name":"wp","href":"https:\/\/api.w.org\/{rel}","templated":true}]}}