{"id":114912,"date":"2025-12-13T00:24:21","date_gmt":"2025-12-13T00:24:21","guid":{"rendered":"https:\/\/www.europesays.com\/fi\/114912\/"},"modified":"2025-12-13T00:24:21","modified_gmt":"2025-12-13T00:24:21","slug":"lahiobotox-african-metal-tour-lahiobotoxin-kiertue-vie-viki-konssin-eli-seksikkaan-suklaan-synnyinmaahansa","status":"publish","type":"post","link":"https:\/\/www.europesays.com\/fi\/114912\/","title":{"rendered":"L\u00e4hi\u00f6botox: African Metal Tour \u2013 L\u00e4hi\u00f6botoxin kiertue vie Viki Konssin eli Seksikk\u00e4\u00e4n-Suklaan synnyinmaahansa"},"content":{"rendered":"<p>            Aslak Junttu\n        <\/p>\n<p class=\"subtitle \">Sarja seuraa L\u00e4hi\u00f6botoxin keikkareissua Angolaan, miss\u00e4 laulaja \u201dViki\u201d Konssi eli Seksik\u00e4s-Suklaa tapaa sukuaan oltuaan heist\u00e4 erossa 20 vuotta.<\/p>\n<p class=\"article-content article-content-width !bg-background\">TV2:lla 12. joulukuuta uusintana alkava alkuper\u00e4issarja L\u00e4hi\u00f6botox: African Metal Tour on koskettava yst\u00e4vyyden t\u00e4yteinen roadtrip, joka kertoo my\u00f6s omien juurien merkityksest\u00e4 sek\u00e4 musiikin rajat ylitt\u00e4v\u00e4st\u00e4 voimasta.<\/p>\n<p>B\u00e4ndi kulkee rinnalla<\/p>\n<p class=\"article-content article-content-width !bg-background\">Kuusiosaisen L\u00e4hi\u00f6botox: African Metal Tour -sarjan p\u00e4\u00e4osassa esiintyy  eli , joka on toinen L\u00e4hi\u00f6botoxin vokalisteista. H\u00e4n odotti j\u00e4nnityksell\u00e4, kuinka ohjelma otetaan vastaan.<\/p>\n<p class=\"article-content article-content-width !bg-background\">\u2013 Oon yritt\u00e4nyt valmistautua dokkarin julkaisuun, kun se paljastaa musta enemm\u00e4n. Ihmiset p\u00e4\u00e4sev\u00e4t tutustumaan muhun syv\u00e4llisemmin. Ei moni oikeastaan tunne mua silleen, vaikka luulee tuntevansa. Sarja n\u00e4ytt\u00e4\u00e4, kuka m\u00e4 oikeasti oon. Tykk\u00e4\u00e4n jeesata tyyppej\u00e4, mutta kaikkia ei pysty pelastaa, Viki Konssi kertoi Katsolle ennen sarjan julkaisua.<\/p>\n<p>        <a itemprop=\"url\" href=\"https:\/\/www.seiska.fi\/katso\/lauri-huttunen-uusi-projekti-paljastui\/2011562\" rel=\"nofollow noopener\" target=\"_blank\"><\/p>\n<p>\nLauri Huttunen\n<\/p>\n<p class=\"section-date\">\n        <strong class=\"article-section\" data-section=\"katso\"><br \/>\n            katso<br \/>\n        <\/strong><br \/>\n        4.12. 12:50\n    <\/p>\n<p>Lauri Huttunen: Uusi projekti paljastui\n    <\/p>\n<p itemprop=\"description\" class=\"subtitle \">\n    Latelan Lauri Huttunen n\u00e4hd\u00e4\u00e4n j\u00e4lleen televisiossa, mutta remontti saa t\u00e4ll\u00e4 kertaa j\u00e4\u00e4d\u00e4.\n<\/p>\n<p>        <\/a><\/p>\n<p class=\"article-content article-content-width !bg-background\">Vikin lis\u00e4ksi sarjassa tavataan koko rapmetal-b\u00e4ndin porukka. L\u00e4hi\u00f6botoxissa laulaa ja r\u00e4pp\u00e4\u00e4 my\u00f6s  eli . Yhtyeess\u00e4 soittavat kitaristit  ja , basisti  ja . Mukana reissaa \u00e4\u00e4niteknikko .<\/p>\n<p>                <img decoding=\"async\" src=\"https:\/\/www.europesays.com\/fi\/wp-content\/uploads\/2025\/12\/1301833.webp\" width=\"576\" height=\"274\" alt=\"Angolastakin l\u00f6ytyy metallimusiikin yst\u00e4vi\u00e4.\" loading=\"lazy\" \/>            <\/p>\n<p>\n            Angolastakin l\u00f6ytyy metallimusiikin yst\u00e4vi\u00e4.<br \/>\n            Mediawan Finland Oy \/ Yle\n        <\/p>\n<p>Pikkarit vaarassa<\/p>\n<p class=\"article-content article-content-width !bg-background\">Vikin el\u00e4m\u00e4npolku on kulkenut sis\u00e4llissodan repim\u00e4st\u00e4 Angolasta perni\u00f6l\u00e4iseen vastaanottokeskukseen ja suomalaisen miehen mielenmaisemaan. Viki muutti Suomeen \u00e4itins\u00e4 ja sisarustensa kanssa 9-vuotiaana, eik\u00e4 ole sen j\u00e4lkeen vieraillut synnyinmaassaan.<\/p>\n<p class=\"no_italic m-no_italic article-content article-content-width !bg-background\">\u2013 M\u00e4 luulen olevani kotoisin oikeasti Suomesta, koska m\u00e4 mietin asioita niin kuin suomalainen. Mutta m\u00e4 my\u00f6s koen olevani angolalainen, Viki pohtii sarjan L\u00e4hi\u00f6botox: African Metal Tour\u00a0-sarjan alussa.<\/p>\n<p>        <a itemprop=\"url\" href=\"https:\/\/www.seiska.fi\/katso\/emmerdalen-juonipaljastukset-pitkaaikainen-hahmo-menehtyy\/2009705\" rel=\"nofollow noopener\" target=\"_blank\"><\/p>\n<p>\nEmmerdalen juonipaljastukset\n<\/p>\n<p class=\"section-date\">\n        <strong class=\"article-section\" data-section=\"katso\"><br \/>\n            katso<br \/>\n        <\/strong><br \/>\n        3.12. 07:15\n    <\/p>\n<p>Emmerdalen juonipaljastukset: Pitk\u00e4aikainen hahmo menehtyy!\n    <\/p>\n<p itemprop=\"description\" class=\"subtitle \">\n    Ensi viikolla Emmerdalen kyll\u00e4 j\u00e4rkytt\u00e4\u00e4 iso suru-uutinen.\n<\/p>\n<p>        <\/a><\/p>\n<p class=\"article-content article-content-width !bg-background\">Viki l\u00e4htee ensimm\u00e4isen\u00e4 reissuun ja katsastaa turneen keikkapaikat ennakkoon. Sarjan toisessa osassa Viki muistelee k\u00e4yneens\u00e4 gheton torilla lapsena perheen kanssa. Paikalliset eiv\u00e4t suosittele uutta visiitti\u00e4.<\/p>\n<p class=\"article-content article-content-width !bg-background\">\u2013 Sulle voi k\u00e4yd\u00e4 aika hassusti. Sulta p\u00f6llit\u00e4\u00e4n puhelin, housut ja pikkarit. Mink\u00e4laisia varkaita nekin ovat, Viki vitsailee dokumenttisarjassa.<\/p>\n<p>Huumorimiehen toinen puoli<\/p>\n<p class=\"article-content article-content-width !bg-background\">Musiikin lis\u00e4ksi hulvattomasta huumoristaan, sketsivideoistaan ja useista tv-sarjoista (Selviytyj\u00e4t Suomi, Farmi Suomi) tuttu Viki n\u00e4ytt\u00e4\u00e4 dokumenttisarjassa itsest\u00e4\u00e4n herkemm\u00e4n puolen.<\/p>\n<p class=\"article-content article-content-width !bg-background\">\u2013 Oli hyv\u00e4 ja mieleenpainuva reissu. P\u00e4\u00e4sin tutustumaan omaan perheeseeni 20 vuoden j\u00e4lkeen, Viki kuvailee Katsolle.<\/p>\n<p class=\"article-content article-content-width !bg-background\">Tunteet ovat pinnassa, kun Viki tapaa is\u00e4ns\u00e4, vierailee \u00e4itins\u00e4 haudalla ja kohtaa Angolaan j\u00e4\u00e4neet sukulaisensa pitk\u00e4n tauon j\u00e4lkeen. B\u00e4ndikaverit ymm\u00e4rt\u00e4v\u00e4t matkan merkityksen, ovat Vikin tukena ja herkistyv\u00e4t samalla itsekin, eiv\u00e4tk\u00e4 kyyneleet ole kaukana.<\/p>\n<p class=\"article-content article-content-width !bg-background\">\u2013 M\u00e4 en tule ikin\u00e4 unohtamaan t\u00e4t\u00e4 p\u00e4iv\u00e4\u00e4, Hanad Hassan eli Dosdela kommentoi kyl\u00e4ily\u00e4 Vikin perheen luona.<\/p>\n<p class=\"article-content article-content-width !bg-background\"> <a href=\"https:\/\/www.seiska.fi\/katso\/emmerdale-kaunotar-jattaa-sarjan-aviomies-loytyi-tuotannosta\/1299136\" rel=\"nofollow noopener\" target=\"_blank\"><strong>Emmerdale-kaunotar j\u00e4tt\u00e4\u00e4 sarjan \u2013 aviomies l\u00f6ytyi tuotannosta<\/strong><\/a> <\/p>\n<p>                <img decoding=\"async\" src=\"https:\/\/www.europesays.com\/fi\/wp-content\/uploads\/2025\/12\/1301806.webp\" width=\"576\" height=\"274\" alt=\"Matkaan mahtuu monta liikutuksen hetke\u00e4, kuten siskon kohtaaminen.\" loading=\"lazy\" \/>            <\/p>\n<p>\n            Matkaan mahtuu monta liikutuksen hetke\u00e4, kuten siskon kohtaaminen.<br \/>\n            Mediawan Finland Oy \/ Yle\n        <\/p>\n<p>Nautitaan el\u00e4m\u00e4st\u00e4<\/p>\n<p class=\"article-content article-content-width !bg-background\">Metallimusiikki vetoaa tunnetusti suomalaisiin, mutta my\u00f6s Afrikasta l\u00f6ytyy yll\u00e4tt\u00e4en heavymetallin ja raskaamman rockin yst\u00e4vi\u00e4.<\/p>\n<p class=\"article-content article-content-width !bg-background\">\u2013 Esiintyminen oli samanlaista ja samalla erilaista. Keikalla oli tosi paljon energiaa. Yleis\u00f6 ei osannut suomea, joten piti v\u00e4h\u00e4n improvisoida. Vaati paljon, ett\u00e4 sai yleis\u00f6n messiin. Kyll\u00e4 he diggasivat, Viki kuvailee.<\/p>\n<p>        <a itemprop=\"url\" href=\"https:\/\/www.seiska.fi\/katso\/tiesitko-munkkivuori-lapsitahti-on-erikoisen-taiteilijaperheen-kasvatti\/1997192\" rel=\"nofollow noopener\" target=\"_blank\"><\/p>\n<p>\nMunkkivuori-lapsit\u00e4hti\n<\/p>\n<p class=\"section-date\">\n        <strong class=\"article-section\" data-section=\"katso\"><br \/>\n            katso<br \/>\n        <\/strong><br \/>\n        3.12. 12:15\n    <\/p>\n<p>Tiesitk\u00f6? Munkkivuori-lapsit\u00e4hti on erikoisen taiteilijaperheen kasvatti\n    <\/p>\n<p itemprop=\"description\" class=\"subtitle \">\n    Yksi lapsin\u00e4yttelij\u00e4n esikuvista on oma taikuri-is\u00e4.\n<\/p>\n<p>        <\/a><\/p>\n<p class=\"article-content article-content-width !bg-background\">Angolasta l\u00f6ytyy eriarvoisuutta, mutta asenne el\u00e4m\u00e4\u00e4n on keve\u00e4mpi kuin Suomessa.<\/p>\n<p class=\"article-content article-content-width !bg-background\">\u2013 Angolassa parasta on positiivisuus. Ihmiset nauttivat el\u00e4m\u00e4st\u00e4. Suomessa stressataan enemm\u00e4n kuin nautitaan. Siell\u00e4 n\u00e4kyi, ett\u00e4 jokainen nautti.<\/p>\n<p class=\"article-content article-content-width !bg-background\">Suomessa riitt\u00e4\u00e4 puolestaan mahdollisuuksia.<\/p>\n<p class=\"article-content article-content-width !bg-background\">\u2013 Vaikea sanoa, mik\u00e4 Suomessa on parasta, kun l\u00f6ytyy niin monta asiaa. Varmaan se, ett\u00e4 jokaisella on t\u00e4\u00e4ll\u00e4 mahdollisuuksia tehd\u00e4 asioita ja kehitt\u00e4\u00e4 itse\u00e4\u00e4n. Kaikkialla ei ole niin, Viki muistuttaa.<\/p>\n<p>                <img decoding=\"async\" src=\"https:\/\/www.europesays.com\/fi\/wp-content\/uploads\/2025\/12\/1301871.webp\" width=\"576\" height=\"274\" alt=\"Afrikan turneella n\u00e4hd\u00e4\u00e4n L\u00e4hi\u00f6botoxin ensimm\u00e4iset ulkomaankeikat.\" loading=\"lazy\" \/>            <\/p>\n<p>\n            Afrikan turneella n\u00e4hd\u00e4\u00e4n L\u00e4hi\u00f6botoxin ensimm\u00e4iset ulkomaankeikat.<br \/>\n            Mediawan Finland Oy \/ Yle\n        <\/p>\n<p class=\"italic m-italic article-content article-content-width !bg-background\">L\u00e4hi\u00f6botox: African Metal Tour -sarja uusitaan TV2:lla 12.12. alkaen my\u00f6h\u00e4isillassa. Sarja on katsottavissa my\u00f6s Yle Areenassa.<\/p>\n<p class=\"italic m-italic article-content article-content-width !bg-background\"> Juttu on julkaistu alun perin Katso.fi:ss\u00e4\u00a024.3.2024. <\/p>\n<p>        <a itemprop=\"url\" href=\"https:\/\/www.seiska.fi\/katso\/salatut-elamat-nayttelijakomistus-tekee-yllatyspaluun\/2005621\" rel=\"nofollow noopener\" target=\"_blank\"><\/p>\n<p>\nSalatut el\u00e4mt\u00e4\n<\/p>\n<p class=\"section-date\">\n        <strong class=\"article-section\" data-section=\"katso\"><br \/>\n            katso<br \/>\n        <\/strong><br \/>\n        10.12. 05:15\n    <\/p>\n<p>Salatut el\u00e4m\u00e4t: N\u00e4yttelij\u00e4komistus tekee yll\u00e4tyspaluun!\n    <\/p>\n<p itemprop=\"description\" class=\"subtitle \">\n    Salatut el\u00e4m\u00e4t -sarjaan palaa tuttu kasvo.\n<\/p>\n<p>        <\/a><\/p>\n","protected":false},"excerpt":{"rendered":"Aslak Junttu Sarja seuraa L\u00e4hi\u00f6botoxin keikkareissua Angolaan, miss\u00e4 laulaja \u201dViki\u201d Konssi eli Seksik\u00e4s-Suklaa tapaa sukuaan oltuaan heist\u00e4 erossa&hellip;\n","protected":false},"author":2,"featured_media":114913,"comment_status":"","ping_status":"","sticky":false,"template":"","format":"standard","meta":{"footnotes":""},"categories":[136],"tags":[21063,407,10255,21062,137,33,31,30,6567,21061,101,21060,408,4599,21058,21059,47,98,21057,4597,32,21056,109,4598,1149,913],"class_list":{"0":"post-114912","1":"post","2":"type-post","3":"status-publish","4":"format-standard","5":"has-post-thumbnail","7":"category-julkkikset","8":"tag-angola","9":"tag-celebrities","10":"tag-dokumenttisarjat","11":"tag-dosdela","12":"tag-entertainment","13":"tag-fi","14":"tag-finland","15":"tag-finnish","16":"tag-hanad-hassan","17":"tag-harto-haukkaluoma","18":"tag-ihmissuhteet","19":"tag-juho-rantanen","20":"tag-julkkikset","21":"tag-lahiobotox","22":"tag-lahiobotox-african-metal-tour","23":"tag-lauri-ojala","24":"tag-musiikki","25":"tag-perhe","26":"tag-samuli-peurala","27":"tag-seksikas-suklaa","28":"tag-suomi","29":"tag-tapio-wilska","30":"tag-viihde","31":"tag-viki-konssi","32":"tag-yle","33":"tag-yle-areena"},"share_on_mastodon":{"url":"https:\/\/pubeurope.com\/@fi\/115709416074626561","error":""},"_links":{"self":[{"href":"https:\/\/www.europesays.com\/fi\/wp-json\/wp\/v2\/posts\/114912","targetHints":{"allow":["GET"]}}],"collection":[{"href":"https:\/\/www.europesays.com\/fi\/wp-json\/wp\/v2\/posts"}],"about":[{"href":"https:\/\/www.europesays.com\/fi\/wp-json\/wp\/v2\/types\/post"}],"author":[{"embeddable":true,"href":"https:\/\/www.europesays.com\/fi\/wp-json\/wp\/v2\/users\/2"}],"replies":[{"embeddable":true,"href":"https:\/\/www.europesays.com\/fi\/wp-json\/wp\/v2\/comments?post=114912"}],"version-history":[{"count":0,"href":"https:\/\/www.europesays.com\/fi\/wp-json\/wp\/v2\/posts\/114912\/revisions"}],"wp:featuredmedia":[{"embeddable":true,"href":"https:\/\/www.europesays.com\/fi\/wp-json\/wp\/v2\/media\/114913"}],"wp:attachment":[{"href":"https:\/\/www.europesays.com\/fi\/wp-json\/wp\/v2\/media?parent=114912"}],"wp:term":[{"taxonomy":"category","embeddable":true,"href":"https:\/\/www.europesays.com\/fi\/wp-json\/wp\/v2\/categories?post=114912"},{"taxonomy":"post_tag","embeddable":true,"href":"https:\/\/www.europesays.com\/fi\/wp-json\/wp\/v2\/tags?post=114912"}],"curies":[{"name":"wp","href":"https:\/\/api.w.org\/{rel}","templated":true}]}}