{"id":114924,"date":"2025-12-13T00:50:13","date_gmt":"2025-12-13T00:50:13","guid":{"rendered":"https:\/\/www.europesays.com\/fi\/114924\/"},"modified":"2025-12-13T00:50:13","modified_gmt":"2025-12-13T00:50:13","slug":"osaa-hymyilla-en-ma-oon-asperger-litku-klemetti-julkaisi-biisin-jossa-ei-ole-mitaan-hauskaa","status":"publish","type":"post","link":"https:\/\/www.europesays.com\/fi\/114924\/","title":{"rendered":"Osaa hymyill\u00e4 en, m\u00e4 oon asperger \u2013 Litku Klemetti julkaisi biisin, jossa ei ole mit\u00e4\u00e4n hauskaa"},"content":{"rendered":"<p>Litku Klemetti tarjoaa uutta tuotantoa. Laulaja julkaisee alkuvuodesta 2026 Ankeuttaja-ep:n, jolle on tallennettu pianolla s\u00e4vellettyj\u00e4 biisej\u00e4, jotka eiv\u00e4t sopineet rokkib\u00e4ndin repertuaariin. B\u00e4ndin sijaan ep:lle pestattiin tukijoukkoihin Ahti Marja-aho, joka on tehnyt aikaisemmin hienoja jousisovituksia muun muassa Leevi and the Leavingsille, Tuomari Nurniolle, Ismo Alangolle ja Samuli Putrolle.<\/p>\n<p>Tulevaa ep:t\u00e4 esitell\u00e4\u00e4n nyt Asperger-singlen voimin. Kappale on yht\u00e4 herkk\u00e4 kuin vakavakin tarina, jota Klemetti kuvailee tiedotteessa koruttomasti: \u201dJ\u00e4nnitt\u00e4\u00e4 julkaista t\u00e4m\u00e4, koska t\u00e4ss\u00e4 ei ole mit\u00e4\u00e4n hauskaa\u201d, laulaja tuumaa.\u00a0<\/p>\n<p>Kunhan ep on saatu julki, Litku l\u00e4htee kiertueelle puolisonsa, kitaristi Pekka Tuomen kanssa. Rundi k\u00e4sitt\u00e4\u00e4 seitsem\u00e4ntoista paikkakuntaa, katso tarkempi aikataulu alempaa. Kiertueen ohjelmisto rakentuu uusien laulujen lis\u00e4ksi vanhojen s\u00e4vellysten uusista versioista sek\u00e4 viel\u00e4 julkaisemattomasta materiaalista. Keikat ovat v\u00e4liajallisia.<br \/>30.1. Kulttuurikellari, Savonlinna<br \/>31.1. Maxim, Kuopio<br \/>6.2. Suisto, H\u00e4meenlinna<br \/>7.2. Sirkuskoulu Kuu, Kokkola<br \/>13.2. Ilta Olohuoneessa-klubi, Kerubin kellari<br \/>14.2. G Livelab, Helsinki<br \/>20.2. Telakka, Tampere<br \/>21.2. Miilu, Pet\u00e4j\u00e4vesi<br \/>27.2. Dynamo, Turku<br \/>28.2. Kino Laika, Karkkila<br \/>4.3. Korpi Raikaa, Kuhmo<br \/>5.3. Kulttuurilaboratorio, Oulu<br \/>6.3. Musta Kissa, Rovaniemi<br \/>7.3. Ufon laulukerho, Selv\u00e4 Pyy, \u00c4k\u00e4slompolo<br \/>14.3. Vakiopaine, Jyv\u00e4skyl\u00e4<br \/>27.3. Mikkelidiy x Dinosaurock-klubi, Mikkeli<br \/>28.3. Lobby, Myyrm\u00e4ki<\/p>\n<p><img loading=\"lazy\" decoding=\"async\" alt=\"YouTube video\" width=\"480\" height=\"360\" data-pin-nopin=\"true\" nopin=\"nopin\" class=\"perfmatters-lazy\" src=\"https:\/\/www.europesays.com\/fi\/wp-content\/uploads\/2025\/12\/1765587013_977_hqdefault.jpg\"\/><\/p>\n<p>Lue my\u00f6s: <a href=\"https:\/\/www.soundi.fi\/uutiskirje\/\" title=\"Tilaa Soundin uutiskirje\" class=\"underline-custom !font-montserrat !font-bold !underline-offset-4 !decoration-4 !decoration-red-600 !text-md\" rel=\"nofollow noopener\" target=\"_blank\">Tilaa Soundin uutiskirje ja tied\u00e4t mist\u00e4 kahvitauolla puhutaan! Nappaa ajankohtaiset musiikin uutiset ja puheenaiheet suoraan s\u00e4hk\u00f6postiin t\u00e4st\u00e4.<\/a><\/p>\n","protected":false},"excerpt":{"rendered":"Litku Klemetti tarjoaa uutta tuotantoa. Laulaja julkaisee alkuvuodesta 2026 Ankeuttaja-ep:n, jolle on tallennettu pianolla s\u00e4vellettyj\u00e4 biisej\u00e4, jotka eiv\u00e4t&hellip;\n","protected":false},"author":2,"featured_media":114925,"comment_status":"","ping_status":"","sticky":false,"template":"","format":"standard","meta":{"footnotes":""},"categories":[136],"tags":[407,137,33,31,30,408,32,109],"class_list":{"0":"post-114924","1":"post","2":"type-post","3":"status-publish","4":"format-standard","5":"has-post-thumbnail","7":"category-julkkikset","8":"tag-celebrities","9":"tag-entertainment","10":"tag-fi","11":"tag-finland","12":"tag-finnish","13":"tag-julkkikset","14":"tag-suomi","15":"tag-viihde"},"share_on_mastodon":{"url":"https:\/\/pubeurope.com\/@fi\/115709517860048691","error":""},"_links":{"self":[{"href":"https:\/\/www.europesays.com\/fi\/wp-json\/wp\/v2\/posts\/114924","targetHints":{"allow":["GET"]}}],"collection":[{"href":"https:\/\/www.europesays.com\/fi\/wp-json\/wp\/v2\/posts"}],"about":[{"href":"https:\/\/www.europesays.com\/fi\/wp-json\/wp\/v2\/types\/post"}],"author":[{"embeddable":true,"href":"https:\/\/www.europesays.com\/fi\/wp-json\/wp\/v2\/users\/2"}],"replies":[{"embeddable":true,"href":"https:\/\/www.europesays.com\/fi\/wp-json\/wp\/v2\/comments?post=114924"}],"version-history":[{"count":0,"href":"https:\/\/www.europesays.com\/fi\/wp-json\/wp\/v2\/posts\/114924\/revisions"}],"wp:featuredmedia":[{"embeddable":true,"href":"https:\/\/www.europesays.com\/fi\/wp-json\/wp\/v2\/media\/114925"}],"wp:attachment":[{"href":"https:\/\/www.europesays.com\/fi\/wp-json\/wp\/v2\/media?parent=114924"}],"wp:term":[{"taxonomy":"category","embeddable":true,"href":"https:\/\/www.europesays.com\/fi\/wp-json\/wp\/v2\/categories?post=114924"},{"taxonomy":"post_tag","embeddable":true,"href":"https:\/\/www.europesays.com\/fi\/wp-json\/wp\/v2\/tags?post=114924"}],"curies":[{"name":"wp","href":"https:\/\/api.w.org\/{rel}","templated":true}]}}