{"id":114932,"date":"2025-12-13T01:02:08","date_gmt":"2025-12-13T01:02:08","guid":{"rendered":"https:\/\/www.europesays.com\/fi\/114932\/"},"modified":"2025-12-13T01:02:08","modified_gmt":"2025-12-13T01:02:08","slug":"romaniasta-loydettiin-lepraa-ensimmaista-kertaa-yli-40-vuoteen","status":"publish","type":"post","link":"https:\/\/www.europesays.com\/fi\/114932\/","title":{"rendered":"Romaniasta l\u00f6ydettiin lepraa ensimm\u00e4ist\u00e4 kertaa yli 40 vuoteen"},"content":{"rendered":"<p>Tapaukset todettiin kahdella paikallisen kylpyl\u00e4n hierojalla.<\/p>\n<p>12.12. 16:38<\/p>\n<p class=\"article-body mb-nof-24 px-nof-16\">Romanian viranomaiset kertoivat perjantaina, ett\u00e4 maan luoteisosissa sijaitsevassa Clujin kaupungissa on l\u00f6ydetty lepra kahdelta ihmiselt\u00e4. Reutersin mukaan kyseess\u00e4 on ensimm\u00e4inen kerta yli 40 vuoteen, kun EU:n alueella on l\u00f6ydetty vahvistettuja lepratapauksia.<\/p>\n<p class=\"article-body mb-nof-24 px-nof-16\">Romanian terveysministeri\u00f6n mukaan lepra l\u00f6ytyi 21- ja 25-vuotiailta hierojilta, jotka ovat kotoisin Indonesiasta ja ty\u00f6skentelev\u00e4t Clujissa toimivassa kylpyl\u00e4ss\u00e4. Hierojat saavat parhaillaan hoitoa sairauteen.<\/p>\n<p class=\"article-body mb-nof-24 px-nof-16\">Testej\u00e4 ollaan tekem\u00e4ss\u00e4 my\u00f6s kahdelle muulle henkil\u00f6lle.<\/p>\n<p class=\"article-body mb-nof-24 px-nof-16\">Terveysministeri <a class=\"article-personlink\" href=\"https:\/\/www.is.fi\/haku\/?query=Alexandru%20Rogobeten\" rel=\"nofollow noopener\" target=\"_blank\">Alexandru Rogobeten<\/a> mukaan toinen hierojista oli hiljattain palannut Aasiasta, jossa h\u00e4n oli viett\u00e4nyt kuukauden \u00e4itins\u00e4 seurassa. \u00c4iti oli sairaalahoidossa lepran sairastamisen vuoksi.<\/p>\n<p class=\"article-body mb-nof-24 px-nof-16\">Rogobete vakuutti Reutersin mukaan, ett\u00e4 kylpyl\u00e4n asiakkailla ei ole syyt\u00e4 huoleen, koska lepran tarttuminen vaatii pidempiaikaista altistumista. Kylpyl\u00e4 on kuitenkin suljettu viranomaisten k\u00e4ynnist\u00e4m\u00e4n tutkinnan ajaksi.<\/p>\n<p class=\"article-body mb-nof-24 px-nof-16\">Romaniassa lepraa tavattiin terveysministeri\u00f6n mukaan viimeksi 44 vuotta sitten.<\/p>\n<p class=\"article-body mb-nof-24 px-nof-16\">Lepra eli spitaali on Mycobacterium leprae -bakteerin aiheuttama sairaus, joka aiheuttaa muun muassa ep\u00e4muodostumia ihmisen iholle ja muualle kehoon. Historiassa lepraa pidettiin stigmatisoivana ja parantumattomana tautina, johon sairastuneita eristettiin muusta yhteiskunnasta.<\/p>\n<p class=\"article-body mb-nof-24 px-nof-16\">Esimerkiksi Suomessa t\u00e4h\u00e4n tarkoitukseen k\u00e4ytettiin Seilin saarta. Tauti on kadonnut Suomesta ja muista teollisuusmaista l\u00e4hes t\u00e4ysin, mutta se on edelleen suhteellisen yleinen maailman k\u00f6yhill\u00e4 trooppisilla alueilla Etel\u00e4-Aasiassa, Latinalaisessa Amerikassa ja osassa Afrikkaa.<\/p>\n<p class=\"article-body mb-nof-24 px-nof-16\">Nyky\u00e4\u00e4n lepra on hoidettavissa helposti tehokkailla antibioottiyhdistelmill\u00e4.<\/p>\n","protected":false},"excerpt":{"rendered":"Tapaukset todettiin kahdella paikallisen kylpyl\u00e4n hierojalla. 12.12. 16:38 Romanian viranomaiset kertoivat perjantaina, ett\u00e4 maan luoteisosissa sijaitsevassa Clujin kaupungissa&hellip;\n","protected":false},"author":2,"featured_media":1024,"comment_status":"","ping_status":"","sticky":false,"template":"","format":"standard","meta":{"footnotes":""},"categories":[14],"tags":[22,23,26,27,33,31,30,17,34,24,25,28,29,15,18,21,32,19,20,56,16,59,60,61],"class_list":{"0":"post-114932","1":"post","2":"type-post","3":"status-publish","4":"format-standard","5":"has-post-thumbnail","7":"category-ulkomaat","8":"tag-breaking-news","9":"tag-breakingnews","10":"tag-featured-news","11":"tag-featurednews","12":"tag-fi","13":"tag-finland","14":"tag-finnish","15":"tag-headlines","16":"tag-ilta-sanomat","17":"tag-latest-news","18":"tag-latestnews","19":"tag-main-news","20":"tag-mainnews","21":"tag-news","22":"tag-otsikot","23":"tag-paauutiset","24":"tag-suomi","25":"tag-top-stories","26":"tag-topstories","27":"tag-ulkomaat","28":"tag-uutiset","29":"tag-world","30":"tag-world-news","31":"tag-worldnews"},"share_on_mastodon":{"url":"https:\/\/pubeurope.com\/@fi\/115709564921534579","error":""},"_links":{"self":[{"href":"https:\/\/www.europesays.com\/fi\/wp-json\/wp\/v2\/posts\/114932","targetHints":{"allow":["GET"]}}],"collection":[{"href":"https:\/\/www.europesays.com\/fi\/wp-json\/wp\/v2\/posts"}],"about":[{"href":"https:\/\/www.europesays.com\/fi\/wp-json\/wp\/v2\/types\/post"}],"author":[{"embeddable":true,"href":"https:\/\/www.europesays.com\/fi\/wp-json\/wp\/v2\/users\/2"}],"replies":[{"embeddable":true,"href":"https:\/\/www.europesays.com\/fi\/wp-json\/wp\/v2\/comments?post=114932"}],"version-history":[{"count":0,"href":"https:\/\/www.europesays.com\/fi\/wp-json\/wp\/v2\/posts\/114932\/revisions"}],"wp:featuredmedia":[{"embeddable":true,"href":"https:\/\/www.europesays.com\/fi\/wp-json\/wp\/v2\/media\/1024"}],"wp:attachment":[{"href":"https:\/\/www.europesays.com\/fi\/wp-json\/wp\/v2\/media?parent=114932"}],"wp:term":[{"taxonomy":"category","embeddable":true,"href":"https:\/\/www.europesays.com\/fi\/wp-json\/wp\/v2\/categories?post=114932"},{"taxonomy":"post_tag","embeddable":true,"href":"https:\/\/www.europesays.com\/fi\/wp-json\/wp\/v2\/tags?post=114932"}],"curies":[{"name":"wp","href":"https:\/\/api.w.org\/{rel}","templated":true}]}}