{"id":114936,"date":"2025-12-13T01:16:12","date_gmt":"2025-12-13T01:16:12","guid":{"rendered":"https:\/\/www.europesays.com\/fi\/114936\/"},"modified":"2025-12-13T01:16:12","modified_gmt":"2025-12-13T01:16:12","slug":"kaj-yhtyeen-axel-ahman-vauva-tulossa","status":"publish","type":"post","link":"https:\/\/www.europesays.com\/fi\/114936\/","title":{"rendered":"KAJ-yhtyeen Axel \u00c5hman: Vauva tulossa!"},"content":{"rendered":"<p><strong class=\"typography-bold\">KAJ-yhtyeen \u00a0Axel \u00c5hman paljasti ilouutisen sosiaalisessa mediassa.\u00a0<\/strong><\/p>\n<p><a class=\"underline\" data-testid=\"internal-link\" role=\"link\" data-sentry-element=\"Link\" data-sentry-component=\"InternalLink\" data-sentry-source-file=\"InternalLink.tsx\" href=\"https:\/\/www.mtvuutiset.fi\/aihe\/kaj\/9114178\" rel=\"nofollow noopener\" target=\"_blank\">KAJ-yhtyeen<\/a> <strong class=\"typography-bold\">Axel \u00c5hman<\/strong> odottaa perheenlis\u00e4yst\u00e4 puolisonsa <strong class=\"typography-bold\">Louisen<\/strong> kanssa. Pari julkaisi ilouutisen Instagram-tileill\u00e4\u00e4n. Ensimm\u00e4isess\u00e4 kuvassa n\u00e4hd\u00e4\u00e4n kaksikko <a class=\"underline\" data-testid=\"internal-link\" role=\"link\" data-sentry-element=\"Link\" data-sentry-component=\"InternalLink\" data-sentry-source-file=\"InternalLink.tsx\" href=\"https:\/\/www.mtvuutiset.fi\/aihe\/linnan-juhlat\/2839424\" rel=\"nofollow noopener\" target=\"_blank\">Linnan juhlien<\/a> k\u00e4ttelyn j\u00e4lkeen.\u00a0<\/p>\n<p>\u2013 Toimme itse asiassa kutsumattoman vieraan linnaan, kuvatekstiss\u00e4 lukee.\u00a0<\/p>\n<p>Jos julkaisu ei n\u00e4y, voit katsoa sen <a class=\"underline\" data-testid=\"external-link\" href=\"https:\/\/www.instagram.com\/p\/DSIQpC3iDXD\/?hl=fi&amp;img_index=2\" rel=\"noopener noreferrer nofollow\" data-sentry-component=\"ExternalLink\" data-sentry-source-file=\"ExternalLink.tsx\" target=\"_blank\">t\u00e4\u00e4lt\u00e4<\/a>.\u00a0<\/p>\n<p>He paljastavat pienokaisen syntyv\u00e4n kes\u00e4ll\u00e4 2026.<\/p>\n<p>KAJ edusti Ruotsia <a class=\"underline\" data-testid=\"internal-link\" role=\"link\" data-sentry-element=\"Link\" data-sentry-component=\"InternalLink\" data-sentry-source-file=\"InternalLink.tsx\" href=\"https:\/\/www.mtvuutiset.fi\/aihe\/euroviisut\/2838618\" rel=\"nofollow noopener\" target=\"_blank\">Euroviisuissa<\/a> kappaleellaan Bara bada bastu.\u00a0<\/p>\n<p><script async src=\"\/\/www.instagram.com\/embed.js\"><\/script><\/p>\n","protected":false},"excerpt":{"rendered":"KAJ-yhtyeen \u00a0Axel \u00c5hman paljasti ilouutisen sosiaalisessa mediassa.\u00a0 KAJ-yhtyeen Axel \u00c5hman odottaa perheenlis\u00e4yst\u00e4 puolisonsa Louisen kanssa. Pari julkaisi ilouutisen&hellip;\n","protected":false},"author":2,"featured_media":114937,"comment_status":"","ping_status":"","sticky":false,"template":"","format":"standard","meta":{"footnotes":""},"categories":[136],"tags":[407,137,33,31,30,408,32,109],"class_list":{"0":"post-114936","1":"post","2":"type-post","3":"status-publish","4":"format-standard","5":"has-post-thumbnail","7":"category-julkkikset","8":"tag-celebrities","9":"tag-entertainment","10":"tag-fi","11":"tag-finland","12":"tag-finnish","13":"tag-julkkikset","14":"tag-suomi","15":"tag-viihde"},"share_on_mastodon":{"url":"https:\/\/pubeurope.com\/@fi\/115709619927683345","error":""},"_links":{"self":[{"href":"https:\/\/www.europesays.com\/fi\/wp-json\/wp\/v2\/posts\/114936","targetHints":{"allow":["GET"]}}],"collection":[{"href":"https:\/\/www.europesays.com\/fi\/wp-json\/wp\/v2\/posts"}],"about":[{"href":"https:\/\/www.europesays.com\/fi\/wp-json\/wp\/v2\/types\/post"}],"author":[{"embeddable":true,"href":"https:\/\/www.europesays.com\/fi\/wp-json\/wp\/v2\/users\/2"}],"replies":[{"embeddable":true,"href":"https:\/\/www.europesays.com\/fi\/wp-json\/wp\/v2\/comments?post=114936"}],"version-history":[{"count":0,"href":"https:\/\/www.europesays.com\/fi\/wp-json\/wp\/v2\/posts\/114936\/revisions"}],"wp:featuredmedia":[{"embeddable":true,"href":"https:\/\/www.europesays.com\/fi\/wp-json\/wp\/v2\/media\/114937"}],"wp:attachment":[{"href":"https:\/\/www.europesays.com\/fi\/wp-json\/wp\/v2\/media?parent=114936"}],"wp:term":[{"taxonomy":"category","embeddable":true,"href":"https:\/\/www.europesays.com\/fi\/wp-json\/wp\/v2\/categories?post=114936"},{"taxonomy":"post_tag","embeddable":true,"href":"https:\/\/www.europesays.com\/fi\/wp-json\/wp\/v2\/tags?post=114936"}],"curies":[{"name":"wp","href":"https:\/\/api.w.org\/{rel}","templated":true}]}}