{"id":114938,"date":"2025-12-13T01:23:08","date_gmt":"2025-12-13T01:23:08","guid":{"rendered":"https:\/\/www.europesays.com\/fi\/114938\/"},"modified":"2025-12-13T01:23:08","modified_gmt":"2025-12-13T01:23:08","slug":"il-seurasi-lukko-jyrasi-assien-yli-satakunnan-derbyssa-hpklle-arvokas-vierasvoitto-iltalehti","status":"publish","type":"post","link":"https:\/\/www.europesays.com\/fi\/114938\/","title":{"rendered":"IL seurasi: Lukko jyr\u00e4si \u00c4ssien yli Satakunnan derbyss\u00e4 \u2013 HPK:lle arvokas vierasvoitto &#8211; Iltalehti"},"content":{"rendered":"<ol>\n<li><a href=\"https:\/\/news.google.com\/rss\/articles\/CBMie0FVX3lxTE9iSGl1MlNTMkIxMGJBLW1DMlhTckcwX3luTnBPX0R3X3RJbmswR3g1VFVpbC1uNXloNnJKX1FISWlQeWZnNWtDR2RTUUU5RUotZmdZNTZtUXRoVHRnaWZOVFRZcEIwcURFZUE1b2dwNUEzUjU0SHhVY1NXUQ?oc=5\" target=\"_blank\" rel=\"nofollow noopener\">IL seurasi: Lukko jyr\u00e4si \u00c4ssien yli Satakunnan derbyss\u00e4 \u2013 HPK:lle arvokas vierasvoitto<\/a>&nbsp;&nbsp;Iltalehti<\/li>\n<li><a href=\"https:\/\/news.google.com\/rss\/articles\/CBMicEFVX3lxTE9acjB5YjhmZTA3SE5hV1h0d19RV1gwUk5zN1hmU19tUXpyLWlkN1JfVUhUYzg4TGcxVnB5RERGZm5pYzV6dDVZWUc5Q3FvVVROXzFjU3lnWWNjNGYyZmFmUVhkVmNZLTBhcW1nWWJvV0Y?oc=5\" target=\"_blank\" rel=\"nofollow noopener\">Satakunnan taistelupari j\u00e4lleen kaukaloon \u2013 N\u00e4ist\u00e4 syist\u00e4 \u00c4ssill\u00e4 ja Lukolla on nyt poikkeuksellisen tiivis aikataulu<\/a>&nbsp;&nbsp;Satakunnan Kansa<\/li>\n<li><a href=\"https:\/\/news.google.com\/rss\/articles\/CBMiXkFVX3lxTE80c01ueGVZTDNlNnRZOG5rSkVDOVljcVNSNXNBV0ZMUjlIQV9nRlNFT0cyWGVpN091WTV1bzJxWlN5QTA4S2V6ZWlvQ1hSSnptMzJib2NDLVU1RXVuSHc?oc=5\" target=\"_blank\" rel=\"nofollow noopener\">Murskaava suoritus! \u00c4ss\u00e4t j\u00e4i jyr\u00e4n alle Satakunnan derbyss\u00e4<\/a>&nbsp;&nbsp;Ilta-Sanomat<\/li>\n<li><a href=\"https:\/\/news.google.com\/rss\/articles\/CBMigAFBVV95cUxQak1WVHdGejRyUDlZZWdBMllHY09nVmNaRXhHOEF3Y1VJcXBzNWkwQTZJV211bmxCOFhRTUFiSVJjZzRpTnNzYjYzcmN1S0RYQWdVRDNLdXo2dVI2ZkRoRnFsQWVya0pzWnZkbVliZjRSSXlmcjhJMkp5NkRWd2dzXw?oc=5\" target=\"_blank\" rel=\"nofollow noopener\">Petteri Nummelinin poika palaa Turkuun<\/a>&nbsp;&nbsp;Iltalehti<\/li>\n<li><a href=\"https:\/\/news.google.com\/rss\/articles\/CBMiekFVX3lxTE9sYTN0NjhXUnpUcTdhNlloS19DVXFjX2l5ZDJuc00zMFlfSlhKME8zRWhzZk1MaWhmTGpXUmJiOFBMMWVwd1NKS2RYeUp5SG5hXzlrWU9sOFMtSlZRZG9xeWQtR2hkZUlpenpBWk1jYzlVZE4wMThyNXZR?oc=5\" target=\"_blank\" rel=\"nofollow noopener\">Sykkiik\u00f6 Patasyd\u00e4n voittoon Lukosta? MTV3 n\u00e4ytt\u00e4\u00e4<\/a>&nbsp;&nbsp;Veikkaus<\/li>\n<\/ol>\n","protected":false},"excerpt":{"rendered":"IL seurasi: Lukko jyr\u00e4si \u00c4ssien yli Satakunnan derbyss\u00e4 \u2013 HPK:lle arvokas vierasvoitto&nbsp;&nbsp;Iltalehti Satakunnan taistelupari j\u00e4lleen kaukaloon \u2013 N\u00e4ist\u00e4&hellip;\n","protected":false},"author":2,"featured_media":114939,"comment_status":"","ping_status":"","sticky":false,"template":"","format":"standard","meta":{"footnotes":""},"categories":[158],"tags":[35,1274,33,31,30,1143,41,1146,159,32,1145,160],"class_list":{"0":"post-114938","1":"post","2":"type-post","3":"status-publish","4":"format-standard","5":"has-post-thumbnail","7":"category-urheilu","8":"tag-24h","9":"tag-ammattiurheilu","10":"tag-fi","11":"tag-finland","12":"tag-finnish","13":"tag-jaakiekko","14":"tag-liikunta-ja-urheilu","15":"tag-miesten-jaakiekko","16":"tag-sports","17":"tag-suomi","18":"tag-talviurheilu","19":"tag-urheilu"},"share_on_mastodon":{"url":"https:\/\/pubeurope.com\/@fi\/115709647467662408","error":""},"_links":{"self":[{"href":"https:\/\/www.europesays.com\/fi\/wp-json\/wp\/v2\/posts\/114938","targetHints":{"allow":["GET"]}}],"collection":[{"href":"https:\/\/www.europesays.com\/fi\/wp-json\/wp\/v2\/posts"}],"about":[{"href":"https:\/\/www.europesays.com\/fi\/wp-json\/wp\/v2\/types\/post"}],"author":[{"embeddable":true,"href":"https:\/\/www.europesays.com\/fi\/wp-json\/wp\/v2\/users\/2"}],"replies":[{"embeddable":true,"href":"https:\/\/www.europesays.com\/fi\/wp-json\/wp\/v2\/comments?post=114938"}],"version-history":[{"count":0,"href":"https:\/\/www.europesays.com\/fi\/wp-json\/wp\/v2\/posts\/114938\/revisions"}],"wp:featuredmedia":[{"embeddable":true,"href":"https:\/\/www.europesays.com\/fi\/wp-json\/wp\/v2\/media\/114939"}],"wp:attachment":[{"href":"https:\/\/www.europesays.com\/fi\/wp-json\/wp\/v2\/media?parent=114938"}],"wp:term":[{"taxonomy":"category","embeddable":true,"href":"https:\/\/www.europesays.com\/fi\/wp-json\/wp\/v2\/categories?post=114938"},{"taxonomy":"post_tag","embeddable":true,"href":"https:\/\/www.europesays.com\/fi\/wp-json\/wp\/v2\/tags?post=114938"}],"curies":[{"name":"wp","href":"https:\/\/api.w.org\/{rel}","templated":true}]}}