{"id":114946,"date":"2025-12-13T01:29:11","date_gmt":"2025-12-13T01:29:11","guid":{"rendered":"https:\/\/www.europesays.com\/fi\/114946\/"},"modified":"2025-12-13T01:29:11","modified_gmt":"2025-12-13T01:29:11","slug":"lahden-ensilumenlatua-paasee-ainakin-viela-hiihtamaan-ympari-joissakin-kohdissa-on-latukone-vahan-kaapaissut-paijat-hame","status":"publish","type":"post","link":"https:\/\/www.europesays.com\/fi\/114946\/","title":{"rendered":"Lahden ensilumenlatua p\u00e4\u00e4see ainakin viel\u00e4 hiiht\u00e4m\u00e4\u00e4n ymp\u00e4ri \u2013 joissakin kohdissa on &#8221;latukone v\u00e4h\u00e4n kaapaissut&#8221; | P\u00e4ij\u00e4t-H\u00e4me"},"content":{"rendered":"<p>Huonoimpien kohtien paikkaust\u00f6it\u00e4 p\u00e4\u00e4st\u00e4\u00e4n tekem\u00e4\u00e4n mahdollisesti ensi viikolla.<\/p>\n<p>Alkutalven pitk\u00e4 ja lauha jakso on ollut myrkky\u00e4 Lahden ensilumenladun kunnolle. Perjantaina aamu valkeni Lahdessa pieness\u00e4 pakkasessa, jolloin my\u00f6s lumitykit saatiin k\u00e4yntiin. Ilo lienee kuitenkin lyhytaikainen, sill\u00e4 jo ensi viikolla luvassa on j\u00e4lleen plusasteita.<\/p>\n","protected":false},"excerpt":{"rendered":"Huonoimpien kohtien paikkaust\u00f6it\u00e4 p\u00e4\u00e4st\u00e4\u00e4n tekem\u00e4\u00e4n mahdollisesti ensi viikolla. Alkutalven pitk\u00e4 ja lauha jakso on ollut myrkky\u00e4 Lahden ensilumenladun&hellip;\n","protected":false},"author":2,"featured_media":114947,"comment_status":"","ping_status":"","sticky":false,"template":"","format":"standard","meta":{"footnotes":""},"categories":[12],"tags":[22,23,21065,26,27,33,31,30,478,17,2233,1801,24,25,13599,3318,28,29,15,18,21,32,19,20,16,2107],"class_list":{"0":"post-114946","1":"post","2":"type-post","3":"status-publish","4":"format-standard","5":"has-post-thumbnail","7":"category-suomi","8":"tag-breaking-news","9":"tag-breakingnews","10":"tag-ensilumenlatu","11":"tag-featured-news","12":"tag-featurednews","13":"tag-fi","14":"tag-finland","15":"tag-finnish","16":"tag-harrastukset","17":"tag-headlines","18":"tag-hyvinvointi","19":"tag-lahti","20":"tag-latest-news","21":"tag-latestnews","22":"tag-lumi-saa","23":"tag-maastohiihto","24":"tag-main-news","25":"tag-mainnews","26":"tag-news","27":"tag-otsikot","28":"tag-paauutiset","29":"tag-suomi","30":"tag-top-stories","31":"tag-topstories","32":"tag-uutiset","33":"tag-vapaa-aika"},"share_on_mastodon":{"url":"https:\/\/pubeurope.com\/@fi\/115709671083709985","error":""},"_links":{"self":[{"href":"https:\/\/www.europesays.com\/fi\/wp-json\/wp\/v2\/posts\/114946","targetHints":{"allow":["GET"]}}],"collection":[{"href":"https:\/\/www.europesays.com\/fi\/wp-json\/wp\/v2\/posts"}],"about":[{"href":"https:\/\/www.europesays.com\/fi\/wp-json\/wp\/v2\/types\/post"}],"author":[{"embeddable":true,"href":"https:\/\/www.europesays.com\/fi\/wp-json\/wp\/v2\/users\/2"}],"replies":[{"embeddable":true,"href":"https:\/\/www.europesays.com\/fi\/wp-json\/wp\/v2\/comments?post=114946"}],"version-history":[{"count":0,"href":"https:\/\/www.europesays.com\/fi\/wp-json\/wp\/v2\/posts\/114946\/revisions"}],"wp:featuredmedia":[{"embeddable":true,"href":"https:\/\/www.europesays.com\/fi\/wp-json\/wp\/v2\/media\/114947"}],"wp:attachment":[{"href":"https:\/\/www.europesays.com\/fi\/wp-json\/wp\/v2\/media?parent=114946"}],"wp:term":[{"taxonomy":"category","embeddable":true,"href":"https:\/\/www.europesays.com\/fi\/wp-json\/wp\/v2\/categories?post=114946"},{"taxonomy":"post_tag","embeddable":true,"href":"https:\/\/www.europesays.com\/fi\/wp-json\/wp\/v2\/tags?post=114946"}],"curies":[{"name":"wp","href":"https:\/\/api.w.org\/{rel}","templated":true}]}}