{"id":114950,"date":"2025-12-13T01:42:14","date_gmt":"2025-12-13T01:42:14","guid":{"rendered":"https:\/\/www.europesays.com\/fi\/114950\/"},"modified":"2025-12-13T01:42:14","modified_gmt":"2025-12-13T01:42:14","slug":"queen-ei-enaa-lahde-isoille-kiertueille","status":"publish","type":"post","link":"https:\/\/www.europesays.com\/fi\/114950\/","title":{"rendered":"Queen ei en\u00e4\u00e4 l\u00e4hde isoille kiertueille"},"content":{"rendered":"<p>Rocklegenda <strong>Queen <\/strong>ei aio en\u00e4\u00e4 toteuttaa laajamittaisia maailmankiertueita. Asiasta kertoi yhtyeen kitaristin Brian Mayn puoliso Anita Dobson brittil\u00e4iselle <a href=\"https:\/\/www.mirror.co.uk\/3am\/celebrity-news\/anita-dobson-queen-tour-eastenders-36381757\" rel=\"nofollow noopener\" target=\"_blank\">Mirror<\/a>-lehdelle. Dobsonin mukaan yhtyeen tulevaisuuteen kuuluu korkeintaan yksitt\u00e4isi\u00e4 esiintymisi\u00e4 tai pienimuotoisempaa toimintaa.<\/p>\n<blockquote class=\"wp-block-quote is-layout-flow wp-block-quote-is-layout-flow\">\n<p>\u201dHe tekev\u00e4t ehk\u00e4 pieni\u00e4 juttuja silloin t\u00e4ll\u00f6in, mutta eiv\u00e4t en\u00e4\u00e4 isoja kiertueita\u201d, Dobson totesi. \u201dMe kaikki alamme olla jo i\u00e4kk\u00e4it\u00e4.\u201d\n<\/p>\n<\/blockquote>\n<p>P\u00e4\u00e4t\u00f6ksen taustalla vaikuttavat erityisesti Brian Mayn viimeaikaiset terveysongelmat. Viime vuonna May kertoi sairastaneensa liev\u00e4n aivohalvauksen, joka j\u00e4tti h\u00e4net aluksi kykenem\u00e4tt\u00f6m\u00e4ksi k\u00e4ytt\u00e4m\u00e4\u00e4n vasenta k\u00e4tt\u00e4\u00e4n. Sittemmin 78-vuotias muusikko on toipunut siin\u00e4 m\u00e4\u00e4rin, ett\u00e4 pystyy j\u00e4lleen soittamaan.<\/p>\n<p>Artikkeli jatkuu mainoksen j\u00e4lkeen<a class=\"gofollow\" data-track=\"MjgwOCw0MCwxLDYw\" href=\"https:\/\/www.lippu.fi\/en\/event\/amorphis-helsingin-kulttuuritalo-20932932\/\" rel=\"nofollow noopener\" target=\"_blank\"><img decoding=\"async\" src=\"https:\/\/www.europesays.com\/fi\/wp-content\/uploads\/2025\/12\/amorphis-980-x-400.jpg\"\/><\/a>Mainos p\u00e4\u00e4ttyy<\/p>\n<p>Aivohalvaus tapahtui nelj\u00e4 vuotta sen j\u00e4lkeen, kun May <a href=\"https:\/\/kaaoszine.fi\/queenin-kitaristi-brian-may-muistelee-aivoinfarktiaan-joka-melkein-vei-hanen-soittokykynsa\/\" rel=\"nofollow noopener\" target=\"_blank\">sai aivoinfarktin<\/a>. Tuolloin h\u00e4n kertoi j\u00e4rkyttyneens\u00e4 tajutessaan, ettei ollutkaan niin hyv\u00e4ss\u00e4 kunnossa kuin oli kuvitellut, ja ett\u00e4 h\u00e4n oli ollut \u201dhyvin l\u00e4hell\u00e4 kuolemaa\u201d. Tutkimuksissa todettiin kolmen syd\u00e4nvaltimon olevan tukkeutumisen partaalla, mink\u00e4 seurauksena niihin asennettiin stentit.<\/p>\n<blockquote class=\"wp-block-quote is-layout-flow wp-block-quote-is-layout-flow\">\n<p>\u201d[Soittokyvyn menett\u00e4minen] k\u00e4vi mieless\u00e4ni. Kun en yht\u00e4kki\u00e4 pystynyt hallitsemaan vasenta k\u00e4tt\u00e4ni, se oli aika pelottavaa. Minulla ei ollut aavistustakaan, mit\u00e4 oli tekeill\u00e4. Soitin l\u00e4\u00e4k\u00e4rilleni, ja h\u00e4n sanoi: \u201dOkei, luulen, ett\u00e4 sinulla on pienimuotoinen aivoinfarkti. Soita ambulanssi ja n\u00e4emme sairaalassa\u2019. Mutta vaikka en pystynytk\u00e4\u00e4n pahimpaan aikaan hallitsemaan k\u00e4sivarttani, pystyin hallitsemaan sormiani. Joten ajattelin, etten luultavasti ole vaarassa. Olen nyt kunnossa. Otan vain rauhallisesti\u201d, May kertoi vuoden alussa.\n<\/p>\n<\/blockquote>\n<p>Viime vuosina May on joutunut sairaalahoitoon my\u00f6s vakavan iskiaskivun vuoksi, joka sai alkunsa puutarhat\u00f6iss\u00e4 tapahtuneesta loukkaantumisesta. Lis\u00e4ksi h\u00e4n sai vakavan reaktion syd\u00e4nl\u00e4\u00e4kitykseens\u00e4 ja joutui hengenvaaraan. My\u00f6hemmin Maylle on tehty my\u00f6s kaihileikkaus.<\/p>\n<p>Artikkeli jatkuu mainoksen j\u00e4lkeen<a class=\"gofollow\" data-track=\"MjgwOCw0MSwxLDYw\" href=\"https:\/\/www.lippu.fi\/en\/event\/amorphis-helsingin-kulttuuritalo-20932932\/\" rel=\"nofollow noopener\" target=\"_blank\"><img decoding=\"async\" src=\"https:\/\/www.europesays.com\/fi\/wp-content\/uploads\/2025\/12\/amorphis-980-x-400.jpg\"\/><\/a>Mainos p\u00e4\u00e4ttyy<\/p>\n<p><a class=\"gofollow\" data-track=\"MjgxMSw0OCwxLDYw\" href=\"https:\/\/linktr.ee\/formypainband\" rel=\"nofollow noopener\" target=\"_blank\"><img decoding=\"async\" src=\"https:\/\/www.europesays.com\/fi\/wp-content\/uploads\/2025\/12\/for-my-pain-mainos-buried-blue-tour.jpg\"\/><\/a>        <\/p>\n","protected":false},"excerpt":{"rendered":"Rocklegenda Queen ei aio en\u00e4\u00e4 toteuttaa laajamittaisia maailmankiertueita. Asiasta kertoi yhtyeen kitaristin Brian Mayn puoliso Anita Dobson brittil\u00e4iselle&hellip;\n","protected":false},"author":2,"featured_media":114951,"comment_status":"","ping_status":"","sticky":false,"template":"","format":"standard","meta":{"footnotes":""},"categories":[136],"tags":[21066,407,137,33,31,30,408,21067,32,109],"class_list":{"0":"post-114950","1":"post","2":"type-post","3":"status-publish","4":"format-standard","5":"has-post-thumbnail","7":"category-julkkikset","8":"tag-brian-may","9":"tag-celebrities","10":"tag-entertainment","11":"tag-fi","12":"tag-finland","13":"tag-finnish","14":"tag-julkkikset","15":"tag-queen","16":"tag-suomi","17":"tag-viihde"},"share_on_mastodon":{"url":"https:\/\/pubeurope.com\/@fi\/115709722431194961","error":""},"_links":{"self":[{"href":"https:\/\/www.europesays.com\/fi\/wp-json\/wp\/v2\/posts\/114950","targetHints":{"allow":["GET"]}}],"collection":[{"href":"https:\/\/www.europesays.com\/fi\/wp-json\/wp\/v2\/posts"}],"about":[{"href":"https:\/\/www.europesays.com\/fi\/wp-json\/wp\/v2\/types\/post"}],"author":[{"embeddable":true,"href":"https:\/\/www.europesays.com\/fi\/wp-json\/wp\/v2\/users\/2"}],"replies":[{"embeddable":true,"href":"https:\/\/www.europesays.com\/fi\/wp-json\/wp\/v2\/comments?post=114950"}],"version-history":[{"count":0,"href":"https:\/\/www.europesays.com\/fi\/wp-json\/wp\/v2\/posts\/114950\/revisions"}],"wp:featuredmedia":[{"embeddable":true,"href":"https:\/\/www.europesays.com\/fi\/wp-json\/wp\/v2\/media\/114951"}],"wp:attachment":[{"href":"https:\/\/www.europesays.com\/fi\/wp-json\/wp\/v2\/media?parent=114950"}],"wp:term":[{"taxonomy":"category","embeddable":true,"href":"https:\/\/www.europesays.com\/fi\/wp-json\/wp\/v2\/categories?post=114950"},{"taxonomy":"post_tag","embeddable":true,"href":"https:\/\/www.europesays.com\/fi\/wp-json\/wp\/v2\/tags?post=114950"}],"curies":[{"name":"wp","href":"https:\/\/api.w.org\/{rel}","templated":true}]}}