{"id":114954,"date":"2025-12-13T01:50:12","date_gmt":"2025-12-13T01:50:12","guid":{"rendered":"https:\/\/www.europesays.com\/fi\/114954\/"},"modified":"2025-12-13T01:50:12","modified_gmt":"2025-12-13T01:50:12","slug":"poliisi-epailee-14aa-henkiloa-torkeista-huumerikoksista-kokonaisuudessa-jossa-on-mukana-myos-jere-karalahti-kotimaa","status":"publish","type":"post","link":"https:\/\/www.europesays.com\/fi\/114954\/","title":{"rendered":"Poliisi ep\u00e4ilee 14:\u00e4\u00e4 henkil\u00f6\u00e4 t\u00f6rkeist\u00e4 huumerikoksista kokonaisuudessa, jossa on mukana my\u00f6s Jere Karalahti | Kotimaa"},"content":{"rendered":"<p class=\"aw-1gybjub aw-5vja16 kEtdKx kmuxyA yle__article__paragraph\">Yksi ep\u00e4illyist\u00e4 on entinen huippuj\u00e4\u00e4kiekkoilija Jere Karalahti.<\/p>\n<p><img decoding=\"async\" alt=\"Amfetamiinia muovikassissa.\" src=\"https:\/\/www.europesays.com\/fi\/wp-content\/uploads\/2025\/12\/39-1568640693be40ae1d7f.jpeg\" class=\"aw-1l9m598 hKVVvP\"\/><\/p>\n<p>Avaa kuvien katselu<\/p>\n<p>Poliisi takavarikoi kilokaupalla amfetamiina huumausaineiden s\u00e4ilytykseen k\u00e4ytetyst\u00e4 asunnosta. Kuva: Helsingin poliisilaitos<\/p>\n<p>12.12. 12:30\u2022P\u00e4ivitetty 12.12. 12:43<\/p>\n<p class=\"aw-1gybjub aw-1p7kakr kEtdKx cEmitX yle__article__paragraph\">Helsingin poliisilaitos kertoo saaneensa valmiiksi esitutkinnan, joka koskee suurien huumausaine-erien levitt\u00e4mist\u00e4 Uudenmaan alueella.<\/p>\n<p class=\"aw-1gybjub aw-1p7kakr kEtdKx cEmitX yle__article__paragraph\">Poliisi ep\u00e4ilee yhteens\u00e4 14:\u00e4\u00e4 henkil\u00f6\u00e4 t\u00f6rkeist\u00e4 huumausainerikoksista. Lis\u00e4ksi kolmea henkil\u00f6\u00e4 ep\u00e4ill\u00e4\u00e4n osallisuudesta ry\u00f6st\u00f6\u00f6n. Yhteens\u00e4 kokonaisuudessa on ep\u00e4iltyn\u00e4 19 henkil\u00f6\u00e4.<\/p>\n<p class=\"aw-1gybjub aw-1p7kakr kEtdKx cEmitX yle__article__paragraph\">Ylen tietojen mukaan tapaus liittyy samaan kokonaisuuteen, josta on edelleen vangittuna entinen huippuj\u00e4\u00e4kiekkoilija <strong class=\"aw-ak79eh KyCXm yle__article__strong\">Jere Karalahti<\/strong>. H\u00e4n on ollut tutkintavankeudessa <a class=\"aw-iao6s4 iHOxEa yle__article__link\" href=\"https:\/\/yle.fi\/a\/74-20188653\" role=\"link\" rel=\"nofollow noopener\" target=\"_blank\">lokakuusta l\u00e4htien<\/a>. Karalahtea ep\u00e4ill\u00e4\u00e4n t\u00f6rke\u00e4st\u00e4 huumausainerikoksesta.<\/p>\n<p class=\"aw-1gybjub aw-1p7kakr kEtdKx cEmitX yle__article__paragraph\">Karalahden osallisuudesta vyyhtiin <a class=\"aw-iao6s4 iHOxEa yle__article__link\" href=\"https:\/\/www.is.fi\/urheilu\/art-2000011687719.html\" role=\"link\" rel=\"nofollow noopener\" target=\"_blank\">kertoi ensimm\u00e4isen\u00e4<\/a> Ilta-Sanomat.<\/p>\n<p class=\"aw-1gybjub aw-1p7kakr kEtdKx cEmitX yle__article__paragraph\">Rikokset tapahtuivat t\u00e4m\u00e4n vuoden toukokuun ja syyskuun v\u00e4lisen\u00e4 aikana.<\/p>\n<p class=\"aw-1gybjub aw-1p7kakr kEtdKx cEmitX yle__article__paragraph\">Poliisi kertoo tiedotteessaan tunnistaneensa loppukes\u00e4ll\u00e4 esitutkinnassa henkil\u00f6it\u00e4, joilla ep\u00e4iltiin olevan merkitt\u00e4v\u00e4 rooli huumausaineiden v\u00e4litt\u00e4misess\u00e4.<\/p>\n<p class=\"aw-1gybjub aw-1p7kakr kEtdKx cEmitX yle__article__paragraph\">Elokuun lopussa poliisi takavarikoi yhdelt\u00e4 henkil\u00f6lt\u00e4 useita kiloja amfetamiinia muun poliisitoiminnan yhteydess\u00e4.<\/p>\n<p>Ryhm\u00e4n johtohenkil\u00f6 tilasi ry\u00f6st\u00f6n<\/p>\n<p class=\"aw-1gybjub aw-1p7kakr kEtdKx cEmitX yle__article__paragraph\">Ensimm\u00e4isten kiinniottojen j\u00e4lkeen poliisi sai h\u00e4lytysteht\u00e4v\u00e4n ry\u00f6st\u00f6st\u00e4 It\u00e4-Helsingiss\u00e4, kun kaksi naamioitunutta ry\u00f6st\u00e4j\u00e4\u00e4 varasti asianomistajalta matkapuhelimen.<\/p>\n<p class=\"aw-1gybjub aw-1p7kakr kEtdKx cEmitX yle__article__paragraph\">Toinen ep\u00e4ilty otettiin kiinni It\u00e4v\u00e4yl\u00e4lt\u00e4, ja h\u00e4nen k\u00e4ytt\u00e4m\u00e4st\u00e4\u00e4n ajoneuvosta takavarikoitiin noin 1,5 kiloa amfetamiinia. Amfetamiinier\u00e4 oli per\u00e4isin samalta ryhm\u00e4lt\u00e4, jonka toiminta oli esitutkinnassa.<\/p>\n<p class=\"aw-1gybjub aw-1p7kakr kEtdKx cEmitX yle__article__paragraph\">Esitutkinnan perusteella ry\u00f6st\u00f6n toimeksiantaja oli yksi avainhenkil\u00f6ist\u00e4 huumausaineiden vastaanottamiseen ja levitt\u00e4miseen liittyviss\u00e4 j\u00e4rjestelyiss\u00e4.<\/p>\n<p class=\"aw-1gybjub aw-1p7kakr kEtdKx cEmitX yle__article__paragraph\">Poliisi takavarikoi viel\u00e4 noin 10 kiloa amfetamiinia asunnosta, jota ryhm\u00e4 k\u00e4ytti huumausaineiden s\u00e4ilytt\u00e4miseen.<\/p>\n<p class=\"aw-1gybjub aw-1p7kakr kEtdKx cEmitX yle__article__paragraph\">Poliisi takavarikoi esitutkinnan aikana yhteens\u00e4 noin 15 kiloa amfetamiinia.<\/p>\n<p class=\"aw-1gybjub aw-1p7kakr kEtdKx cEmitX yle__article__paragraph\">Poliisin esitutkinnan mukaan kaksi henkil\u00f6\u00e4 toimi ryhm\u00e4n johtohahmoina ja vastasi huumausaineiden toimitusketjusta.<\/p>\n<p class=\"aw-1gybjub aw-1p7kakr kEtdKx cEmitX yle__article__paragraph\">Useat muut henkil\u00f6t hoitivat k\u00e4yt\u00e4nn\u00f6n toimia liittyen huumausaineiden kuljettamiseen, s\u00e4ilytt\u00e4miseen ja levitt\u00e4miseen.<\/p>\n<p class=\"aw-1gybjub aw-1p7kakr kEtdKx cEmitX yle__article__paragraph\">Viisi henkil\u00f6\u00e4 on edelleen vangittuna. Tapaus siirtyy perjantaina syyteharkintaan.<\/p>\n","protected":false},"excerpt":{"rendered":"Yksi ep\u00e4illyist\u00e4 on entinen huippuj\u00e4\u00e4kiekkoilija Jere Karalahti. Avaa kuvien katselu Poliisi takavarikoi kilokaupalla amfetamiina huumausaineiden s\u00e4ilytykseen k\u00e4ytetyst\u00e4 asunnosta.&hellip;\n","protected":false},"author":2,"featured_media":114955,"comment_status":"","ping_status":"","sticky":false,"template":"","format":"standard","meta":{"footnotes":""},"categories":[130],"tags":[21068,137,33,31,30,104,71,52,1263,32,1168,109],"class_list":{"0":"post-114954","1":"post","2":"type-post","3":"status-publish","4":"format-standard","5":"has-post-thumbnail","7":"category-viihde","8":"tag-amfetamiini","9":"tag-entertainment","10":"tag-fi","11":"tag-finland","12":"tag-finnish","13":"tag-helsinki","14":"tag-kotimaa","15":"tag-poliisi","16":"tag-rikosepailyt","17":"tag-suomi","18":"tag-uusimaa","19":"tag-viihde"},"share_on_mastodon":{"url":"https:\/\/pubeurope.com\/@fi\/115709753780443293","error":""},"_links":{"self":[{"href":"https:\/\/www.europesays.com\/fi\/wp-json\/wp\/v2\/posts\/114954","targetHints":{"allow":["GET"]}}],"collection":[{"href":"https:\/\/www.europesays.com\/fi\/wp-json\/wp\/v2\/posts"}],"about":[{"href":"https:\/\/www.europesays.com\/fi\/wp-json\/wp\/v2\/types\/post"}],"author":[{"embeddable":true,"href":"https:\/\/www.europesays.com\/fi\/wp-json\/wp\/v2\/users\/2"}],"replies":[{"embeddable":true,"href":"https:\/\/www.europesays.com\/fi\/wp-json\/wp\/v2\/comments?post=114954"}],"version-history":[{"count":0,"href":"https:\/\/www.europesays.com\/fi\/wp-json\/wp\/v2\/posts\/114954\/revisions"}],"wp:featuredmedia":[{"embeddable":true,"href":"https:\/\/www.europesays.com\/fi\/wp-json\/wp\/v2\/media\/114955"}],"wp:attachment":[{"href":"https:\/\/www.europesays.com\/fi\/wp-json\/wp\/v2\/media?parent=114954"}],"wp:term":[{"taxonomy":"category","embeddable":true,"href":"https:\/\/www.europesays.com\/fi\/wp-json\/wp\/v2\/categories?post=114954"},{"taxonomy":"post_tag","embeddable":true,"href":"https:\/\/www.europesays.com\/fi\/wp-json\/wp\/v2\/tags?post=114954"}],"curies":[{"name":"wp","href":"https:\/\/api.w.org\/{rel}","templated":true}]}}