{"id":114957,"date":"2025-12-13T01:54:08","date_gmt":"2025-12-13T01:54:08","guid":{"rendered":"https:\/\/www.europesays.com\/fi\/114957\/"},"modified":"2025-12-13T01:54:08","modified_gmt":"2025-12-13T01:54:08","slug":"indiana-torjui-trumpin-ajaman-uuden-vaalipiirijaon-uutisia-lyhyesti","status":"publish","type":"post","link":"https:\/\/www.europesays.com\/fi\/114957\/","title":{"rendered":"Indiana torjui Trumpin ajaman uuden vaalipiirijaon | Uutisia lyhyesti"},"content":{"rendered":"<p class=\"aw-1gybjub aw-5vja16 kEtdKx kmuxyA yle__article__paragraph\"> Jako olisi suosinut republikaaneja, koska se olisi vahvistanut puolueen asemia kahdessa demokraattien hallussa olevassa vaalipiiriss\u00e4.<\/p>\n<p class=\"aw-1gybjub aw-1p7kakr kEtdKx cEmitX yle__article__paragraph\">Yhdysvalloissa Indianan osavaltion p\u00e4\u00e4tt\u00e4j\u00e4t torjuivat torstaina ylivoimaisella enemmist\u00f6ll\u00e4 republikaanipresidentti <strong class=\"aw-ak79eh KyCXm yle__article__strong\">Donald Trumpin<\/strong> ajaman uuden vaalipiirijaon. Jako olisi suosinut republikaaneja, koska se olisi vahvistanut puolueen asemia kahdessa demokraattien hallussa olevassa vaalipiiriss\u00e4.<\/p>\n<p class=\"aw-1gybjub aw-1p7kakr kEtdKx cEmitX yle__article__paragraph\">Demokraatit tarvitsisivat vain kolme lis\u00e4paikkaa saadakseen enemmist\u00f6n maan edustajainhuoneessa ensi vuoden vaaleissa.<\/p>\n<p class=\"aw-1gybjub aw-1p7kakr kEtdKx cEmitX yle__article__paragraph\">Trumpin hankkeen kaatuminen Indianassa on merkitt\u00e4v\u00e4\u00e4 siksikin, ett\u00e4 Indiana on vahvasti republikaanienemmist\u00f6inen osavaltio. Siit\u00e4 huolimatta osavaltion senaatti torjui uuden vaalipiirijaon \u00e4\u00e4nin 31\u201319.<\/p>\n<p class=\"aw-1gybjub aw-1p7kakr kEtdKx cEmitX yle__article__paragraph\">Trump kritisoi ankarasti Indianan osavaltion senaatin johtavaa republikaania <strong class=\"aw-ak79eh KyCXm yle__article__strong\">Rodric Brayta<\/strong> ja sanoi toivovansa, ett\u00e4 t\u00e4m\u00e4 h\u00e4vi\u00e4\u00e4 seuraavissa vaaleissa.<\/p>\n","protected":false},"excerpt":{"rendered":"Jako olisi suosinut republikaaneja, koska se olisi vahvistanut puolueen asemia kahdessa demokraattien hallussa olevassa vaalipiiriss\u00e4. Yhdysvalloissa Indianan osavaltion&hellip;\n","protected":false},"author":2,"featured_media":74,"comment_status":"","ping_status":"","sticky":false,"template":"","format":"standard","meta":{"footnotes":""},"categories":[14],"tags":[22,23,26,27,33,31,30,17,24,25,28,29,15,18,21,32,19,20,56,16,59,60,61],"class_list":{"0":"post-114957","1":"post","2":"type-post","3":"status-publish","4":"format-standard","5":"has-post-thumbnail","7":"category-ulkomaat","8":"tag-breaking-news","9":"tag-breakingnews","10":"tag-featured-news","11":"tag-featurednews","12":"tag-fi","13":"tag-finland","14":"tag-finnish","15":"tag-headlines","16":"tag-latest-news","17":"tag-latestnews","18":"tag-main-news","19":"tag-mainnews","20":"tag-news","21":"tag-otsikot","22":"tag-paauutiset","23":"tag-suomi","24":"tag-top-stories","25":"tag-topstories","26":"tag-ulkomaat","27":"tag-uutiset","28":"tag-world","29":"tag-world-news","30":"tag-worldnews"},"share_on_mastodon":{"url":"https:\/\/pubeurope.com\/@fi\/115709769378373042","error":""},"_links":{"self":[{"href":"https:\/\/www.europesays.com\/fi\/wp-json\/wp\/v2\/posts\/114957","targetHints":{"allow":["GET"]}}],"collection":[{"href":"https:\/\/www.europesays.com\/fi\/wp-json\/wp\/v2\/posts"}],"about":[{"href":"https:\/\/www.europesays.com\/fi\/wp-json\/wp\/v2\/types\/post"}],"author":[{"embeddable":true,"href":"https:\/\/www.europesays.com\/fi\/wp-json\/wp\/v2\/users\/2"}],"replies":[{"embeddable":true,"href":"https:\/\/www.europesays.com\/fi\/wp-json\/wp\/v2\/comments?post=114957"}],"version-history":[{"count":0,"href":"https:\/\/www.europesays.com\/fi\/wp-json\/wp\/v2\/posts\/114957\/revisions"}],"wp:featuredmedia":[{"embeddable":true,"href":"https:\/\/www.europesays.com\/fi\/wp-json\/wp\/v2\/media\/74"}],"wp:attachment":[{"href":"https:\/\/www.europesays.com\/fi\/wp-json\/wp\/v2\/media?parent=114957"}],"wp:term":[{"taxonomy":"category","embeddable":true,"href":"https:\/\/www.europesays.com\/fi\/wp-json\/wp\/v2\/categories?post=114957"},{"taxonomy":"post_tag","embeddable":true,"href":"https:\/\/www.europesays.com\/fi\/wp-json\/wp\/v2\/tags?post=114957"}],"curies":[{"name":"wp","href":"https:\/\/api.w.org\/{rel}","templated":true}]}}