{"id":114958,"date":"2025-12-13T01:55:07","date_gmt":"2025-12-13T01:55:07","guid":{"rendered":"https:\/\/www.europesays.com\/fi\/114958\/"},"modified":"2025-12-13T01:55:07","modified_gmt":"2025-12-13T01:55:07","slug":"presidentti-stubb-peruu-texasin-matkansa-syyna-ukrainan-tilanne-uutissuomalainen","status":"publish","type":"post","link":"https:\/\/www.europesays.com\/fi\/114958\/","title":{"rendered":"Presidentti Stubb peruu Texasin-matkansa \u2013 syyn\u00e4 Ukrainan tilanne | Uutissuomalainen"},"content":{"rendered":"<p>Presidentti <strong>Alexander Stubbin<\/strong> suunniteltu matka F-35-h\u00e4vitt\u00e4j\u00e4n julkistustilaisuuteen ja konsulaatin avajaisiin Yhdysvaltain Texasissa ensi viikolla on peruuntunut. Stubb kertoi asiasta tiedotustilaisuudessa Hollannin Haagissa.<\/p>\n<p>Matkan peruuntumisen syyksi Stubb kertoi Ukrainaa koskevien neuvottelujen herk\u00e4n tilanteen Euroopassa. Stubb ei kuitenkaan kertonut tarkempia tietoja niist\u00e4 neuvotteluista, joihin on ensi viikolla osallistumassa.<\/p>\n<p>Stubbin oli m\u00e4\u00e4r\u00e4 osallistua Texasissa 15.\u201316. joulukuuta Suomen Houstonin-konsulaatin avajaisiin sek\u00e4 ensimm\u00e4isen Suomen F-35:n julkistustilaisuuteen Fort Worthissa Lockheed Martinin tehtaalla.<\/p>\n","protected":false},"excerpt":{"rendered":"Presidentti Alexander Stubbin suunniteltu matka F-35-h\u00e4vitt\u00e4j\u00e4n julkistustilaisuuteen ja konsulaatin avajaisiin Yhdysvaltain Texasissa ensi viikolla on peruuntunut. Stubb kertoi&hellip;\n","protected":false},"author":2,"featured_media":114959,"comment_status":"","ping_status":"","sticky":false,"template":"","format":"standard","meta":{"footnotes":""},"categories":[12],"tags":[3406,722,22,23,26,27,33,31,30,17,24,25,21069,28,29,15,18,21,142,637,144,32,19,20,16,638],"class_list":{"0":"post-114958","1":"post","2":"type-post","3":"status-publish","4":"format-standard","5":"has-post-thumbnail","7":"category-suomi","8":"tag-alexander-stubb","9":"tag-amerikka","10":"tag-breaking-news","11":"tag-breakingnews","12":"tag-featured-news","13":"tag-featurednews","14":"tag-fi","15":"tag-finland","16":"tag-finnish","17":"tag-headlines","18":"tag-latest-news","19":"tag-latestnews","20":"tag-lockheed-martin-corp","21":"tag-main-news","22":"tag-mainnews","23":"tag-news","24":"tag-otsikot","25":"tag-paauutiset","26":"tag-poliitikot","27":"tag-politiikka","28":"tag-presidentti","29":"tag-suomi","30":"tag-top-stories","31":"tag-topstories","32":"tag-uutiset","33":"tag-valtiovalta"},"share_on_mastodon":{"url":"https:\/\/pubeurope.com\/@fi\/115709773352703665","error":""},"_links":{"self":[{"href":"https:\/\/www.europesays.com\/fi\/wp-json\/wp\/v2\/posts\/114958","targetHints":{"allow":["GET"]}}],"collection":[{"href":"https:\/\/www.europesays.com\/fi\/wp-json\/wp\/v2\/posts"}],"about":[{"href":"https:\/\/www.europesays.com\/fi\/wp-json\/wp\/v2\/types\/post"}],"author":[{"embeddable":true,"href":"https:\/\/www.europesays.com\/fi\/wp-json\/wp\/v2\/users\/2"}],"replies":[{"embeddable":true,"href":"https:\/\/www.europesays.com\/fi\/wp-json\/wp\/v2\/comments?post=114958"}],"version-history":[{"count":0,"href":"https:\/\/www.europesays.com\/fi\/wp-json\/wp\/v2\/posts\/114958\/revisions"}],"wp:featuredmedia":[{"embeddable":true,"href":"https:\/\/www.europesays.com\/fi\/wp-json\/wp\/v2\/media\/114959"}],"wp:attachment":[{"href":"https:\/\/www.europesays.com\/fi\/wp-json\/wp\/v2\/media?parent=114958"}],"wp:term":[{"taxonomy":"category","embeddable":true,"href":"https:\/\/www.europesays.com\/fi\/wp-json\/wp\/v2\/categories?post=114958"},{"taxonomy":"post_tag","embeddable":true,"href":"https:\/\/www.europesays.com\/fi\/wp-json\/wp\/v2\/tags?post=114958"}],"curies":[{"name":"wp","href":"https:\/\/api.w.org\/{rel}","templated":true}]}}