{"id":114960,"date":"2025-12-13T01:56:10","date_gmt":"2025-12-13T01:56:10","guid":{"rendered":"https:\/\/www.europesays.com\/fi\/114960\/"},"modified":"2025-12-13T01:56:10","modified_gmt":"2025-12-13T01:56:10","slug":"tuore-luottoluokitus-julki-nain-purra-kommentoi","status":"publish","type":"post","link":"https:\/\/www.europesays.com\/fi\/114960\/","title":{"rendered":"Tuore luottoluokitus julki \u2013 N\u00e4in Purra kommentoi"},"content":{"rendered":"<p>Luottoluokituslaitoksen mukaan Suomen n\u00e4kym\u00e4t ovat vakaat.<\/p>\n<p><img decoding=\"async\" class=\"image image-show image-preview\" src=\"https:\/\/www.europesays.com\/fi\/wp-content\/uploads\/2025\/12\/a62597675339e2d2d1888816d30fe2fe080b5f223ef80e7ed941da29bf8eb8c3.jpg\" alt=\"\"\/><img decoding=\"async\" class=\"image image-show\" src=\"https:\/\/www.europesays.com\/fi\/wp-content\/uploads\/2025\/09\/1757236088_730_a62597675339e2d2d1888816d30fe2fe080b5f223ef80e7ed941da29bf8eb8c3.jpg\" alt=\"\"\/><\/p>\n<p>Heikko talouden kehitys on v\u00e4hent\u00e4nyt valtion talouspolitiikan vaikutuksia, arvio luottoluokittaja. Kuvituskuvassa valtiovarainministeri Riikka Purra. Pete Anikari<\/p>\n<p class=\"paragraph\">Moody\u2019s Ratings s\u00e4ilytti Suomen luottoluokituksen ennallaan eli toiseksi korkeimmalla AA1-tasolla.<\/p>\n<p class=\"paragraph\">Yhti\u00f6n mukaan nyt annettu luokitus ei kerro siit\u00e4, voiko luokitus muuttua l\u00e4hiaikoina.<\/p>\n<p class=\"paragraph\">\u2013 Arvio antaa selv\u00e4n viestin, ett\u00e4 hallitus on tehnyt oikeita toimia, kommentoi valtiovarainministeri <a href=\"https:\/\/www.iltalehti.fi\/henkilot\/Riikka Purra\" class=\"article-link-person-page\" rel=\"nofollow noopener\" target=\"_blank\">Riikka Purra<\/a> (ps.) tuloksia tuoreeltaan tiedotteessa.<\/p>\n<p class=\"paragraph\">\u2013 Mutta viestin\u00e4 on my\u00f6s, ett\u00e4 meid\u00e4n pit\u00e4\u00e4 edelleen vahvistaa Suomen taloutta, etenkin julkista taloutta. Sopeutustoimet jatkuvat seuraavalla hallituskaudella, Purra sanoo.<\/p>\n<p class=\"paragraph\">Luottoluokittaja arvioi, ett\u00e4 julkisen talouden velkataakka tulee v\u00e4henem\u00e4\u00e4n tulevaisuudessa. T\u00e4t\u00e4 arviota tukee uusi velkajarrusopimus.<\/p>\n<p class=\"paragraph\">\u2013 Vaikka hallituksella on kunnianhimoinen suunnitelma parantaa julkista taloutta, heikko talouskehitys on vaikuttanut vastakkaiseen suuntaan ja v\u00e4hent\u00e4nyt sopeutuspakettien vaikutuksia, Moody\u2019s sanoo valtiovarainministeri\u00f6n tiedotteen mukaan.<\/p>\n<p class=\"paragraph\">Moody\u2019sin arvion mukaan luottoluokitusta puoltavat Suomen vahvat instituutiot, korkea varallisuustaso ja koulutettu ty\u00f6voima.<\/p>\n<p class=\"paragraph\">Hein\u00e4kuussa luottoluokittaja Fitch <a href=\"https:\/\/www.iltalehti.fi\/talous\/05f6888a-7c51-47bc-bf30-e433a9274067\" rel=\"nofollow noopener\" target=\"_blank\">laski<\/a> Suomen luokitusta omassa arviossaan pyk\u00e4l\u00e4n verran alasp\u00e4in kolmanneksi parhaaseen AA-luokkaan.<\/p>\n","protected":false},"excerpt":{"rendered":"Luottoluokituslaitoksen mukaan Suomen n\u00e4kym\u00e4t ovat vakaat. Heikko talouden kehitys on v\u00e4hent\u00e4nyt valtion talouspolitiikan vaikutuksia, arvio luottoluokittaja. Kuvituskuvassa valtiovarainministeri&hellip;\n","protected":false},"author":2,"featured_media":114961,"comment_status":"","ping_status":"","sticky":false,"template":"","format":"standard","meta":{"footnotes":""},"categories":[5],"tags":[35,22,23,26,27,33,31,30,863,17,2456,24,25,28,29,15,18,21,5628,637,721,32,19,20,16],"class_list":{"0":"post-114960","1":"post","2":"type-post","3":"status-publish","4":"format-standard","5":"has-post-thumbnail","7":"category-otsikot","8":"tag-24h","9":"tag-breaking-news","10":"tag-breakingnews","11":"tag-featured-news","12":"tag-featurednews","13":"tag-fi","14":"tag-finland","15":"tag-finnish","16":"tag-hallitus","17":"tag-headlines","18":"tag-lainamarkkinat","19":"tag-latest-news","20":"tag-latestnews","21":"tag-main-news","22":"tag-mainnews","23":"tag-news","24":"tag-otsikot","25":"tag-paauutiset","26":"tag-pankkitoiminta","27":"tag-politiikka","28":"tag-rahoitus","29":"tag-suomi","30":"tag-top-stories","31":"tag-topstories","32":"tag-uutiset"},"share_on_mastodon":{"url":"https:\/\/pubeurope.com\/@fi\/115709777509859224","error":""},"_links":{"self":[{"href":"https:\/\/www.europesays.com\/fi\/wp-json\/wp\/v2\/posts\/114960","targetHints":{"allow":["GET"]}}],"collection":[{"href":"https:\/\/www.europesays.com\/fi\/wp-json\/wp\/v2\/posts"}],"about":[{"href":"https:\/\/www.europesays.com\/fi\/wp-json\/wp\/v2\/types\/post"}],"author":[{"embeddable":true,"href":"https:\/\/www.europesays.com\/fi\/wp-json\/wp\/v2\/users\/2"}],"replies":[{"embeddable":true,"href":"https:\/\/www.europesays.com\/fi\/wp-json\/wp\/v2\/comments?post=114960"}],"version-history":[{"count":0,"href":"https:\/\/www.europesays.com\/fi\/wp-json\/wp\/v2\/posts\/114960\/revisions"}],"wp:featuredmedia":[{"embeddable":true,"href":"https:\/\/www.europesays.com\/fi\/wp-json\/wp\/v2\/media\/114961"}],"wp:attachment":[{"href":"https:\/\/www.europesays.com\/fi\/wp-json\/wp\/v2\/media?parent=114960"}],"wp:term":[{"taxonomy":"category","embeddable":true,"href":"https:\/\/www.europesays.com\/fi\/wp-json\/wp\/v2\/categories?post=114960"},{"taxonomy":"post_tag","embeddable":true,"href":"https:\/\/www.europesays.com\/fi\/wp-json\/wp\/v2\/tags?post=114960"}],"curies":[{"name":"wp","href":"https:\/\/api.w.org\/{rel}","templated":true}]}}