{"id":114962,"date":"2025-12-13T02:09:08","date_gmt":"2025-12-13T02:09:08","guid":{"rendered":"https:\/\/www.europesays.com\/fi\/114962\/"},"modified":"2025-12-13T02:09:08","modified_gmt":"2025-12-13T02:09:08","slug":"miksi-isa-ei-saa-kritiikkia-rita-piirosen-linnan-juhliin-osallistuminen-poiki-useita-lastensuojeluilmoituksia","status":"publish","type":"post","link":"https:\/\/www.europesays.com\/fi\/114962\/","title":{"rendered":"&#8221;Miksi is\u00e4 ei saa kritiikki\u00e4?&#8221; \u2013 Rita Piirosen Linnan juhliin osallistuminen poiki useita lastensuojeluilmoituksia"},"content":{"rendered":"<p>Joensuulainen somevaikuttaja ja kahvilayritt\u00e4j\u00e4 <strong>Rita Piironen<\/strong> osallistui itsen\u00e4isyysp\u00e4iv\u00e4n\u00e4 Linnan juhliin puolisonsa <strong>Jaakob Rissasen<\/strong> kanssa.<\/p>\n<p>Piironen oli synnytt\u00e4nyt kolmannen lapsensa edellisen\u00e4 p\u00e4iv\u00e4n\u00e4.<\/p>\n<p>Joku olisi saattanut ihmetell\u00e4 Piirosen voimavaroja, kun h\u00e4n kykenee osallistumaan isoon juhlatilaisuuteen noin pian synnytyksen j\u00e4lkeen, mutta sen sijaan h\u00e4n onkin saanut roppakaupalla kritiikki\u00e4.<\/p>\n<p>Lue my\u00f6s: <a href=\"https:\/\/www.voice.fi\/viihde\/muodin-raamattu-vogue-julkaisi-linnan-juhlien-upeimmat-asut\" title=\"Muodin raamattu Vogue julkaisi Linnan juhlien upeimmat asut\" class=\"underline-custom !font-montserrat !font-bold !underline-offset-4 !decoration-4 !decoration-tilt-light !text-md\" rel=\"nofollow noopener\" target=\"_blank\">Muodin raamattu Vogue julkaisi Linnan juhlien upeimmat asut<\/a><\/p>\n<p>Lue my\u00f6s: <a href=\"https:\/\/www.voice.fi\/viihde\/huomiota-haettu-erika-vikmanin-ja-erna-huskon-suukottelu-linnan-juhlien-jatkoilla-sai-somen-ryopsahtamaan\" title=\"\u201dHuomiota haettu\u201d \u2013 Erika Vikmanin  ja Erna Huskon suukottelu Linnan juhlien jatkoilla sai somen ry\u00f6ps\u00e4ht\u00e4m\u00e4\u00e4n\" class=\"underline-custom !font-montserrat !font-bold !underline-offset-4 !decoration-4 !decoration-tilt-light !text-md\" rel=\"nofollow noopener\" target=\"_blank\">\u201dHuomiota haettu\u201d \u2013 Erika Vikmanin  ja Erna Huskon suukottelu Linnan juhlien jatkoilla sai somen ry\u00f6ps\u00e4ht\u00e4m\u00e4\u00e4n<\/a><\/p>\n<p>Eiv\u00e4tk\u00e4 kaikki ole j\u00e4tt\u00e4neet panostaan pelk\u00e4n kritiikin tasolle. Pariskunnan vauvasta on tehty useita lastensuojeluilmoituksia.<\/p>\n<p>Rissanen kertoo asiasta <a href=\"https:\/\/www.instagram.com\/jaakobrissanen\/\" target=\"_blank\" rel=\"noreferrer noopener nofollow\">Instagram-tilill\u00e4\u00e4n<\/a>. Samalla perhe vetoaa ilmoituksia tekeviin ihmisiin:<\/p>\n<p>\u2013 Pyyd\u00e4mme, ett\u00e4 niiden tekeminen lopetetaan.<\/p>\n<p>\u2013 Ei kuormiteta j\u00e4rjestelm\u00e4\u00e4 enemp\u00e4\u00e4. On perheit\u00e4, jotka oikeasti tarvitsevat apua ja tukea.<\/p>\n<p><a href=\"https:\/\/www.iltalehti.fi\/viihdeuutiset\/a\/584139ce-7e9e-4b7c-adbd-f62237a140d4\" target=\"_blank\" rel=\"noreferrer noopener nofollow\">Iltalehden<\/a> artikkelissa Piironen ihmettelee, miksei is\u00e4 ole saanut lainkkaan kritiikki\u00e4, vaikka h\u00e4n oli samoissa juhlissa.<\/p>\n<p>\u2013 Tietenkin \u00e4iti saa kaiken kritiikin t\u00e4ss\u00e4kin.<\/p>\n<p>Instagram-p\u00e4ivitykseen on kertynyt runsaasti kommentteja. Monet puolustavat Piirosta:<\/p>\n<p>\u2013 Siis onko oikeasti olemassa noin tyhmi\u00e4 ihmisi\u00e4?! Kuormitetaan j\u00e4rjestelm\u00e4\u00e4 joka muutenkin toimii huonosti jo nyt ja tarvitsee kaikki resurssit ett\u00e4 pystyy auttamaan perheit\u00e4 ja lapsia jotka tukea tarvitsevat oikeasti! Valoja p\u00e4\u00e4lle nyt ihmiset.<\/p>\n<p>Lue my\u00f6s: <a href=\"https:\/\/www.voice.fi\/viihde\/oon-pettynyt-etta-alennut-tammoiseen-wilma-schlizewskin-linnan-juhlien-suorasukainen-kommentointi-kuohuttaa\" title=\"\u201dOon pettynyt ett\u00e4 alennut t\u00e4mm\u00f6iseen\u201d \u2013 Wilma Schlizewskin Linnan juhlien suorasukainen kommentointi kuohuttaa\" class=\"underline-custom !font-montserrat !font-bold !underline-offset-4 !decoration-4 !decoration-tilt-light !text-md\" rel=\"nofollow noopener\" target=\"_blank\">\u201dOon pettynyt ett\u00e4 alennut t\u00e4mm\u00f6iseen\u201d \u2013 Wilma Schlizewskin Linnan juhlien suorasukainen kommentointi kuohuttaa<\/a><\/p>\n<p>Lue my\u00f6s: <a href=\"https:\/\/www.voice.fi\/viihde\/antonio-flores-jatti-kalsarinsa-vessaan-ensimmaisissa-linnan-juhlissaan\" title=\"Antonio Flores j\u00e4tti kalsarinsa vessaan ensimm\u00e4isiss\u00e4 Linnan juhlissaan\" class=\"underline-custom !font-montserrat !font-bold !underline-offset-4 !decoration-4 !decoration-tilt-light !text-md\" rel=\"nofollow noopener\" target=\"_blank\">Antonio Flores j\u00e4tti kalsarinsa vessaan ensimm\u00e4isiss\u00e4 Linnan juhlissaan<\/a><\/p>\n<p>\u2013 Siis mit\u00e4 helvetti\u00e4? Lasuja siit\u00e4, ett\u00e4 olitte linnanjuhlissa ja vauvalla ja isoveljill\u00e4 hoitaja? Oikeasti.<\/p>\n<p>\u2013 Kyll\u00e4 on suomalainen kansa hyvinvoivaa ja fiksua. Otan osaa, ett\u00e4 ootte jouteenut tommosen turhan paskan keskelle.<\/p>\n<p>\u2013 Mit\u00e4? Mik\u00e4 vaivaa ihmisi\u00e4 jotka tehtailee lastensuojeluilmoituksia; kateusko vai mik\u00e4?<\/p>\n<p>\u2013 Ei hyv\u00e4nen aika, kuka on noin idiootti ett\u00e4 menee lasun tekem\u00e4\u00e4n?<\/p>\n<p>\u2013 Arvostan teit\u00e4 ja en olisi koskaan tehnyt teist\u00e4 lastensuojelu ilmoitusta.<\/p>\n<p>\u2013 Eik\u00f6 ole v\u00e4h\u00e4n sama asia ett\u00e4 \u00e4iti l\u00e4htee synnytyksen j\u00e4lkeen yksin kauppaan ja j\u00e4tt\u00e4\u00e4 lapsen mummon hoitoon? Pit\u00e4sk\u00f6 siit\u00e4kin tehd\u00e4 lasu?<\/p>\n<p>Joku sora\u00e4\u00e4nikin mahtuu joukkoon<\/p>\n<p>\u2013 He ovat viel\u00e4 nuoria. V\u00e4h\u00e4n vanhempi \u00e4iti ei olisii ajanut Joensuusta Helsinkiin, tai sielt\u00e4p\u00e4in vastasyntyneen kanssa, ja vienyt hotelliin, jossa ihan eri p\u00f6p\u00f6t kuin kotona, ja itse mennyt ihmispaljouteen juuri synnytt\u00e4neen\u00e4. Vastuuntuntoinen \u00e4iti ei olisi toiminut noin.<\/p>\n<p>\t\t\t\t<script async src=\"\/\/www.instagram.com\/embed.js\"><\/script><\/p>\n","protected":false},"excerpt":{"rendered":"Joensuulainen somevaikuttaja ja kahvilayritt\u00e4j\u00e4 Rita Piironen osallistui itsen\u00e4isyysp\u00e4iv\u00e4n\u00e4 Linnan juhliin puolisonsa Jaakob Rissasen kanssa. Piironen oli synnytt\u00e4nyt kolmannen&hellip;\n","protected":false},"author":2,"featured_media":114963,"comment_status":"","ping_status":"","sticky":false,"template":"","format":"standard","meta":{"footnotes":""},"categories":[136],"tags":[407,137,33,31,30,408,4697,21070,14062,32,109],"class_list":{"0":"post-114962","1":"post","2":"type-post","3":"status-publish","4":"format-standard","5":"has-post-thumbnail","7":"category-julkkikset","8":"tag-celebrities","9":"tag-entertainment","10":"tag-fi","11":"tag-finland","12":"tag-finnish","13":"tag-julkkikset","14":"tag-kritiikki","15":"tag-lastensuojeluilmoitus","16":"tag-linnan-juhlat","17":"tag-suomi","18":"tag-viihde"},"share_on_mastodon":{"url":"https:\/\/pubeurope.com\/@fi\/115709828395038193","error":""},"_links":{"self":[{"href":"https:\/\/www.europesays.com\/fi\/wp-json\/wp\/v2\/posts\/114962","targetHints":{"allow":["GET"]}}],"collection":[{"href":"https:\/\/www.europesays.com\/fi\/wp-json\/wp\/v2\/posts"}],"about":[{"href":"https:\/\/www.europesays.com\/fi\/wp-json\/wp\/v2\/types\/post"}],"author":[{"embeddable":true,"href":"https:\/\/www.europesays.com\/fi\/wp-json\/wp\/v2\/users\/2"}],"replies":[{"embeddable":true,"href":"https:\/\/www.europesays.com\/fi\/wp-json\/wp\/v2\/comments?post=114962"}],"version-history":[{"count":0,"href":"https:\/\/www.europesays.com\/fi\/wp-json\/wp\/v2\/posts\/114962\/revisions"}],"wp:featuredmedia":[{"embeddable":true,"href":"https:\/\/www.europesays.com\/fi\/wp-json\/wp\/v2\/media\/114963"}],"wp:attachment":[{"href":"https:\/\/www.europesays.com\/fi\/wp-json\/wp\/v2\/media?parent=114962"}],"wp:term":[{"taxonomy":"category","embeddable":true,"href":"https:\/\/www.europesays.com\/fi\/wp-json\/wp\/v2\/categories?post=114962"},{"taxonomy":"post_tag","embeddable":true,"href":"https:\/\/www.europesays.com\/fi\/wp-json\/wp\/v2\/tags?post=114962"}],"curies":[{"name":"wp","href":"https:\/\/api.w.org\/{rel}","templated":true}]}}