{"id":114970,"date":"2025-12-13T02:21:10","date_gmt":"2025-12-13T02:21:10","guid":{"rendered":"https:\/\/www.europesays.com\/fi\/114970\/"},"modified":"2025-12-13T02:21:10","modified_gmt":"2025-12-13T02:21:10","slug":"saksa-syyttaa-venajaa-hyokkayksista-lennonjohtoon-ja-vaaleihin","status":"publish","type":"post","link":"https:\/\/www.europesays.com\/fi\/114970\/","title":{"rendered":"Saksa syytt\u00e4\u00e4 Ven\u00e4j\u00e4\u00e4 hy\u00f6kk\u00e4yksist\u00e4 lennonjohtoon ja vaaleihin"},"content":{"rendered":"<p><strong class=\"typography-bold\">Saksa on kutsunut Ven\u00e4j\u00e4n suurl\u00e4hettil\u00e4\u00e4n puhutteluun.<\/strong><\/p>\n<p>Saksa kertoo tunnistaneensa kaksi Ven\u00e4j\u00e4n kyberhy\u00f6kk\u00e4yst\u00e4 maata kohtaan. Kyberoperaatioiden kohteena olivat lennonjohto sek\u00e4 viime helmikuun liittop\u00e4iv\u00e4vaalit.<\/p>\n<p>Saksan ulkoministeri\u00f6n mukaan Saksan lennonjohtoon elokuussa 2024 kohdistuneen kyberhy\u00f6kk\u00e4yksen tekij\u00e4ksi on tunnistettu ven\u00e4l\u00e4inen hakkeriryhm\u00e4 APT28, joka tunnetaan my\u00f6s nimell\u00e4 Fancy Bear.<\/p>\n<p>\u2013\u2009Voimme my\u00f6s nyt kertoa varmuudella, ett\u00e4 Ven\u00e4j\u00e4 pyrki Storm 1516 -kampanjan avulla vaikuttamaan edellisiin liittop\u00e4iv\u00e4vaaleihin ja horjuttamaan niit\u00e4, Saksan ulkoministeri\u00f6n edustaja kertoi lehdist\u00f6tilaisuudessa.<\/p>\n<p>Saksa on kutsunut Ven\u00e4j\u00e4n suurl\u00e4hettil\u00e4\u00e4n puhutteluun kyberhy\u00f6kk\u00e4ysten takia.<\/p>\n<p>\u2013\u2009Aiomme ryhty\u00e4 vastatoimiin l\u00e4heisess\u00e4 koordinaatiossa eurooppalaisten kumppaneidemme kanssa, jotta Ven\u00e4j\u00e4 joutuu maksamaan hybriditoimistaan.<\/p>\n<p>Ulkoministeri\u00f6n mukaan Saksa tukee uusia EU-tason pakotteita hybriditoimijoita vastaan.<\/p>\n<p>Ven\u00e4j\u00e4n hybridioperaatiot ovat her\u00e4tt\u00e4neet Euroopassa paljon huolta Ukrainan sodan aikana. Vakoilun, sabotaasitoiminnan ja disinformaatiokampanjoiden ohella Ven\u00e4j\u00e4n ep\u00e4ill\u00e4\u00e4n my\u00f6s liittyv\u00e4n viime kuukausina useiden Euroopan lentokenttien ymp\u00e4rill\u00e4 havaittuihin lennokkeihin.<\/p>\n","protected":false},"excerpt":{"rendered":"Saksa on kutsunut Ven\u00e4j\u00e4n suurl\u00e4hettil\u00e4\u00e4n puhutteluun. Saksa kertoo tunnistaneensa kaksi Ven\u00e4j\u00e4n kyberhy\u00f6kk\u00e4yst\u00e4 maata kohtaan. Kyberoperaatioiden kohteena olivat lennonjohto&hellip;\n","protected":false},"author":2,"featured_media":114971,"comment_status":"","ping_status":"","sticky":false,"template":"","format":"standard","meta":{"footnotes":""},"categories":[14],"tags":[22,23,26,27,33,31,30,17,24,25,28,29,15,18,21,32,19,20,56,16,59,60,61],"class_list":{"0":"post-114970","1":"post","2":"type-post","3":"status-publish","4":"format-standard","5":"has-post-thumbnail","7":"category-ulkomaat","8":"tag-breaking-news","9":"tag-breakingnews","10":"tag-featured-news","11":"tag-featurednews","12":"tag-fi","13":"tag-finland","14":"tag-finnish","15":"tag-headlines","16":"tag-latest-news","17":"tag-latestnews","18":"tag-main-news","19":"tag-mainnews","20":"tag-news","21":"tag-otsikot","22":"tag-paauutiset","23":"tag-suomi","24":"tag-top-stories","25":"tag-topstories","26":"tag-ulkomaat","27":"tag-uutiset","28":"tag-world","29":"tag-world-news","30":"tag-worldnews"},"share_on_mastodon":{"url":"https:\/\/pubeurope.com\/@fi\/115709875643936167","error":""},"_links":{"self":[{"href":"https:\/\/www.europesays.com\/fi\/wp-json\/wp\/v2\/posts\/114970","targetHints":{"allow":["GET"]}}],"collection":[{"href":"https:\/\/www.europesays.com\/fi\/wp-json\/wp\/v2\/posts"}],"about":[{"href":"https:\/\/www.europesays.com\/fi\/wp-json\/wp\/v2\/types\/post"}],"author":[{"embeddable":true,"href":"https:\/\/www.europesays.com\/fi\/wp-json\/wp\/v2\/users\/2"}],"replies":[{"embeddable":true,"href":"https:\/\/www.europesays.com\/fi\/wp-json\/wp\/v2\/comments?post=114970"}],"version-history":[{"count":0,"href":"https:\/\/www.europesays.com\/fi\/wp-json\/wp\/v2\/posts\/114970\/revisions"}],"wp:featuredmedia":[{"embeddable":true,"href":"https:\/\/www.europesays.com\/fi\/wp-json\/wp\/v2\/media\/114971"}],"wp:attachment":[{"href":"https:\/\/www.europesays.com\/fi\/wp-json\/wp\/v2\/media?parent=114970"}],"wp:term":[{"taxonomy":"category","embeddable":true,"href":"https:\/\/www.europesays.com\/fi\/wp-json\/wp\/v2\/categories?post=114970"},{"taxonomy":"post_tag","embeddable":true,"href":"https:\/\/www.europesays.com\/fi\/wp-json\/wp\/v2\/tags?post=114970"}],"curies":[{"name":"wp","href":"https:\/\/api.w.org\/{rel}","templated":true}]}}