{"id":114974,"date":"2025-12-13T02:28:10","date_gmt":"2025-12-13T02:28:10","guid":{"rendered":"https:\/\/www.europesays.com\/fi\/114974\/"},"modified":"2025-12-13T02:28:10","modified_gmt":"2025-12-13T02:28:10","slug":"mielipide-toivoisin-tarkkuutta-ymparisto-ja-metsatermiston-kaytossa-paakirjoitus-mielipide","status":"publish","type":"post","link":"https:\/\/www.europesays.com\/fi\/114974\/","title":{"rendered":"Mielipide | Toivoisin tarkkuutta ymp\u00e4rist\u00f6- ja mets\u00e4termist\u00f6n k\u00e4yt\u00f6ss\u00e4 | P\u00e4\u00e4kirjoitus &#038; mielipide"},"content":{"rendered":"<p>Erilaisella termist\u00f6ll\u00e4 kikkailu voi johtaa usein hyvin v\u00e4\u00e4r\u00e4nlaiseen ymm\u00e4rrykseen puhutusta aiheesta. N\u00e4in <a href=\"https:\/\/www.itahame.fi\/paakirjoitus-mielipide\/9062133\" rel=\"nofollow noopener\" target=\"_blank\">uhkaa k\u00e4yd\u00e4<\/a> Ari Helmisen P\u00e4iv\u00e4n vieras -kolumnissa (IH 11.12.).<\/p>\n<p>Kirjoituksessa kerrotaan Suomen olevan energiantuotannossa EU:n mallimaa ja seuraavassa lauseessa kerrotaan Suomen s\u00e4hk\u00f6ntuotannon olevan 95-prosenttisesti uusiutuvaa. S\u00e4hk\u00f6 ja energia eiv\u00e4t ole sama asia.<\/p>\n<p>Kyll\u00e4, Suomi on s\u00e4hk\u00f6ntuotannon mallimaa, mutta Suomessa tarvitaan my\u00f6s hyvin paljon energiaa l\u00e4hinn\u00e4 l\u00e4mmitykseen, mik\u00e4 voidaan tuottaa joko puhtaalla s\u00e4hk\u00f6ll\u00e4 tai, kuten perinteisesti on tehty, polttamalla jotain palavaa, on se sitten kivihiilt\u00e4, turvetta, j\u00e4tett\u00e4 tai vaikkapa puuta sen eri muodoissa.<\/p>\n<p>Vaikka Suomi onkin hyvin p\u00e4\u00e4sem\u00e4ss\u00e4 eroon kivihiilen ja turpeen poltosta, muun materiaalin polttaminen on edelleen merkitt\u00e4v\u00e4 muoto tuottaa energiaa, ja t\u00e4ss\u00e4 meill\u00e4 on viel\u00e4 tekemist\u00e4.<\/p>\n<blockquote class=\"voice-no-read rs_skip diks-blockquote\">\n<p class=\"diks-blockquote__text\">N\u00e4m\u00e4 eiv\u00e4t ole ihan yksinkertaisia asioita ymm\u00e4rt\u00e4\u00e4, k\u00e4sitell\u00e4 ja keskustella.<\/p>\n<\/blockquote>\n<p><strong class=\"diks-storyline__impact\">Mets\u00e4kato taas <\/strong>termin\u00e4 saattaa ihmisten mieless\u00e4 sekoittua paljon nykyp\u00e4iv\u00e4n\u00e4 kuultuun termiin luontokato. Mets\u00e4kato termin\u00e4 tarkoittaa mets\u00e4n muuntamista kokonaisuudessaan muuhun k\u00e4ytt\u00f6\u00f6n. Suomessa t\u00e4t\u00e4 tapahtuu eniten kaupunkialueilla ja my\u00f6s rakennettaessa esimerkiksi rautatielinjoja metsien halki.<\/p>\n<p>Tropiikin metsien tuhoaminen on todellinen ja iso ongelma puhuttaessa globaalisti mets\u00e4kadosta, mutta esimerkiksi Etel\u00e4-Amerikassa trooppisten metsien tuhoaja on ennemminkin lihateollisuus. T\u00e4t\u00e4 keskustelua kasvissy\u00f6j\u00e4t pit\u00e4v\u00e4t aktiivisesti esill\u00e4, sill\u00e4 metsi\u00e4 raivataan pysyv\u00e4sti soijan ja lihakarjan kasvatuksen tielt\u00e4. Vaikka ihmisetkin sy\u00f6v\u00e4t soijaa, suurin soijan kuluttaja on lihakarja.<\/p>\n<p><strong class=\"diks-storyline__impact\">Luontokato termin\u00e4<\/strong> taas on huomattavasti oleellisempi suomalaisten metsien kannalta. T\u00e4m\u00e4 tarkoittaa luonnon k\u00f6yhtymist\u00e4 ja luonnon monimuotoisuuden supistumista. T\u00e4st\u00e4 aiheesta varmastikin ne Helmisen mainitsemat Greenpeacen tai muiden ymp\u00e4rist\u00f6j\u00e4rjest\u00f6jen asiantuntijat ovat olleet mediassa kertomassa. Suomalainen mets\u00e4nkasvatustapa, jossa mets\u00e4ss\u00e4 kasvatetaan yht\u00e4 puulajia tukkipuuksi asti, ei varsinaisesti lis\u00e4\u00e4 luonnon monimuotoisuutta.<\/p>\n<p><strong class=\"diks-storyline__impact\">Suomalaiset sahat<\/strong> ja sellutehtaat on suunniteltu suomalaisille puulajeille, eli ei ole v\u00e4lit\u00f6nt\u00e4 vaaraa, ett\u00e4 tehtaille alettaisiin tuoda trooppista puuta, mik\u00e4li Suomen metsien hakkuita rajoitettaisiin.<\/p>\n<p>Yht\u00e4l\u00f6h\u00e4n on hankala. Varmasti kaikki haluaisimme suomalaisten tehtaiden s\u00e4ilyv\u00e4n, mutta tehtaiden puun saanti tapahtuu joko suomalaisista tai l\u00e4hinaapurimaiden metsist\u00e4. Puu pit\u00e4isi saada riitt\u00e4m\u00e4\u00e4n tehtaille mielell\u00e4\u00e4n kohtuuhintaan, pit\u00e4isi pysty\u00e4 kasvattamaan hiilinieluja ja samalla metsien monimuotoisuutta pit\u00e4isi pysty\u00e4 edist\u00e4m\u00e4\u00e4n.<\/p>\n<p><strong class=\"diks-storyline__impact\">En n\u00e4e muuta<\/strong> vaihtoehtoa, kuin nykyisentyyppisen mets\u00e4nkasvatustapamme kriittisen tarkastelun. Toisaalta my\u00f6s vanhoja metsi\u00e4 pit\u00e4isi pysty\u00e4 suojelemaan hakkuilta.<\/p>\n<p>Luontokadot, mets\u00e4kadot, hiilinielut, ilmastonmuutos\u2026. N\u00e4m\u00e4 eiv\u00e4t ole ihan yksinkertaisia asioita ymm\u00e4rt\u00e4\u00e4, k\u00e4sitell\u00e4 ja keskustella, joten toivoisin tarkkuutta my\u00f6s termist\u00f6n k\u00e4yt\u00f6ss\u00e4 eri asioista puhuttaessa.<\/p>\n<p class=\"diks-storyline__additional-information\">Kirjoittaja on tekniikan kandidaatti ja Heinolan Vihreiden j\u00e4sen.<\/p>\n","protected":false},"excerpt":{"rendered":"Erilaisella termist\u00f6ll\u00e4 kikkailu voi johtaa usein hyvin v\u00e4\u00e4r\u00e4nlaiseen ymm\u00e4rrykseen puhutusta aiheesta. N\u00e4in uhkaa k\u00e4yd\u00e4 Ari Helmisen P\u00e4iv\u00e4n vieras&hellip;\n","protected":false},"author":2,"featured_media":114975,"comment_status":"","ping_status":"","sticky":false,"template":"","format":"standard","meta":{"footnotes":""},"categories":[113],"tags":[446,824,33,31,30,3894,3355,961,9084,932,118,32,119,447],"class_list":{"0":"post-114974","1":"post","2":"type-post","3":"status-publish","4":"format-standard","5":"has-post-thumbnail","7":"category-ymparisto","8":"tag-environment","9":"tag-era-ja-luonto","10":"tag-fi","11":"tag-finland","12":"tag-finnish","13":"tag-heinola","14":"tag-heinolan-seutukunta","15":"tag-luonnonsuojelu","16":"tag-metsateollisuus-metsatalous-ja-siihen-liittyvat-palvelut","17":"tag-sahkontuotanto-ja-jakelu","18":"tag-science","19":"tag-suomi","20":"tag-tiede","21":"tag-ymparisto"},"share_on_mastodon":{"url":"https:\/\/pubeurope.com\/@fi\/115709903074892150","error":""},"_links":{"self":[{"href":"https:\/\/www.europesays.com\/fi\/wp-json\/wp\/v2\/posts\/114974","targetHints":{"allow":["GET"]}}],"collection":[{"href":"https:\/\/www.europesays.com\/fi\/wp-json\/wp\/v2\/posts"}],"about":[{"href":"https:\/\/www.europesays.com\/fi\/wp-json\/wp\/v2\/types\/post"}],"author":[{"embeddable":true,"href":"https:\/\/www.europesays.com\/fi\/wp-json\/wp\/v2\/users\/2"}],"replies":[{"embeddable":true,"href":"https:\/\/www.europesays.com\/fi\/wp-json\/wp\/v2\/comments?post=114974"}],"version-history":[{"count":0,"href":"https:\/\/www.europesays.com\/fi\/wp-json\/wp\/v2\/posts\/114974\/revisions"}],"wp:featuredmedia":[{"embeddable":true,"href":"https:\/\/www.europesays.com\/fi\/wp-json\/wp\/v2\/media\/114975"}],"wp:attachment":[{"href":"https:\/\/www.europesays.com\/fi\/wp-json\/wp\/v2\/media?parent=114974"}],"wp:term":[{"taxonomy":"category","embeddable":true,"href":"https:\/\/www.europesays.com\/fi\/wp-json\/wp\/v2\/categories?post=114974"},{"taxonomy":"post_tag","embeddable":true,"href":"https:\/\/www.europesays.com\/fi\/wp-json\/wp\/v2\/tags?post=114974"}],"curies":[{"name":"wp","href":"https:\/\/api.w.org\/{rel}","templated":true}]}}