{"id":114978,"date":"2025-12-13T02:42:12","date_gmt":"2025-12-13T02:42:12","guid":{"rendered":"https:\/\/www.europesays.com\/fi\/114978\/"},"modified":"2025-12-13T02:42:12","modified_gmt":"2025-12-13T02:42:12","slug":"lindsey-vonn-iloitsee-painonnousustaan-kuvat-kertovat-muutoksesta","status":"publish","type":"post","link":"https:\/\/www.europesays.com\/fi\/114978\/","title":{"rendered":"Lindsey Vonn iloitsee painonnousustaan \u2013 Kuvat kertovat muutoksesta"},"content":{"rendered":"<p>Alppit\u00e4hti palasi voittajana maailmancupiin. <\/p>\n<p><img decoding=\"async\" class=\"image image-show image-preview\" src=\"https:\/\/www.europesays.com\/fi\/wp-content\/uploads\/2025\/12\/0d9398261790fdf1b705fae0e60a5135d55bd56d2f0a3255b2d0845c69f2993e.jpg\" alt=\"\"\/><img decoding=\"async\" class=\"image image-show\" src=\"https:\/\/www.europesays.com\/fi\/wp-content\/uploads\/2025\/12\/1765593730_48_0d9398261790fdf1b705fae0e60a5135d55bd56d2f0a3255b2d0845c69f2993e.jpg\" alt=\"\"\/><\/p>\n<p>Lindsey Vonn aloitti maailmancupin heti upealla voitolla St. Moritzissa.  EPA \/ AOP<\/p>\n<p class=\"paragraph\"><strong>Lindsey Vonn<\/strong>, 41, puhkuu intoa kauden alussa.<\/p>\n<p class=\"paragraph\">\u2013 Olen ik\u00e4isekseni aika hemmetin hyv\u00e4ss\u00e4 kunnossa, amerikkalainen julisti jo ennen naisten sy\u00f6ksylaskukilpailua St. Moritzissa.<\/p>\n<p class=\"paragraph\">\u2013 Oloni tuntuu varmaankin paremmalta nyt kuin ennen ensimm\u00e4ist\u00e4 eturistisidevammaani vuonna 2013. Kaikki tuntuu mahtavalta. Olen fyysisesti ehk\u00e4 parhaassa iskussa koskaan, mik\u00e4 on hauskaa. Parasta on se, ett\u00e4 minnek\u00e4\u00e4n ei satu.<\/p>\n<p class=\"paragraph\">Vonn lopetti pahojen vammojen j\u00e4lkeen vuonna 2019, mutta palasi alppikiertueelle vuosi sitten joulukuussa.<\/p>\n<p class=\"paragraph\">Vaihtelevia tuloksia tuoneella kev\u00e4tkaudella h\u00e4n ei ollut fyysisesti viel\u00e4 sellaisessa iskussa, jossa laskut sujuisivat parhaalla mahdollisella tavalla.<\/p>\n<p class=\"paragraph\">Nyt kausi alkoi t\u00e4ydellisesti. Vonn nappasi perjantaina uransa 83. <a href=\"https:\/\/www.iltalehti.fi\/talviurheilu\/1252b4cb-8871-4a83-a63e-754258bfd3cf\" rel=\"nofollow noopener\" target=\"_blank\">maailmancupin voiton t\u00e4ysin ylivoimaisesti<\/a>. Kyseess\u00e4 oli legendan 44. MC-voitto sy\u00f6ksylaskussa.<\/p>\n<p>Punttia<\/p>\n<p class=\"paragraph\">Olympiasesongin alle Vonn otti punttikuurin.<\/p>\n<p class=\"paragraph\">\u2013 Tavoitteeni oli ehdottomasti tulla vahvemmaksi t\u00e4n\u00e4 kes\u00e4n\u00e4. Olin hoikempi kuin olisin halunnut olla viime kaudella. Minulla ei ollut tarpeeksi aikaa valmistautua. En ehtinyt kunnolla saada lihasmassaa takaisin.<\/p>\n<p class=\"paragraph\">Nyt asia on korjattu ainakin osittain.<\/p>\n<p class=\"paragraph\">\u2013 Olen viel\u00e4 aavistuksen kevyempi kuin huippuvuosinani, mutta onnistuin hankkimaan 12 paunaa (5,4 kiloa) kes\u00e4ll\u00e4, mist\u00e4 olen todella innoissani.<\/p>\n<p class=\"paragraph\">Muodonmuutosta h\u00e4n on todistanut Instagram-tilins\u00e4 salikuvissa.<\/p>\n<p class=\"paragraph\">Vonnin t\u00e4ht\u00e4in on helmikuussa k\u00e4yt\u00e4viss\u00e4 Milano-Cortinan olympialaisissa.<\/p>\n<p class=\"paragraph\">Olympialaisten alppilajien keskus Cortina on yhdysvaltalaiselle t\u00e4rke\u00e4 paikka uran varrelta. Siell\u00e4 h\u00e4n saavutti esimerkiksi ensimm\u00e4isen palkintopallisijoituksensa 2004.<\/p>\n<p class=\"paragraph\">Vonn on voittanut Cortinassa per\u00e4ti 12 kertaa maailmancupin osakilpailun.<\/p>\n<p><a href=\"https:\/\/www.iltalehti.fi\/telkku\/?utm_source=iltalehti.fi&amp;utm_medium=almainternal&amp;utm_campaign=urheilu_artikkelibanneri&amp;utm_content=banner_612_a\" rel=\"nofollow noopener\" target=\"_blank\"><img decoding=\"async\" src=\"https:\/\/www.europesays.com\/fi\/wp-content\/uploads\/2025\/08\/7ef604e47d46ca174b7df4149bd3557dbde56a86d520f8e1b2125548b0a2e03a.png\" alt=\"TV-ohjelmat t\u00e4n\u00e4\u00e4n, TV-opas\"\/><\/a><\/p>\n","protected":false},"excerpt":{"rendered":"Alppit\u00e4hti palasi voittajana maailmancupiin. Lindsey Vonn aloitti maailmancupin heti upealla voitolla St. Moritzissa. EPA \/ AOP Lindsey Vonn,&hellip;\n","protected":false},"author":2,"featured_media":114979,"comment_status":"","ping_status":"","sticky":false,"template":"","format":"standard","meta":{"footnotes":""},"categories":[158],"tags":[35,33,31,30,41,2232,159,32,1145,167,160,161],"class_list":{"0":"post-114978","1":"post","2":"type-post","3":"status-publish","4":"format-standard","5":"has-post-thumbnail","7":"category-urheilu","8":"tag-24h","9":"tag-fi","10":"tag-finland","11":"tag-finnish","12":"tag-liikunta-ja-urheilu","13":"tag-ruumiillinen-kunto","14":"tag-sports","15":"tag-suomi","16":"tag-talviurheilu","17":"tag-terveys","18":"tag-urheilu","19":"tag-urheilutapahtumat"},"share_on_mastodon":{"url":"https:\/\/pubeurope.com\/@fi\/115709958325028740","error":""},"_links":{"self":[{"href":"https:\/\/www.europesays.com\/fi\/wp-json\/wp\/v2\/posts\/114978","targetHints":{"allow":["GET"]}}],"collection":[{"href":"https:\/\/www.europesays.com\/fi\/wp-json\/wp\/v2\/posts"}],"about":[{"href":"https:\/\/www.europesays.com\/fi\/wp-json\/wp\/v2\/types\/post"}],"author":[{"embeddable":true,"href":"https:\/\/www.europesays.com\/fi\/wp-json\/wp\/v2\/users\/2"}],"replies":[{"embeddable":true,"href":"https:\/\/www.europesays.com\/fi\/wp-json\/wp\/v2\/comments?post=114978"}],"version-history":[{"count":0,"href":"https:\/\/www.europesays.com\/fi\/wp-json\/wp\/v2\/posts\/114978\/revisions"}],"wp:featuredmedia":[{"embeddable":true,"href":"https:\/\/www.europesays.com\/fi\/wp-json\/wp\/v2\/media\/114979"}],"wp:attachment":[{"href":"https:\/\/www.europesays.com\/fi\/wp-json\/wp\/v2\/media?parent=114978"}],"wp:term":[{"taxonomy":"category","embeddable":true,"href":"https:\/\/www.europesays.com\/fi\/wp-json\/wp\/v2\/categories?post=114978"},{"taxonomy":"post_tag","embeddable":true,"href":"https:\/\/www.europesays.com\/fi\/wp-json\/wp\/v2\/tags?post=114978"}],"curies":[{"name":"wp","href":"https:\/\/api.w.org\/{rel}","templated":true}]}}