{"id":114990,"date":"2025-12-13T03:01:17","date_gmt":"2025-12-13T03:01:17","guid":{"rendered":"https:\/\/www.europesays.com\/fi\/114990\/"},"modified":"2025-12-13T03:01:17","modified_gmt":"2025-12-13T03:01:17","slug":"maria-ohisalo-teki-yllattavan-ehdotuksen-linnan-juhlista-some-rajahti","status":"publish","type":"post","link":"https:\/\/www.europesays.com\/fi\/114990\/","title":{"rendered":"Maria Ohisalo teki yll\u00e4tt\u00e4v\u00e4n ehdotuksen Linnan juhlista \u2013 Some r\u00e4j\u00e4hti"},"content":{"rendered":"<p>Maria Ohisalon ehdotus puhuttaa sosiaalisessa mediassa.<\/p>\n<p><img decoding=\"async\" class=\"image image-show image-preview\" src=\"https:\/\/www.europesays.com\/fi\/wp-content\/uploads\/2025\/12\/373ddf7c5490fc95648ff448ed21f8fc77d5a9dc323bdf4ddc5eff2b77b844d3.jpg\" alt=\"\"\/><img decoding=\"async\" class=\"image image-show\" src=\"https:\/\/www.europesays.com\/fi\/wp-content\/uploads\/2025\/12\/1765594877_859_373ddf7c5490fc95648ff448ed21f8fc77d5a9dc323bdf4ddc5eff2b77b844d3.jpg\" alt=\"\"\/><\/p>\n<p>Maria Ohisalo toivoisi kansanedustajien Linnan juhla -kutsujen rajoittamista. Mikko Huisko<\/p>\n<p class=\"paragraph\">Europarlamentaarikko <strong>Maria Ohisalo<\/strong>, 40, (vihr) tekee ehdotuksen Linnan juhlia varten sosiaalisessa mediassa. Ohisalo ehdottaa, ett\u00e4 kansanedustajien kutsua Linnan juhliin tulisi rajoittaa.<\/p>\n<p class=\"paragraph\">\u2013 Linnan juhlat on arvokas juhla ja upea kokemus ja sen kokemuksen soisi yh\u00e4 useammalle, Ohisalo pohjustaa Instagramissa.<\/p>\n<p class=\"paragraph\">\u2013 Ajattelen, ett\u00e4 kansanedustajat ja europarlamentaarikot voisivat k\u00e4yd\u00e4 Linnan juhlissa aivan hyvin vain kerran kaudessa ja n\u00e4in j\u00e4isi kutsulistalla tilaa eri alojen ammattilaisille enemm\u00e4n, h\u00e4n perustelee.<\/p>\n<p class=\"paragraph\">Mik\u00e4li linkki ei n\u00e4y, voit katsoa julkaisun <a href=\"https:\/\/www.instagram.com\/p\/DSFCM6bCH4f\/\" target=\"_blank\" rel=\"noopener nofollow\">t\u00e4\u00e4lt\u00e4<\/a>.<\/p>\n<p class=\"paragraph\">Ohisalon ehdotus jakaa suomalaisten mielipiteit\u00e4 h\u00e4nen Instagram- ja <a href=\"https:\/\/www.facebook.com\/OhisaloMaria\/posts\/1420340742785415?ref=embed_post\" target=\"_blank\" rel=\"noopener nofollow\">Facebook<\/a>-julkaisujensa kommenttikentiss\u00e4. Monet pit\u00e4v\u00e4t Ohisalon ehdotusta erinomaisena.<\/p>\n<p class=\"paragraph\">\u2013 Hyv\u00e4 ehdotus. Lis\u00e4ksi ehdottaisin, ett\u00e4 itsen\u00e4isyysp\u00e4iv\u00e4st\u00e4 teht\u00e4isiin kansanjuhla. Nyt se on enemm\u00e4nkin et\u00e4inen eliitin juhla, johon kansalaiset eiv\u00e4t voi osallistua koskaan.<\/p>\n<p class=\"paragraph\">\u2013 Arvostettava idea. Suomessa on paljon ihmisi\u00e4, jotka ansaitsisivat tulla kutsutuksi linnan juhliin.<\/p>\n<p class=\"paragraph\">\u2013 Hyv\u00e4 idea, miksei kukaan ole keksinyt jo aikaisemmin? Paljon enemm\u00e4n pit\u00e4isi kutsua ihan tavallisia hyv\u00e4n asian hyv\u00e4ksi puurtajia. Ei aina samoja.<\/p>\n<p>Maria Ohisalo edusti lauantaina Linnan juhlissa Anne-Mari Pahkalan suunnittelemassa ja Ulla Vainikan toteuttamassa valkoisessa iltapuvussa. Roosa Br\u00f6ijer<\/p>\n<p class=\"paragraph\">Jotkut eiv\u00e4t kuitenkaan haluaisi Ohisalon ehdotuksen toteutuvan.<\/p>\n<p class=\"paragraph\">\u2013 Eri mielt\u00e4. Ajattelen, ett\u00e4 Linnan juhlat my\u00f6s tutustuttaa ihmisille sellaisiakin kansanedustajia, joita ei paljoa n\u00e4y otsikoissa.<\/p>\n<p class=\"paragraph\">\u2013 Suomessa korkeinta valtaa k\u00e4ytt\u00e4\u00e4 kansa, joka valitsee 200 kansanedustajaa s\u00e4\u00e4t\u00e4m\u00e4\u00e4n lait, tekem\u00e4\u00e4n valtion budjetin ja niin edelleen. Kyll\u00e4 kansanedustajat ovat niin sanotusti ykk\u00f6svieraita!<\/p>\n<p class=\"paragraph\">\u2013 Populismia. Se on presidentti esikuntineen ja avustajineen, joka p\u00e4\u00e4tt\u00e4\u00e4, ket\u00e4 kutsutaan. N\u00e4m\u00e4 ovat presidentin kutsusta j\u00e4rjestett\u00e4v\u00e4t itsen\u00e4isyysp\u00e4iv\u00e4n juhlat. Ja eih\u00e4n sinun ole pakko menn\u00e4.<\/p>\n<p class=\"paragraph\">Aiheesta on puhunut julkisesti my\u00f6s entinen kansanedustaja <strong>Outi Alanko-Kahiluoto<\/strong>, joka on Ohisalon kanssa samoilla linjoilla. H\u00e4n arvioi <a href=\"https:\/\/www.instagram.com\/p\/DR-Kk0iDNSC\/?utm_source=ig_embed\" target=\"_blank\" rel=\"noopener nofollow\">Instagram<\/a>-julkaisussaan, ett\u00e4 mik\u00e4li kansanedustajia kutsuttaisiin vain kerran vaalikaudessa, Linnaan mahtuisi joka vuosi 150 ihmist\u00e4 enemm\u00e4n muita ihmisi\u00e4.<\/p>\n<p class=\"paragraph\">\u2013 Luultavasti kansanedustajat ensin vastustaisivat muutosta, mutta kaikkeen tottuu. Vaalikauden alussa voitaisiin arpoa, ketk\u00e4 50 kansanedustajaa osallistuisivat min\u00e4kin vuonna. Kansanedustajille sataa juhlakutsuja ja puhepyynt\u00f6j\u00e4 itsen\u00e4isyysp\u00e4iv\u00e4n alla, joten tekemist\u00e4 varmasti riitt\u00e4isi Linnan ulkopuolellakin, ex-kansanedustaja pohti.<\/p>\n<p class=\"paragraph\">\u2013 Demokratia ei ole valmis koskaan, sanotaan, eli miksei my\u00f6s itsen\u00e4isyysp\u00e4iv\u00e4n juhlintaa voisi uudistaa, h\u00e4n lis\u00e4si.<\/p>\n<p><script async src=\"\/\/www.instagram.com\/embed.js\"><\/script><\/p>\n","protected":false},"excerpt":{"rendered":"Maria Ohisalon ehdotus puhuttaa sosiaalisessa mediassa. Maria Ohisalo toivoisi kansanedustajien Linnan juhla -kutsujen rajoittamista. Mikko Huisko Europarlamentaarikko Maria&hellip;\n","protected":false},"author":2,"featured_media":114991,"comment_status":"","ping_status":"","sticky":false,"template":"","format":"standard","meta":{"footnotes":""},"categories":[136],"tags":[35,407,137,33,31,30,408,142,637,886,885,887,32,109],"class_list":{"0":"post-114990","1":"post","2":"type-post","3":"status-publish","4":"format-standard","5":"has-post-thumbnail","7":"category-julkkikset","8":"tag-24h","9":"tag-celebrities","10":"tag-entertainment","11":"tag-fi","12":"tag-finland","13":"tag-finnish","14":"tag-julkkikset","15":"tag-poliitikot","16":"tag-politiikka","17":"tag-puolueet","18":"tag-suomen-poliittiset-puolueet","19":"tag-suomen-politiikka","20":"tag-suomi","21":"tag-viihde"},"share_on_mastodon":{"url":"https:\/\/pubeurope.com\/@fi\/115710033091533352","error":""},"_links":{"self":[{"href":"https:\/\/www.europesays.com\/fi\/wp-json\/wp\/v2\/posts\/114990","targetHints":{"allow":["GET"]}}],"collection":[{"href":"https:\/\/www.europesays.com\/fi\/wp-json\/wp\/v2\/posts"}],"about":[{"href":"https:\/\/www.europesays.com\/fi\/wp-json\/wp\/v2\/types\/post"}],"author":[{"embeddable":true,"href":"https:\/\/www.europesays.com\/fi\/wp-json\/wp\/v2\/users\/2"}],"replies":[{"embeddable":true,"href":"https:\/\/www.europesays.com\/fi\/wp-json\/wp\/v2\/comments?post=114990"}],"version-history":[{"count":0,"href":"https:\/\/www.europesays.com\/fi\/wp-json\/wp\/v2\/posts\/114990\/revisions"}],"wp:featuredmedia":[{"embeddable":true,"href":"https:\/\/www.europesays.com\/fi\/wp-json\/wp\/v2\/media\/114991"}],"wp:attachment":[{"href":"https:\/\/www.europesays.com\/fi\/wp-json\/wp\/v2\/media?parent=114990"}],"wp:term":[{"taxonomy":"category","embeddable":true,"href":"https:\/\/www.europesays.com\/fi\/wp-json\/wp\/v2\/categories?post=114990"},{"taxonomy":"post_tag","embeddable":true,"href":"https:\/\/www.europesays.com\/fi\/wp-json\/wp\/v2\/tags?post=114990"}],"curies":[{"name":"wp","href":"https:\/\/api.w.org\/{rel}","templated":true}]}}