{"id":114994,"date":"2025-12-13T03:09:10","date_gmt":"2025-12-13T03:09:10","guid":{"rendered":"https:\/\/www.europesays.com\/fi\/114994\/"},"modified":"2025-12-13T03:09:10","modified_gmt":"2025-12-13T03:09:10","slug":"britannian-kuningas-charlesin-syopahoitoja-voidaan-vahentaa-uutisia-lyhyesti","status":"publish","type":"post","link":"https:\/\/www.europesays.com\/fi\/114994\/","title":{"rendered":"Britannian kuningas Charlesin sy\u00f6p\u00e4hoitoja voidaan v\u00e4hent\u00e4\u00e4 | Uutisia lyhyesti"},"content":{"rendered":"<p class=\"aw-1gybjub aw-5vja16 kEtdKx kmuxyA yle__article__paragraph\">Britannian yleisradioyhti\u00f6 BBC:n mukaan kuninkaan ei kuitenkaan kuvailla olevan parantunut tai remissiossa, vaikka hoitojen s\u00e4\u00e4nn\u00f6llisyytt\u00e4 v\u00e4hennet\u00e4\u00e4n.<\/p>\n<p><img decoding=\"async\" alt=\"Kuningas Charles heiluttaa.\" src=\"https:\/\/www.europesays.com\/fi\/wp-content\/uploads\/2025\/12\/39-138034167362b97cf3d2.jpeg\" class=\"aw-1l9m598 hKVVvP\"\/><\/p>\n<p>Avaa kuvien katselu<\/p>\n<p>Kuningas Charles kuvattuna Lontoossa 14. marraskuuta 2024. Kuva: EPA-EFE<\/p>\n<p>12.12. 22:13\u2022P\u00e4ivitetty 12.12. 22:24<\/p>\n<p class=\"aw-1gybjub aw-1p7kakr kEtdKx cEmitX yle__article__paragraph\">Britannian kuningas <strong class=\"aw-ak79eh KyCXm yle__article__strong\">Charlesin<\/strong> sy\u00f6p\u00e4hoitoja v\u00e4hennet\u00e4\u00e4n ensi vuonna. Charles kertoi asiasta videopuheessaan perjantai-iltana.<\/p>\n<p class=\"aw-1gybjub aw-1p7kakr kEtdKx cEmitX yle__article__paragraph\">Charlesin kerrottiin sairastavan sy\u00f6p\u00e4\u00e4 <a class=\"aw-iao6s4 iHOxEa yle__article__link\" href=\"https:\/\/yle.fi\/a\/74-20073089\" role=\"link\" rel=\"nofollow noopener\" target=\"_blank\">helmikuussa 2024<\/a>. Kuninkaan mukaan hoitoja voidaan v\u00e4hent\u00e4\u00e4 varhaisen diagnoosin ja tehokkaan hoidon ansiosta.<\/p>\n<p class=\"aw-1gybjub aw-1p7kakr kEtdKx cEmitX yle__article__paragraph\">\u2013 Voin jakaa teille hyvi\u00e4 uutisia, ett\u00e4 varhaisen diagnoosin, tehokkaan hoidon ja l\u00e4\u00e4k\u00e4rien ohjeiden noudattamisen ansiosta sy\u00f6p\u00e4hoitojeni aikataulua voidaan ensi vuonna kevent\u00e4\u00e4, Charles sanoi.<\/p>\n<p class=\"aw-1gybjub aw-1p7kakr kEtdKx cEmitX yle__article__paragraph\">Britannian yleisradioyhti\u00f6 <a class=\"aw-iao6s4 iHOxEa yle__article__link\" href=\"https:\/\/www.bbc.com\/news\/articles\/c14vvv8pnpmo\" role=\"link\" rel=\"nofollow noopener\" target=\"_blank\">BBC<\/a> kertoo, ett\u00e4 Buckinghamin palatsin mukaan kuninkaan toipuminen on edennyt eritt\u00e4in my\u00f6nteiseen vaiheeseen ja t\u00e4m\u00e4 on reagoinut hoitoihin \u201dpoikkeuksellisen hyvin\u201d.<\/p>\n<p class=\"aw-1gybjub aw-1p7kakr kEtdKx cEmitX yle__article__paragraph\">BBC:n mukaan Charlesin ei kuitenkaan kuvailla olevan parantunut tai remissiossa, vaikka hoitojen s\u00e4\u00e4nn\u00f6llisyytt\u00e4 v\u00e4hennet\u00e4\u00e4n.<\/p>\n<p class=\"aw-1gybjub aw-1p7kakr kEtdKx cEmitX yle__article__paragraph\">Kuningas ei kertonut tarkemmin, mink\u00e4laiseen sy\u00f6p\u00e4\u00e4n h\u00e4n saa hoitoja. Charles on t\u00e4h\u00e4n asti puhunut julkisuudessa niukasti sairaudestaan.<\/p>\n<p class=\"aw-1gybjub aw-1p7kakr kEtdKx cEmitX yle__article__paragraph\">Charles <a class=\"aw-iao6s4 iHOxEa yle__article__link\" href=\"https:\/\/yle.fi\/a\/74-20152359\" role=\"link\" rel=\"nofollow noopener\" target=\"_blank\">on joutunut <\/a>t\u00e4n\u00e4 vuonna perumaan menojaan sy\u00f6p\u00e4hoitojen sivuvaikutusten vuoksi.<\/p>\n<p class=\"aw-1gybjub aw-1p7kakr kEtdKx cEmitX yle__article__paragraph\">L\u00e4hteet: AFP, Reuters<\/p>\n","protected":false},"excerpt":{"rendered":"Britannian yleisradioyhti\u00f6 BBC:n mukaan kuninkaan ei kuitenkaan kuvailla olevan parantunut tai remissiossa, vaikka hoitojen s\u00e4\u00e4nn\u00f6llisyytt\u00e4 v\u00e4hennet\u00e4\u00e4n. Avaa kuvien&hellip;\n","protected":false},"author":2,"featured_media":114995,"comment_status":"","ping_status":"","sticky":false,"template":"","format":"standard","meta":{"footnotes":""},"categories":[130],"tags":[1775,137,33,31,30,652,32,9945,458,56,109],"class_list":{"0":"post-114994","1":"post","2":"type-post","3":"status-publish","4":"format-standard","5":"has-post-thumbnail","7":"category-viihde","8":"tag-britannia","9":"tag-entertainment","10":"tag-fi","11":"tag-finland","12":"tag-finnish","13":"tag-kuninkaalliset","14":"tag-suomi","15":"tag-syopahoidot","16":"tag-syovat","17":"tag-ulkomaat","18":"tag-viihde"},"share_on_mastodon":{"url":"https:\/\/pubeurope.com\/@fi\/115710064517332814","error":""},"_links":{"self":[{"href":"https:\/\/www.europesays.com\/fi\/wp-json\/wp\/v2\/posts\/114994","targetHints":{"allow":["GET"]}}],"collection":[{"href":"https:\/\/www.europesays.com\/fi\/wp-json\/wp\/v2\/posts"}],"about":[{"href":"https:\/\/www.europesays.com\/fi\/wp-json\/wp\/v2\/types\/post"}],"author":[{"embeddable":true,"href":"https:\/\/www.europesays.com\/fi\/wp-json\/wp\/v2\/users\/2"}],"replies":[{"embeddable":true,"href":"https:\/\/www.europesays.com\/fi\/wp-json\/wp\/v2\/comments?post=114994"}],"version-history":[{"count":0,"href":"https:\/\/www.europesays.com\/fi\/wp-json\/wp\/v2\/posts\/114994\/revisions"}],"wp:featuredmedia":[{"embeddable":true,"href":"https:\/\/www.europesays.com\/fi\/wp-json\/wp\/v2\/media\/114995"}],"wp:attachment":[{"href":"https:\/\/www.europesays.com\/fi\/wp-json\/wp\/v2\/media?parent=114994"}],"wp:term":[{"taxonomy":"category","embeddable":true,"href":"https:\/\/www.europesays.com\/fi\/wp-json\/wp\/v2\/categories?post=114994"},{"taxonomy":"post_tag","embeddable":true,"href":"https:\/\/www.europesays.com\/fi\/wp-json\/wp\/v2\/tags?post=114994"}],"curies":[{"name":"wp","href":"https:\/\/api.w.org\/{rel}","templated":true}]}}