{"id":114996,"date":"2025-12-13T03:12:23","date_gmt":"2025-12-13T03:12:23","guid":{"rendered":"https:\/\/www.europesays.com\/fi\/114996\/"},"modified":"2025-12-13T03:12:23","modified_gmt":"2025-12-13T03:12:23","slug":"pohjois-pasilan-koulun-ja-paivakodin-rakennustyot-hyvassa-vauhdissa","status":"publish","type":"post","link":"https:\/\/www.europesays.com\/fi\/114996\/","title":{"rendered":"Pohjois-Pasilan koulun ja p\u00e4iv\u00e4kodin rakennusty\u00f6t hyv\u00e4ss\u00e4 vauhdissa"},"content":{"rendered":"<p>Loppuvuodesta ty\u00f6maan ymp\u00e4rist\u00f6ss\u00e4 liikkuu tavallista enemm\u00e4n raskasta liikennett\u00e4, kun runkovaiheessa tarvittavia suuria elementtej\u00e4 kuljetetaan paikalle. Ty\u00f6maan logistiikka on kuitenkin suunniteltu huolellisesti, jotta ymp\u00e4rist\u00f6lle aiheutuisi mahdollisimman v\u00e4h\u00e4n h\u00e4iri\u00f6it\u00e4. Esimerkiksi laajat louhintaty\u00f6t toteutettiin kes\u00e4ll\u00e4 ja saatiin p\u00e4\u00e4t\u00f6kseen ennen tontilla toimivan v\u00e4liaikaiskoulun syyslukukauden alkamista.<\/p>\n<p>Ty\u00f6maalle on ilmestynyt pitk\u00e4lle n\u00e4kyv\u00e4 komistus, kun elementtien nostoon tarvittava tela-alustainen ristikkopuominosturi on koottu paikoilleen.<\/p>\n<p>Tilat 850 lapselle syksyst\u00e4 2027 alkaen<\/p>\n<p>Laadukkaassa uudisrakennuksessa korostuvat ajaton, ymp\u00e4rist\u00f6\u00f6n hyvin sopiva arkkitehtuuri sek\u00e4 kest\u00e4v\u00e4t materiaalit. Rakennus toteutetaan energiatehokkaaksi A-energialuokan ratkaisuin hy\u00f6dynt\u00e4m\u00e4ll\u00e4 muun muassa maal\u00e4mp\u00f6\u00e4, ilma-vesil\u00e4mp\u00f6pumppuja ja aurinkopaneeleja, ja tavoitteena on saavuttaa valmistuvalle koululle BREEAM Excellent -ymp\u00e4rist\u00f6sertifikaatti. Hankkeen p\u00e4\u00e4suunnittelija on Arkkitehdit Rudanko + Kankkunen ja p\u00e4\u00e4urakoitsijana toimii Fira.<\/p>\n<p>Kolmikerroksinen koulurakennus tarjoaa valmistuessaan tilat noin 850 lapselle: noin 650 peruskoululaiselle ja 200 p\u00e4iv\u00e4kotilapselle. Rakennuksen laajuus on noin 7\u202f200 neli\u00f6metri\u00e4, ja sen on m\u00e4\u00e4r\u00e4 valmistua k\u00e4ytt\u00f6\u00f6n syyslukukauden alkuun 2027 menness\u00e4.<\/p>\n<p>Uusi koulu ja p\u00e4iv\u00e4koti palvelee Pohjois-Pasilan Postipuiston lis\u00e4ksi my\u00f6s Etel\u00e4isen Postipuiston rakenteilla olevaa uutta asuinaluetta. Koulurakennus tulee olemaan my\u00f6s alueen asukkaiden k\u00e4yt\u00f6ss\u00e4 esimerkiksi iltaisin harrastustoimintaan.<\/p>\n","protected":false},"excerpt":{"rendered":"Loppuvuodesta ty\u00f6maan ymp\u00e4rist\u00f6ss\u00e4 liikkuu tavallista enemm\u00e4n raskasta liikennett\u00e4, kun runkovaiheessa tarvittavia suuria elementtej\u00e4 kuljetetaan paikalle. Ty\u00f6maan logistiikka on&hellip;\n","protected":false},"author":2,"featured_media":114997,"comment_status":"","ping_status":"","sticky":false,"template":"","format":"standard","meta":{"footnotes":""},"categories":[76],"tags":[79,77,33,31,30,32,78],"class_list":{"0":"post-114996","1":"post","2":"type-post","3":"status-publish","4":"format-standard","5":"has-post-thumbnail","7":"category-talous","8":"tag-business","9":"tag-economy","10":"tag-fi","11":"tag-finland","12":"tag-finnish","13":"tag-suomi","14":"tag-talous"},"share_on_mastodon":{"url":"https:\/\/pubeurope.com\/@fi\/115710076091765749","error":""},"_links":{"self":[{"href":"https:\/\/www.europesays.com\/fi\/wp-json\/wp\/v2\/posts\/114996","targetHints":{"allow":["GET"]}}],"collection":[{"href":"https:\/\/www.europesays.com\/fi\/wp-json\/wp\/v2\/posts"}],"about":[{"href":"https:\/\/www.europesays.com\/fi\/wp-json\/wp\/v2\/types\/post"}],"author":[{"embeddable":true,"href":"https:\/\/www.europesays.com\/fi\/wp-json\/wp\/v2\/users\/2"}],"replies":[{"embeddable":true,"href":"https:\/\/www.europesays.com\/fi\/wp-json\/wp\/v2\/comments?post=114996"}],"version-history":[{"count":0,"href":"https:\/\/www.europesays.com\/fi\/wp-json\/wp\/v2\/posts\/114996\/revisions"}],"wp:featuredmedia":[{"embeddable":true,"href":"https:\/\/www.europesays.com\/fi\/wp-json\/wp\/v2\/media\/114997"}],"wp:attachment":[{"href":"https:\/\/www.europesays.com\/fi\/wp-json\/wp\/v2\/media?parent=114996"}],"wp:term":[{"taxonomy":"category","embeddable":true,"href":"https:\/\/www.europesays.com\/fi\/wp-json\/wp\/v2\/categories?post=114996"},{"taxonomy":"post_tag","embeddable":true,"href":"https:\/\/www.europesays.com\/fi\/wp-json\/wp\/v2\/tags?post=114996"}],"curies":[{"name":"wp","href":"https:\/\/api.w.org\/{rel}","templated":true}]}}