{"id":114998,"date":"2025-12-13T03:13:07","date_gmt":"2025-12-13T03:13:07","guid":{"rendered":"https:\/\/www.europesays.com\/fi\/114998\/"},"modified":"2025-12-13T03:13:07","modified_gmt":"2025-12-13T03:13:07","slug":"wsj-erikoisjoukot-nousivat-kiinasta-iraniin-matkanneeseen-laivaan-marraskuussa","status":"publish","type":"post","link":"https:\/\/www.europesays.com\/fi\/114998\/","title":{"rendered":"WSJ: Erikoisjoukot nousivat Kiinasta Iraniin matkanneeseen laivaan marraskuussa"},"content":{"rendered":"<p>Yhdysvallat|Venezuelan edustalla t\u00e4ll\u00e4 viikolla kaapattu s\u00e4ili\u00f6laiva on matkalla Texasiin, kertovat Reutersin l\u00e4hteet.<\/p>\n<p class=\"article-body mb-nof-24 px-nof-16\">Yhdysvaltojen erikoisjoukot nousivat marraskuussa Intian valtamerell\u00e4 kulkeneeseen laivaan ja ottivat sielt\u00e4 haltuunsa sotilastarvikkeita, kertoo sanomalehti <a class=\"article-genericlink\" href=\"https:\/\/www.wsj.com\/world\/middle-east\/u-s-forces-raid-ship-seize-cargo-headed-to-iran-from-china-35a1e2ac\" rel=\"nofollow noopener\" target=\"_blank\">The Wall Street Journal<\/a>. Tarvikkeet olivat menossa Kiinasta Iraniin.<\/p>\n<p class=\"article-body mb-nof-24 px-nof-16\">Kyseess\u00e4 on jo toinen lyhyen ajan sis\u00e4ll\u00e4 tietoon tullut Yhdysvaltojen puuttuminen merell\u00e4 kulkevien laivojen matkantekoon. T\u00e4ll\u00e4 viikolla Yhdysvallat otti haltuunsa s\u00e4ili\u00f6aluksen Venezuelan edustalla Karibianmerell\u00e4.<\/p>\n<p class=\"article-body mb-nof-24 px-nof-16\">WSJ perustaa tietonsa Intian valtameren operaatiosta Yhdysvaltojen viranomaisten kertomaan. Lehti ei saanut selville, mik\u00e4 laiva oli kyseess\u00e4 tai kuka sen omistaa.<\/p>\n<p class=\"article-body mb-nof-24 px-nof-16\">Lehden mukaan yhdysvaltalaiset nousivat laivaan, ottivat lastin haltuunsa ja p\u00e4\u00e4stiv\u00e4t laivan jatkamaan matkaansa. Operaation tarkoituksena oli est\u00e4\u00e4 Irania kehitt\u00e4m\u00e4st\u00e4 sotilaallista voimaansa.<\/p>\n<p class=\"article-body mb-nof-24 px-nof-16\">T\u00e4ll\u00e4 viikolla olleessa toisessa tapauksessa Yhdysvaltojen joukot nousivat s\u00e4ili\u00f6laivaan ja veiv\u00e4t koko laivan lasteineen. Alus oli kuljettamassa raaka\u00f6ljy\u00e4 Venezuelasta. T\u00e4st\u00e4 tapauksesta Yhdysvallat kertoi avoimesti.<\/p>\n<p class=\"article-body mb-nof-24 px-nof-16\">\u201dOlemme juuri ottaneet haltuumme s\u00e4ili\u00f6laivan Venezuelan rannikolla. Suuren s\u00e4ili\u00f6laivan, hyvin suuren, suurimman, mit\u00e4 ikin\u00e4 on otettu haltuun, itse asiassa\u201d, ilmoitti presidentti <a class=\"article-personlink\" href=\"https:\/\/www.hs.fi\/haku\/?query=Donald%20Trump\" rel=\"nofollow noopener\" target=\"_blank\">Donald Trump<\/a> keskiviikkona uutistoimistojen mukaan.<\/p>\n<p class=\"article-body mb-nof-24 px-nof-16\">Siepattu s\u00e4ili\u00f6laiva Skipper on matkalla Yhdysvaltojen Houstoniin, kertoi uutistoimisto Reuters varhain lauantaina Suomen aikaa viitaten kahteen nime\u00e4m\u00e4tt\u00f6m\u00e4\u00e4n l\u00e4hteeseen. Aluksen lastina on 1,85 miljoonaa barrelia venezuelalaista raaka\u00f6ljy\u00e4.<\/p>\n<p class=\"article-body mb-nof-24 px-nof-16\">Reutersin torstaina haastattelemien nime\u00e4m\u00e4tt\u00f6mien l\u00e4hteiden mukaan Yhdysvallat suunnittelee ottavansa haltuun lis\u00e4\u00e4 laivoja, jotka kuljettavat \u00f6ljy\u00e4 Venezuelasta.<\/p>\n<p class=\"article-body mb-nof-24 px-nof-16\">Yhdysvallat pyrkii tukahduttamaan \u00f6ljynviennin Venezuelasta, jonka se syytt\u00e4\u00e4 salakuljettavan huumausaineita Yhdysvaltoihin.<\/p>\n<p class=\"article-body mb-nof-24 px-nof-16\">Yhdysvallat on syksyn mittaan my\u00f6s kertonut tuhonneensa kansainv\u00e4lisill\u00e4 vesill\u00e4 pienempi\u00e4 aluksia, joiden se on v\u00e4itt\u00e4nyt kuljettavan huumeita Yhdysvaltoihin.<\/p>\n","protected":false},"excerpt":{"rendered":"Yhdysvallat|Venezuelan edustalla t\u00e4ll\u00e4 viikolla kaapattu s\u00e4ili\u00f6laiva on matkalla Texasiin, kertovat Reutersin l\u00e4hteet. Yhdysvaltojen erikoisjoukot nousivat marraskuussa Intian valtamerell\u00e4&hellip;\n","protected":false},"author":2,"featured_media":114999,"comment_status":"","ping_status":"","sticky":false,"template":"","format":"standard","meta":{"footnotes":""},"categories":[14],"tags":[22,23,26,27,33,31,30,17,46,24,25,28,29,15,18,21,32,19,20,56,16,59,60,61],"class_list":{"0":"post-114998","1":"post","2":"type-post","3":"status-publish","4":"format-standard","5":"has-post-thumbnail","7":"category-ulkomaat","8":"tag-breaking-news","9":"tag-breakingnews","10":"tag-featured-news","11":"tag-featurednews","12":"tag-fi","13":"tag-finland","14":"tag-finnish","15":"tag-headlines","16":"tag-helsingin-sanomat","17":"tag-latest-news","18":"tag-latestnews","19":"tag-main-news","20":"tag-mainnews","21":"tag-news","22":"tag-otsikot","23":"tag-paauutiset","24":"tag-suomi","25":"tag-top-stories","26":"tag-topstories","27":"tag-ulkomaat","28":"tag-uutiset","29":"tag-world","30":"tag-world-news","31":"tag-worldnews"},"share_on_mastodon":{"url":"https:\/\/pubeurope.com\/@fi\/115710079968877125","error":""},"_links":{"self":[{"href":"https:\/\/www.europesays.com\/fi\/wp-json\/wp\/v2\/posts\/114998","targetHints":{"allow":["GET"]}}],"collection":[{"href":"https:\/\/www.europesays.com\/fi\/wp-json\/wp\/v2\/posts"}],"about":[{"href":"https:\/\/www.europesays.com\/fi\/wp-json\/wp\/v2\/types\/post"}],"author":[{"embeddable":true,"href":"https:\/\/www.europesays.com\/fi\/wp-json\/wp\/v2\/users\/2"}],"replies":[{"embeddable":true,"href":"https:\/\/www.europesays.com\/fi\/wp-json\/wp\/v2\/comments?post=114998"}],"version-history":[{"count":0,"href":"https:\/\/www.europesays.com\/fi\/wp-json\/wp\/v2\/posts\/114998\/revisions"}],"wp:featuredmedia":[{"embeddable":true,"href":"https:\/\/www.europesays.com\/fi\/wp-json\/wp\/v2\/media\/114999"}],"wp:attachment":[{"href":"https:\/\/www.europesays.com\/fi\/wp-json\/wp\/v2\/media?parent=114998"}],"wp:term":[{"taxonomy":"category","embeddable":true,"href":"https:\/\/www.europesays.com\/fi\/wp-json\/wp\/v2\/categories?post=114998"},{"taxonomy":"post_tag","embeddable":true,"href":"https:\/\/www.europesays.com\/fi\/wp-json\/wp\/v2\/tags?post=114998"}],"curies":[{"name":"wp","href":"https:\/\/api.w.org\/{rel}","templated":true}]}}