{"id":115004,"date":"2025-12-13T03:16:10","date_gmt":"2025-12-13T03:16:10","guid":{"rendered":"https:\/\/www.europesays.com\/fi\/115004\/"},"modified":"2025-12-13T03:16:10","modified_gmt":"2025-12-13T03:16:10","slug":"luonto-amerikan-tuliaista-aletaan-tappaa-uusin-keinoin-kanta-jopa-17-000-yksiloa-paikalliset","status":"publish","type":"post","link":"https:\/\/www.europesays.com\/fi\/115004\/","title":{"rendered":"Luonto | Amerikan-tuliaista aletaan tappaa uusin keinoin \u2013 kanta jopa 17\u2009000 yksil\u00f6\u00e4 | Paikalliset"},"content":{"rendered":"<p>Euroopanmajava kaipaa uutta perim\u00e4ainesta, mutta kanadanmajavan vahva kanta est\u00e4\u00e4 id\u00e4n ja l\u00e4nnen populaatioiden sekoittumista.<\/p>\n<p>Majava oli satoja vuosia sitten tavoiteltava saalis paksun turkin ja lihan vuoksi. El\u00e4int\u00e4 mets\u00e4stettiin niin runsaasti, ett\u00e4 Suomessa el\u00e4nyt majavakanta h\u00e4visi sukupuuttoon 1800-luvulla.<\/p>\n","protected":false},"excerpt":{"rendered":"Euroopanmajava kaipaa uutta perim\u00e4ainesta, mutta kanadanmajavan vahva kanta est\u00e4\u00e4 id\u00e4n ja l\u00e4nnen populaatioiden sekoittumista. Majava oli satoja vuosia&hellip;\n","protected":false},"author":2,"featured_media":115005,"comment_status":"","ping_status":"","sticky":false,"template":"","format":"standard","meta":{"footnotes":""},"categories":[117],"tags":[404,1617,2267,33,31,30,8069,72,3200,930,476,118,32,119,477],"class_list":{"0":"post-115004","1":"post","2":"type-post","3":"status-publish","4":"format-standard","5":"has-post-thumbnail","7":"category-luonto","8":"tag-elaimet","9":"tag-euroopan-unioni","10":"tag-eurooppa","11":"tag-fi","12":"tag-finland","13":"tag-finnish","14":"tag-keuruu","15":"tag-luonto","16":"tag-metsa","17":"tag-metsastys-ja-kalastus","18":"tag-nature","19":"tag-science","20":"tag-suomi","21":"tag-tiede","22":"tag-wildlife"},"share_on_mastodon":{"url":"https:\/\/pubeurope.com\/@fi\/115710091784090149","error":""},"_links":{"self":[{"href":"https:\/\/www.europesays.com\/fi\/wp-json\/wp\/v2\/posts\/115004","targetHints":{"allow":["GET"]}}],"collection":[{"href":"https:\/\/www.europesays.com\/fi\/wp-json\/wp\/v2\/posts"}],"about":[{"href":"https:\/\/www.europesays.com\/fi\/wp-json\/wp\/v2\/types\/post"}],"author":[{"embeddable":true,"href":"https:\/\/www.europesays.com\/fi\/wp-json\/wp\/v2\/users\/2"}],"replies":[{"embeddable":true,"href":"https:\/\/www.europesays.com\/fi\/wp-json\/wp\/v2\/comments?post=115004"}],"version-history":[{"count":0,"href":"https:\/\/www.europesays.com\/fi\/wp-json\/wp\/v2\/posts\/115004\/revisions"}],"wp:featuredmedia":[{"embeddable":true,"href":"https:\/\/www.europesays.com\/fi\/wp-json\/wp\/v2\/media\/115005"}],"wp:attachment":[{"href":"https:\/\/www.europesays.com\/fi\/wp-json\/wp\/v2\/media?parent=115004"}],"wp:term":[{"taxonomy":"category","embeddable":true,"href":"https:\/\/www.europesays.com\/fi\/wp-json\/wp\/v2\/categories?post=115004"},{"taxonomy":"post_tag","embeddable":true,"href":"https:\/\/www.europesays.com\/fi\/wp-json\/wp\/v2\/tags?post=115004"}],"curies":[{"name":"wp","href":"https:\/\/api.w.org\/{rel}","templated":true}]}}