{"id":115006,"date":"2025-12-13T03:20:10","date_gmt":"2025-12-13T03:20:10","guid":{"rendered":"https:\/\/www.europesays.com\/fi\/115006\/"},"modified":"2025-12-13T03:20:10","modified_gmt":"2025-12-13T03:20:10","slug":"ymparisto-on-yhteinen-ja-erillinen-suhde-siihen-muuttuva-saarijarven-museon-hanke-tallentaa-aikalaiskokemuksia-ymparistosta-keski-suomi","status":"publish","type":"post","link":"https:\/\/www.europesays.com\/fi\/115006\/","title":{"rendered":"Ymp\u00e4rist\u00f6 on yhteinen ja erillinen, suhde siihen muuttuva \u2013 Saarij\u00e4rven museon hanke tallentaa aikalaiskokemuksia ymp\u00e4rist\u00f6st\u00e4 | Keski-Suomi"},"content":{"rendered":"<p>Museo on kiinnostunut paitsi menneest\u00e4 my\u00f6s kokemuksen muutoksesta.<\/p>\n<p>Saarij\u00e4rvi on hedelm\u00e4llinen kohde ihmisen luontosuhteen tutkimukselle. Maisemassa on n\u00e4kyviss\u00e4 j\u00e4\u00e4kauden vaikutus, vesist\u00f6j\u00e4 ja metsi\u00e4 on paljon. Ne ovat my\u00f6s helposti saavutettavissa.<\/p>\n<p>\u2013\u2009Luonnonsuojelu on usein alkuper\u00e4isen ja aidon etsimist\u00e4. Museossa olemme kiinnostuneita koko ymp\u00e4rist\u00f6suhteesta ja my\u00f6s muutoksesta, Saarij\u00e4rven museotoimenjohtaja <strong>Kirsi H\u00e4nninen <\/strong>sanoo.<\/p>\n<p><strong class=\"diks-storyline__impact\">Hankety\u00f6ntekij\u00e4<\/strong> <strong>Aija Lepp\u00e4nen<\/strong> ajattelee, ett\u00e4 se miten luontoa tarkastellaan ja k\u00e4ytet\u00e4\u00e4n, muuttuu. Suomessa her\u00e4ttiin luonnonsuojeluun sotien j\u00e4lkeen ja uudestaan 1970-luvulla, mutta yh\u00e4 edelleen ollaan samojen kysymysten \u00e4\u00e4rell\u00e4.<\/p>\n<p>\u2013\u2009Suhtautuminen luontoon on aaltoliikett\u00e4. T\u00e4lle ajalle leimallista on pelkojen lietsominen. Sen sijaan voisi hakea ratkaisuja ja mietti\u00e4, miten yksil\u00f6tasolla voi vaikuttaa, miten arkiset teot ja p\u00e4ivitt\u00e4iset valinnat painavat vaakakupissa, h\u00e4n pohtii.<\/p>\n","protected":false},"excerpt":{"rendered":"Museo on kiinnostunut paitsi menneest\u00e4 my\u00f6s kokemuksen muutoksesta. Saarij\u00e4rvi on hedelm\u00e4llinen kohde ihmisen luontosuhteen tutkimukselle. Maisemassa on n\u00e4kyviss\u00e4&hellip;\n","protected":false},"author":2,"featured_media":115007,"comment_status":"","ping_status":"","sticky":false,"template":"","format":"standard","meta":{"footnotes":""},"categories":[113],"tags":[446,33,31,30,72,406,21074,590,10894,118,32,398,119,447],"class_list":{"0":"post-115006","1":"post","2":"type-post","3":"status-publish","4":"format-standard","5":"has-post-thumbnail","7":"category-ymparisto","8":"tag-environment","9":"tag-fi","10":"tag-finland","11":"tag-finnish","12":"tag-luonto","13":"tag-luontovalokuvaus","14":"tag-saarijarven-kaupunki","15":"tag-saarijarven-viitasaaren-seutukunta","16":"tag-saarijarvi","17":"tag-science","18":"tag-suomi","19":"tag-taiteilija","20":"tag-tiede","21":"tag-ymparisto"},"share_on_mastodon":{"url":"https:\/\/pubeurope.com\/@fi\/115710107433119016","error":""},"_links":{"self":[{"href":"https:\/\/www.europesays.com\/fi\/wp-json\/wp\/v2\/posts\/115006","targetHints":{"allow":["GET"]}}],"collection":[{"href":"https:\/\/www.europesays.com\/fi\/wp-json\/wp\/v2\/posts"}],"about":[{"href":"https:\/\/www.europesays.com\/fi\/wp-json\/wp\/v2\/types\/post"}],"author":[{"embeddable":true,"href":"https:\/\/www.europesays.com\/fi\/wp-json\/wp\/v2\/users\/2"}],"replies":[{"embeddable":true,"href":"https:\/\/www.europesays.com\/fi\/wp-json\/wp\/v2\/comments?post=115006"}],"version-history":[{"count":0,"href":"https:\/\/www.europesays.com\/fi\/wp-json\/wp\/v2\/posts\/115006\/revisions"}],"wp:featuredmedia":[{"embeddable":true,"href":"https:\/\/www.europesays.com\/fi\/wp-json\/wp\/v2\/media\/115007"}],"wp:attachment":[{"href":"https:\/\/www.europesays.com\/fi\/wp-json\/wp\/v2\/media?parent=115006"}],"wp:term":[{"taxonomy":"category","embeddable":true,"href":"https:\/\/www.europesays.com\/fi\/wp-json\/wp\/v2\/categories?post=115006"},{"taxonomy":"post_tag","embeddable":true,"href":"https:\/\/www.europesays.com\/fi\/wp-json\/wp\/v2\/tags?post=115006"}],"curies":[{"name":"wp","href":"https:\/\/api.w.org\/{rel}","templated":true}]}}