{"id":115008,"date":"2025-12-13T03:27:11","date_gmt":"2025-12-13T03:27:11","guid":{"rendered":"https:\/\/www.europesays.com\/fi\/115008\/"},"modified":"2025-12-13T03:27:11","modified_gmt":"2025-12-13T03:27:11","slug":"alma-hatonen-kertoo-kamalista-vieroitusoireistaan","status":"publish","type":"post","link":"https:\/\/www.europesays.com\/fi\/115008\/","title":{"rendered":"Alma H\u00e4t\u00f6nen kertoo kamalista vieroitusoireistaan"},"content":{"rendered":"<p>Roomaan aviomiehens\u00e4 n\u00e4yttelij\u00e4 <strong>Jaakko Ohtosen<\/strong> kanssa muuttanut <strong>Alma H\u00e4t\u00f6nen<\/strong> kertoo saaneensa ik\u00e4vi\u00e4 oireita. Ne johtuvat kahvinjuonnin lopettamisesta.<\/p>\n<p>Lue my\u00f6s: <a href=\"https:\/\/www.como.fi\/uutiset\/jaakko-ohtonen-sai-osan-mel-gibsonin-elokuvasta-somessa-hehkutetaan-jee-sukset\/\" title=\"Jaakko Ohtonen sai osan Mel Gibsonin elokuvasta \u2013 somessa hehkutetaan: \u201dJee! Sukset!\u00a0\u201d\" class=\"underline-custom !font-montserrat !font-bold !underline-offset-4 !decoration-4 !decoration-red-600 !text-md\" rel=\"nofollow noopener\" target=\"_blank\">Jaakko Ohtonen sai osan Mel Gibsonin elokuvasta \u2013 somessa hehkutetaan: \u201dJee! Sukset!\u00a0\u201d<\/a><\/p>\n<p>Lue my\u00f6s: <a href=\"https:\/\/www.como.fi\/uutiset\/alma-hatonen-muuttaa-ulkomaille-tama-kaikki-tuli-mulle-etiaisena-alkukesasta\/\" title=\"Alma H\u00e4t\u00f6nen muuttaa ulkomaille \u2013 \u201dT\u00e4m\u00e4 kaikki tuli mulle eti\u00e4isen\u00e4 alkukes\u00e4st\u00e4\u201d\" class=\"underline-custom !font-montserrat !font-bold !underline-offset-4 !decoration-4 !decoration-red-600 !text-md\" rel=\"nofollow noopener\" target=\"_blank\">Alma H\u00e4t\u00f6nen muuttaa ulkomaille \u2013 \u201dT\u00e4m\u00e4 kaikki tuli mulle eti\u00e4isen\u00e4 alkukes\u00e4st\u00e4\u201d<\/a><\/p>\n<p>\u2013 \u2026kamalaa! Lopetin kahvin juomisen nimitt\u00e4in aivan sein\u00e4\u00e4n, kun er\u00e4\u00e4n\u00e4 p\u00e4iv\u00e4n\u00e4 tuli vaan olo, ett\u00e4 ehk\u00e4 useampi kuppi kahvia ei ole paras mahdollinen teko mun hermostolle. Join ensin pari viikkoa kofeiinitonta kunnes tuli olo, etten kaipaa sit\u00e4k\u00e4\u00e4n, kertoo Alma p\u00e4\u00e4t\u00f6ksest\u00e4\u00e4n.<\/p>\n<p>H\u00e4t\u00f6nen kertoo juoneensa vuorokauden aikana useamman kupin kahvia.<\/p>\n<p>\u2013 Ensimm\u00e4inen viikko ilman kahvia veti mut kyll\u00e4 polvilleen. En ollut koskaan ajatellut, ett\u00e4 mulla olisi varsinaisesti riippuvuutta, kirjoittaa H\u00e4t\u00f6nen.<\/p>\n<p>Lue my\u00f6s: <a href=\"https:\/\/www.como.fi\/uutiset\/oho-juontaja-alma-hatonen-teki-hiuksilleen-jotain-tyrmaavaa\/\" title=\"Oho, juontaja Alma H\u00e4t\u00f6nen teki hiuksilleen jotain tyrm\u00e4\u00e4v\u00e4\u00e4\" class=\"underline-custom !font-montserrat !font-bold !underline-offset-4 !decoration-4 !decoration-red-600 !text-md\" rel=\"nofollow noopener\" target=\"_blank\">Oho, juontaja Alma H\u00e4t\u00f6nen teki hiuksilleen jotain tyrm\u00e4\u00e4v\u00e4\u00e4<\/a><\/p>\n<p>Julkaisu jatkuu sill\u00e4, kuinka Alma kertoo mit\u00e4 kaikkia ik\u00e4vi\u00e4 vieroitusoireita h\u00e4n sai kahvista.<\/p>\n<p>\u2013 Ensimm\u00e4iset pari viikkoa k\u00e4rsin kovasta p\u00e4\u00e4ns\u00e4ryst\u00e4 sek\u00e4 lihas- ja nivels\u00e4ryst\u00e4, joka tuntui samalta kuin olisin ollut kovassa kuumeessa. Heh. Ett\u00e4 kyll\u00e4 se kofeiinikin aikamoista ainetta on, toteaa H\u00e4t\u00f6nen.<\/p>\n<p>Oireita on tullut viel\u00e4kin jonkin verran.<\/p>\n<p>\u2013 Nukahdan nyt nopeammin, mutta her\u00e4ilen edelleen. Hermoston rauhoittaminen ei tapahdu n\u00e4k\u00f6j\u00e4\u00e4n pelk\u00e4st\u00e4\u00e4n kahvin lopettamisella, mutta on ollut mulle toimiva eka askel, paljastaa Alma.<\/p>\n<p>Joku kertoo voivansa lopettaa kahvinjuomisen muutamaksi viikoksikin ilman oireita.<\/p>\n<p>Voit lukea Alman julkaisun my\u00f6s <a href=\"https:\/\/www.instagram.com\/p\/DSF7d4aChal\/?utm_source=ig_web_copy_link&amp;igsh=MzRlODBiNWFlZA==\" target=\"_blank\" rel=\"noreferrer noopener nofollow\">t\u00e4\u00e4lt\u00e4<\/a>.<\/p>\n<p>Lue my\u00f6s: <a href=\"https:\/\/www.como.fi\/tilaa-comon-uutiskirje\/\" title=\"Tilaa Comon uutiskirje ja tied\u00e4t mist\u00e4 kahvitauolla puhutaan! Nappaa kotimaan tv-vinkit ja puheenaiheet suoraan s\u00e4hk\u00f6postiin t\u00e4st\u00e4.\" class=\"underline-custom !font-montserrat !font-bold !underline-offset-4 !decoration-4 !decoration-red-600 !text-md\" rel=\"nofollow noopener\" target=\"_blank\">Tilaa Comon uutiskirje ja tied\u00e4t mist\u00e4 kahvitauolla puhutaan! Nappaa kotimaan tv-vinkit ja puheenaiheet suoraan s\u00e4hk\u00f6postiin t\u00e4st\u00e4.<\/a><\/p>\n<p>\t\t\t\t<script async src=\"\/\/www.instagram.com\/embed.js\"><\/script><\/p>\n","protected":false},"excerpt":{"rendered":"Roomaan aviomiehens\u00e4 n\u00e4yttelij\u00e4 Jaakko Ohtosen kanssa muuttanut Alma H\u00e4t\u00f6nen kertoo saaneensa ik\u00e4vi\u00e4 oireita. Ne johtuvat kahvinjuonnin lopettamisesta. Lue&hellip;\n","protected":false},"author":2,"featured_media":115009,"comment_status":"","ping_status":"","sticky":false,"template":"","format":"standard","meta":{"footnotes":""},"categories":[136],"tags":[8752,407,137,33,31,30,408,32,109],"class_list":{"0":"post-115008","1":"post","2":"type-post","3":"status-publish","4":"format-standard","5":"has-post-thumbnail","7":"category-julkkikset","8":"tag-alma-hu00e4tu00f6nen","9":"tag-celebrities","10":"tag-entertainment","11":"tag-fi","12":"tag-finland","13":"tag-finnish","14":"tag-julkkikset","15":"tag-suomi","16":"tag-viihde"},"share_on_mastodon":{"url":"https:\/\/pubeurope.com\/@fi\/115710135065201871","error":""},"_links":{"self":[{"href":"https:\/\/www.europesays.com\/fi\/wp-json\/wp\/v2\/posts\/115008","targetHints":{"allow":["GET"]}}],"collection":[{"href":"https:\/\/www.europesays.com\/fi\/wp-json\/wp\/v2\/posts"}],"about":[{"href":"https:\/\/www.europesays.com\/fi\/wp-json\/wp\/v2\/types\/post"}],"author":[{"embeddable":true,"href":"https:\/\/www.europesays.com\/fi\/wp-json\/wp\/v2\/users\/2"}],"replies":[{"embeddable":true,"href":"https:\/\/www.europesays.com\/fi\/wp-json\/wp\/v2\/comments?post=115008"}],"version-history":[{"count":0,"href":"https:\/\/www.europesays.com\/fi\/wp-json\/wp\/v2\/posts\/115008\/revisions"}],"wp:featuredmedia":[{"embeddable":true,"href":"https:\/\/www.europesays.com\/fi\/wp-json\/wp\/v2\/media\/115009"}],"wp:attachment":[{"href":"https:\/\/www.europesays.com\/fi\/wp-json\/wp\/v2\/media?parent=115008"}],"wp:term":[{"taxonomy":"category","embeddable":true,"href":"https:\/\/www.europesays.com\/fi\/wp-json\/wp\/v2\/categories?post=115008"},{"taxonomy":"post_tag","embeddable":true,"href":"https:\/\/www.europesays.com\/fi\/wp-json\/wp\/v2\/tags?post=115008"}],"curies":[{"name":"wp","href":"https:\/\/api.w.org\/{rel}","templated":true}]}}