{"id":115026,"date":"2025-12-13T04:07:07","date_gmt":"2025-12-13T04:07:07","guid":{"rendered":"https:\/\/www.europesays.com\/fi\/115026\/"},"modified":"2025-12-13T04:07:07","modified_gmt":"2025-12-13T04:07:07","slug":"valkoinen-talo-yhdysvaltain-erityislahettilas-witkoff-tapaa-zelenskyin-ja-euroopan-johtajia-berliinissa-viikonloppuna-uutissuomalainen","status":"publish","type":"post","link":"https:\/\/www.europesays.com\/fi\/115026\/","title":{"rendered":"Valkoinen talo: Yhdysvaltain erityisl\u00e4hettil\u00e4s Witkoff tapaa Zelenskyin ja Euroopan johtajia Berliiniss\u00e4 viikonloppuna | Uutissuomalainen"},"content":{"rendered":"<p>Yhdysvaltain erityisl\u00e4hettil\u00e4s Steve Witkoff tapaa Ukrainan presidentti Volodymyr Zelenskyin ja Euroopan johtajia Berliiniss\u00e4 viikonloppuna, kertoo Valkoinen talo.<\/p>\n<p>Valkoisen talon virkamies vahvistaa uutistoimisto AFP:lle Wall Street Journalin aiemmin kertoman <a href=\"https:\/\/www.wsj.com\/world\/europe\/witkoff-to-meet-zelensky-and-european-leaders-in-berlin-this-weekend-on-peace-plan-2fc621d7\" rel=\"nofollow noopener\" target=\"_blank\">tiedon<\/a> siit\u00e4, ett\u00e4 Witkoff tapaa Zelenskyin ja muita johtajia keskustellakseen rauhanneuvottelujen edistymisest\u00e4.<\/p>\n<p>Saksa <a href=\"https:\/\/www.bundesregierung.de\/breg-de\/aktuelles\/pressemitteilungen\/bundeskanzler-friedrich-merz-empfaengt-den-ukrainischen-praesidenten-wolodymyr-selenskyj-2399436\" rel=\"nofollow noopener\" target=\"_blank\">tiedotti <\/a>aiemmin, ett\u00e4 liittokansleri Friedrich Merz tapaa maanantaina Zelenskyin kanssa keskustellakseen rauhanneuvottelujen tilanteesta. Saksa kertoi tuolloin lis\u00e4ksi, ett\u00e4 illalla j\u00e4rjestet\u00e4\u00e4n keskustelut, joihin osallistuu useita eurooppalaisia valtionjohtajia sek\u00e4 EU:n ja Naton johtoa.<\/p>\n<p>Presidentin kanslia ilmoitti perjantaina, ett\u00e4 presidentti Alexander Stubb osallistuu Berliiniss\u00e4 j\u00e4rjestett\u00e4v\u00e4\u00e4n tapaamiseen maanantaina. Stubb kertoi erikseen, ett\u00e4 h\u00e4n on perunut matkansa Yhdysvaltoihin Ukraina-neuvottelujen vuoksi.<\/p>\n<p>\t\t\t\tTrump turhautunut molempiin osapuoliin<\/p>\n<p>Uutissivusto Axios <a href=\"https:\/\/www.axios.com\/2025\/12\/11\/ukraine-talks-paris-saturday-trump-plan\" rel=\"nofollow noopener\" target=\"_blank\">kertoi<\/a> aiemmin t\u00e4ll\u00e4 viikolla, ett\u00e4 Pariisissa j\u00e4rjestett\u00e4isiin t\u00e4n\u00e4\u00e4n lauantaina virkamiestason tapaaminen Ukrainan rauhansuunnitelmasta.<\/p>\n<p>Axiosin mukaan keskusteluihin olisivat osallistumassa tiett\u00e4v\u00e4sti Ukrainan, Ranskan, Saksan ja Britannian edustajat. Yhdysvaltain presidentti Donald Trump vahvisti <a href=\"https:\/\/www.youtube.com\/live\/rYDbVjXu5os?si=mPm9mVjoP1-n3WXu&amp;t=1638\" rel=\"nofollow noopener\" target=\"_blank\">torstaina<\/a> toimittajille lauantain tapaamisen, mutta ei sanonut, aikooko h\u00e4nen maansa osallistua.<\/p>\n<p>Trump totesi torstaina niin ik\u00e4\u00e4n, ett\u00e4 Yhdysvallat on kiinnostunut osallistumaan keskusteluihin vain, jos tuloksia syntyy ja rauha saavutetaan.<\/p>\n<p>\u2013\u2009Osallistumme, jos on hyv\u00e4t mahdollisuudet (onnistua). Emme halua tuhlata paljon aikaa. Haluamme saada t\u00e4m\u00e4n homman sovituksi, Trump sanoi.<\/p>\n<p>Valkoinen talo on t\u00e4ll\u00e4 viikolla kuvaillut Trumpin olevan \u00e4\u00e4rimm\u00e4isen turhautunut sek\u00e4 Ukrainaan ett\u00e4 Ven\u00e4j\u00e4\u00e4n rauhansuunnitelmasta k\u00e4ydyiss\u00e4 keskusteluissa. Yhdysvallat on painostanut Ukrainaa suostumaan alueluovutuksiin Donetskissa, mihin Ukraina ei ole ollut halukas.<\/p>\n<p>\t\t\t\tL\u00e4hde: Ukrainalle EU-j\u00e4senyys jo 2027<\/p>\n<p>Keskiviikkona ukrainalaiset virkamiesl\u00e4hteet kertoivat uutistoimisto AFP:lle, ett\u00e4 Ukraina oli l\u00e4hett\u00e4nyt Yhdysvalloille p\u00e4ivitetyn version rauhansuunnitelmasta. Zelenskyi sanoi t\u00e4ll\u00e4 viikolla, ett\u00e4 Yhdysvaltojen alkuper\u00e4inen, Ven\u00e4j\u00e4lle my\u00f6t\u00e4mielinen 28-kohtainen rauhansuunnitelma oli kutistunut 20-kohtaiseksi.<\/p>\n<p>Zelenskyi kertoi maansa toivovan niin ik\u00e4\u00e4n, ett\u00e4 Yhdysvaltain mahdollisille turvatakuille saadaan hyv\u00e4ksynt\u00e4 maan kongressilta, jotta niist\u00e4 saataisiin laillisesti sitovia.<\/p>\n<p>Ukrainan ja eurooppalaisten tuoreimmassa versiossa rauhansuunnitelmasta Ukraina voisi liitty\u00e4 EU:hun jo vuoden 2027 alussa, kertoi korkea-arvoinen virkamiesl\u00e4hde AFP:lle perjantaina.<\/p>\n<p>Saksan liittokansleri Merz sanoi torstaina, ett\u00e4 Yhdysvalloille tuoreeltaan l\u00e4hetetty ehdotus k\u00e4sittelee alueluovutuksia tai -my\u00f6nnytyksi\u00e4, joita Ukraina on valmis tekem\u00e4\u00e4n sodan p\u00e4\u00e4tt\u00e4miseksi.<\/p>\n<p>Merzin mukaan ehdotus l\u00e4hetettiin Yhdysvalloille sen j\u00e4lkeen, kun Euroopan johtajat olivat k\u00e4yneet puhelinkeskustelun Trumpin kanssa keskiviikkona.<\/p>\n<p>\u2013<\/p>\n<p>L\u00e4hteen\u00e4 my\u00f6s uutistoimisto AFP.<\/p>\n<p>L\u00e4hteen\u00e4 my\u00f6s uutistoimisto AFP.<\/p>\n","protected":false},"excerpt":{"rendered":"Yhdysvaltain erityisl\u00e4hettil\u00e4s Steve Witkoff tapaa Ukrainan presidentti Volodymyr Zelenskyin ja Euroopan johtajia Berliiniss\u00e4 viikonloppuna, kertoo Valkoinen talo. Valkoisen&hellip;\n","protected":false},"author":2,"featured_media":115027,"comment_status":"","ping_status":"","sticky":false,"template":"","format":"standard","meta":{"footnotes":""},"categories":[14],"tags":[22,23,585,1617,2267,26,27,33,31,30,17,24,25,28,29,15,18,21,142,637,144,32,19,20,549,56,16,59,60,61],"class_list":{"0":"post-115026","1":"post","2":"type-post","3":"status-publish","4":"format-standard","5":"has-post-thumbnail","7":"category-ulkomaat","8":"tag-breaking-news","9":"tag-breakingnews","10":"tag-donald-trump","11":"tag-euroopan-unioni","12":"tag-eurooppa","13":"tag-featured-news","14":"tag-featurednews","15":"tag-fi","16":"tag-finland","17":"tag-finnish","18":"tag-headlines","19":"tag-latest-news","20":"tag-latestnews","21":"tag-main-news","22":"tag-mainnews","23":"tag-news","24":"tag-otsikot","25":"tag-paauutiset","26":"tag-poliitikot","27":"tag-politiikka","28":"tag-presidentti","29":"tag-suomi","30":"tag-top-stories","31":"tag-topstories","32":"tag-ukrainan-sota","33":"tag-ulkomaat","34":"tag-uutiset","35":"tag-world","36":"tag-world-news","37":"tag-worldnews"},"share_on_mastodon":{"url":"https:\/\/pubeurope.com\/@fi\/115710292353636254","error":""},"_links":{"self":[{"href":"https:\/\/www.europesays.com\/fi\/wp-json\/wp\/v2\/posts\/115026","targetHints":{"allow":["GET"]}}],"collection":[{"href":"https:\/\/www.europesays.com\/fi\/wp-json\/wp\/v2\/posts"}],"about":[{"href":"https:\/\/www.europesays.com\/fi\/wp-json\/wp\/v2\/types\/post"}],"author":[{"embeddable":true,"href":"https:\/\/www.europesays.com\/fi\/wp-json\/wp\/v2\/users\/2"}],"replies":[{"embeddable":true,"href":"https:\/\/www.europesays.com\/fi\/wp-json\/wp\/v2\/comments?post=115026"}],"version-history":[{"count":0,"href":"https:\/\/www.europesays.com\/fi\/wp-json\/wp\/v2\/posts\/115026\/revisions"}],"wp:featuredmedia":[{"embeddable":true,"href":"https:\/\/www.europesays.com\/fi\/wp-json\/wp\/v2\/media\/115027"}],"wp:attachment":[{"href":"https:\/\/www.europesays.com\/fi\/wp-json\/wp\/v2\/media?parent=115026"}],"wp:term":[{"taxonomy":"category","embeddable":true,"href":"https:\/\/www.europesays.com\/fi\/wp-json\/wp\/v2\/categories?post=115026"},{"taxonomy":"post_tag","embeddable":true,"href":"https:\/\/www.europesays.com\/fi\/wp-json\/wp\/v2\/tags?post=115026"}],"curies":[{"name":"wp","href":"https:\/\/api.w.org\/{rel}","templated":true}]}}