{"id":115031,"date":"2025-12-13T04:21:32","date_gmt":"2025-12-13T04:21:32","guid":{"rendered":"https:\/\/www.europesays.com\/fi\/115031\/"},"modified":"2025-12-13T04:21:32","modified_gmt":"2025-12-13T04:21:32","slug":"gene-simmons-pyytaa-anteeksi-kommenttejaan","status":"publish","type":"post","link":"https:\/\/www.europesays.com\/fi\/115031\/","title":{"rendered":"Gene Simmons pyyt\u00e4\u00e4 anteeksi kommenttejaan"},"content":{"rendered":"<p><strong>KISS<\/strong>-basisti Gene Simmons on esitt\u00e4nyt julkisen anteeksipyynn\u00f6n sen j\u00e4lkeen, kun h\u00e4n oli viitannut Ace Frehleyn kuoleman takana olleen \u201dhuonot p\u00e4\u00e4t\u00f6kset\u201d. Frehley, yhtyeen alkuper\u00e4inen soolokitaristi, kuoli lokakuussa kotistudiossaan sattuneen kaatumisen j\u00e4lkeen. Ruumiinavauksen mukaan kuolema aiheutui tapaturmaisesta vammasta.<\/p>\n<p>Frehley oli viime vuosina korostanut, ett\u00e4 raittius ja irtautuminen p\u00e4ihdeongelmista olivat mahdollistaneet h\u00e4nelle aktiivisen ja vakaasti etenev\u00e4n soittouran. T\u00e4st\u00e4 huolimatta Simmons kyseenalaisti hiljattain antamassaan haastattelussa virallisen kuolinsyyn.<\/p>\n<p>Simmons totesi tuolloin:<\/p>\n<p>Artikkeli jatkuu mainoksen j\u00e4lkeen<a class=\"gofollow\" data-track=\"MjgwOCw0MCwxLDYw\" href=\"https:\/\/www.lippu.fi\/en\/event\/amorphis-helsingin-kulttuuritalo-20932932\/\" rel=\"nofollow noopener\" target=\"_blank\"><img decoding=\"async\" src=\"https:\/\/www.europesays.com\/fi\/wp-content\/uploads\/2025\/12\/amorphis-980-x-400.jpg\"\/><\/a>Mainos p\u00e4\u00e4ttyy<\/p>\n<blockquote class=\"wp-block-quote is-layout-flow wp-block-quote-is-layout-flow\">\n<p>\u201d[Ace] kielt\u00e4ytyi [neuvoista], joita h\u00e4nest\u00e4 v\u00e4litt\u00e4v\u00e4t ihmiset \u2013 mukaan lukien min\u00e4 \u2013 antoivat h\u00e4nelle, jotta h\u00e4n yritt\u00e4isi muuttaa el\u00e4m\u00e4ntapojaan. H\u00e4n teki huonoja p\u00e4\u00e4t\u00f6ksi\u00e4. Portaissa kaatuminen ei tapa ket\u00e4\u00e4n. En tosin ole l\u00e4\u00e4k\u00e4ri. Saattoi olla muitakin ongelmia, ja se s\u00e4rkee syd\u00e4meni.\u201d\n<\/p>\n<\/blockquote>\n<p>Kommentit her\u00e4ttiv\u00e4t laajaa kritiikki\u00e4, ja Simmons p\u00e4\u00e4tyi pyyt\u00e4m\u00e4\u00e4n niit\u00e4 anteeksi.<\/p>\n<blockquote class=\"wp-block-quote is-layout-flow wp-block-quote-is-layout-flow\">\n<p>\u201dJ\u00e4lkeenp\u00e4in ajatellen, valitsin sanani v\u00e4\u00e4rin. Pyyd\u00e4n n\u00f6yr\u00e4sti anteeksi. Vannon Jumalan nimeen, ett\u00e4 en tarkoittanut loukata Acea tai h\u00e4nen perint\u00f6\u00e4\u00e4n, mutta kun luin sanani uudelleen, huomasin, miten ne loukkasivat kaikkia. Pyyd\u00e4n viel\u00e4 kerran anteeksi. Olen aina rakastanut Acea. Aina\u201d, Simmons <a href=\"https:\/\/x.com\/genesimmons\/status\/1998693241617539350\" rel=\"nofollow\">kirjoittaa <\/a>X-palvelussa.<\/p>\n<p>Artikkeli jatkuu mainoksen j\u00e4lkeen<a class=\"gofollow\" data-track=\"MjgwMiw0MSwxLDYw\" href=\"https:\/\/www.mysticfestival.pl\/en\/home\/\" rel=\"nofollow noopener\" target=\"_blank\"><img decoding=\"async\" src=\"https:\/\/www.europesays.com\/fi\/wp-content\/uploads\/2025\/12\/mf-2026-980x400-1.jpg\"\/><\/a>Mainos p\u00e4\u00e4ttyy<\/p>\n<\/blockquote>\n<p>Frehleyn kuolemasta <a href=\"https:\/\/kaaoszine.fi\/kissin-alkuperainen-kitaristi-ace-frehley-on-kuollut\/\" rel=\"nofollow noopener\" target=\"_blank\">uutisoitiin <\/a>17. lokakuuta. <\/p>\n<blockquote class=\"twitter-tweet\">\n<p lang=\"en\" dir=\"ltr\">On reflection, I was wrong for using the words I used. I humbly apologize. My hand to God i didn\u2019t intended to hurt Ace or his legacy but upon rereading my words, I see how it hurt everyone. Again, I apologize. I\u2019ve always loved Ace. Always.\u2014 Gene Simmons (@genesimmons) <a href=\"https:\/\/twitter.com\/genesimmons\/status\/1998693241617539350?ref_src=twsrc%5Etfw\" rel=\"nofollow noopener\" target=\"_blank\">December 10, 2025<\/a><\/p>\n<\/blockquote>\n<p>        <script async src=\"https:\/\/platform.twitter.com\/widgets.js\" charset=\"utf-8\"><\/script><\/p>\n","protected":false},"excerpt":{"rendered":"KISS-basisti Gene Simmons on esitt\u00e4nyt julkisen anteeksipyynn\u00f6n sen j\u00e4lkeen, kun h\u00e4n oli viitannut Ace Frehleyn kuoleman takana olleen&hellip;\n","protected":false},"author":2,"featured_media":57712,"comment_status":"","ping_status":"","sticky":false,"template":"","format":"standard","meta":{"footnotes":""},"categories":[136],"tags":[407,137,33,31,30,21076,408,5212,32,109],"class_list":{"0":"post-115031","1":"post","2":"type-post","3":"status-publish","4":"format-standard","5":"has-post-thumbnail","7":"category-julkkikset","8":"tag-celebrities","9":"tag-entertainment","10":"tag-fi","11":"tag-finland","12":"tag-finnish","13":"tag-gene-simmons","14":"tag-julkkikset","15":"tag-kiss","16":"tag-suomi","17":"tag-viihde"},"share_on_mastodon":{"url":"https:\/\/pubeurope.com\/@fi\/115710347604240595","error":""},"_links":{"self":[{"href":"https:\/\/www.europesays.com\/fi\/wp-json\/wp\/v2\/posts\/115031","targetHints":{"allow":["GET"]}}],"collection":[{"href":"https:\/\/www.europesays.com\/fi\/wp-json\/wp\/v2\/posts"}],"about":[{"href":"https:\/\/www.europesays.com\/fi\/wp-json\/wp\/v2\/types\/post"}],"author":[{"embeddable":true,"href":"https:\/\/www.europesays.com\/fi\/wp-json\/wp\/v2\/users\/2"}],"replies":[{"embeddable":true,"href":"https:\/\/www.europesays.com\/fi\/wp-json\/wp\/v2\/comments?post=115031"}],"version-history":[{"count":0,"href":"https:\/\/www.europesays.com\/fi\/wp-json\/wp\/v2\/posts\/115031\/revisions"}],"wp:featuredmedia":[{"embeddable":true,"href":"https:\/\/www.europesays.com\/fi\/wp-json\/wp\/v2\/media\/57712"}],"wp:attachment":[{"href":"https:\/\/www.europesays.com\/fi\/wp-json\/wp\/v2\/media?parent=115031"}],"wp:term":[{"taxonomy":"category","embeddable":true,"href":"https:\/\/www.europesays.com\/fi\/wp-json\/wp\/v2\/categories?post=115031"},{"taxonomy":"post_tag","embeddable":true,"href":"https:\/\/www.europesays.com\/fi\/wp-json\/wp\/v2\/tags?post=115031"}],"curies":[{"name":"wp","href":"https:\/\/api.w.org\/{rel}","templated":true}]}}