{"id":115034,"date":"2025-12-13T04:28:10","date_gmt":"2025-12-13T04:28:10","guid":{"rendered":"https:\/\/www.europesays.com\/fi\/115034\/"},"modified":"2025-12-13T04:28:10","modified_gmt":"2025-12-13T04:28:10","slug":"kalle-palanderilta-jalleen-karkea-kommentti-podcastissa-aleksi-valavuori-turhautuu","status":"publish","type":"post","link":"https:\/\/www.europesays.com\/fi\/115034\/","title":{"rendered":"Kalle Palanderilta j\u00e4lleen karkea kommentti podcastissa \u2013 Aleksi Valavuori turhautuu"},"content":{"rendered":"<p>Kalle Palander p\u00e4\u00e4st\u00e4\u00e4 rivon kommentin G\u00e4mblers Cast -podcastissa.<\/p>\n<p><img decoding=\"async\" class=\"image image-show image-preview\" src=\"https:\/\/www.europesays.com\/fi\/wp-content\/uploads\/2025\/12\/e7b570c3cc08e73e28be764125c1bccd7ee311fd019d1175a2ffa929286b9a32.jpg\" alt=\"\"\/><img decoding=\"async\" class=\"image image-show\" src=\"https:\/\/www.europesays.com\/fi\/wp-content\/uploads\/2025\/12\/1765600090_859_e7b570c3cc08e73e28be764125c1bccd7ee311fd019d1175a2ffa929286b9a32.jpg\" alt=\"\"\/><\/p>\n<p>Kalle Palander \u201dampui puheillaan yli\u201d Aleksanteri Valavuoren mielest\u00e4.  Jussi Eskola<\/p>\n<p class=\"paragraph\"><a href=\"https:\/\/www.youtube.com\/watch?v=5yezH7MRCww\" target=\"_blank\" rel=\"noopener nofollow\">G\u00e4mblers Cast<\/a> -podcastissa juontaja <strong>Juha Per\u00e4l\u00e4<\/strong>, 43, urheilu- ja mediapersoona <strong>Aleksi Valavuori<\/strong>, 47, sek\u00e4 ex-alppihiiht\u00e4j\u00e4 <strong>Kalle Palander<\/strong>, 48, keskustelevat muun muassa is\u00e4nmaallisuudesta.<\/p>\n<p class=\"paragraph\">Per\u00e4l\u00e4 alkaa puhua siit\u00e4, miten is\u00e4nmaallisuus n\u00e4kyy Yhdysvalloissa esimerkiksi niin, ett\u00e4 maassa liputetaan koko ajan kaikkialla, kun taas Suomessa on erikseen liputusp\u00e4iv\u00e4t. Vertailu saa aiheen eskaloitumaan rakkausteemaiseksi.<\/p>\n<p class=\"paragraph\">\u2013 Heh\u00e4n [amerikkalaiset] sanovat my\u00f6s \u201drakastan sinua\u201d ihan koko ajan. Meill\u00e4h\u00e4n sanotaan \u201drakastan sinua\u201d vain baarissa, jotta p\u00e4\u00e4see jatkoille, Per\u00e4l\u00e4 pohtii jaksossa.<\/p>\n<p class=\"paragraph\">\u2013 En ole kyll\u00e4 koskaan kokeillut tuota iskurepliikki\u00e4, Palander nauraa.<\/p>\n<p class=\"paragraph\">Palander kysyy Per\u00e4l\u00e4lt\u00e4, onko t\u00e4m\u00e4 koskaan rakastunut baari-illan aikana.<\/p>\n<p class=\"paragraph\">\u2013 Olen v\u00e4h\u00e4ksi aikaa, Per\u00e4l\u00e4 vastaa.<\/p>\n<p class=\"paragraph\">\u2013 Rakkaus loppuu, kun kuti l\u00e4htee, Palander heitt\u00e4\u00e4.<\/p>\n<p>Aleksi Valavuori ja Juha Per\u00e4l\u00e4 mykistyv\u00e4t hetkeksi Kalle Palanderin kommentin j\u00e4lkeen. Jussi Eskola<\/p>\n<p class=\"paragraph\">Palanderin sanat saavat huoneen hiljenem\u00e4\u00e4n ja Per\u00e4l\u00e4n suun loksahtamaan auki. Hiljaisuuden j\u00e4lkeen Valavuori nyrpist\u00e4\u00e4 naamaansa, naurahtaa hieman ja antaa palautetta Palanderille.<\/p>\n<p class=\"paragraph\">\u2013 Miksi sinun pit\u00e4\u00e4, Kalle, aina ampua vittu kaikki yli? Siis ihan vitun kaikki, Valavuori sanoo turhautuneena.<\/p>\n<p class=\"paragraph\">\u2013 Se kuulosti p\u00e4\u00e4ss\u00e4ni jotenkin erilaiselta, Palander puolustaa.<\/p>\n<p class=\"paragraph\">\u2013 Pid\u00e4 se siell\u00e4, \u00e4l\u00e4 p\u00e4\u00e4st\u00e4 sit\u00e4 ulos, Per\u00e4l\u00e4 pyyt\u00e4\u00e4.<\/p>\n<p class=\"paragraph\">\u2013 J\u00e4tk\u00e4, joka sanoi t\u00e4m\u00e4n minulle, soitti minulle ensimm\u00e4ist\u00e4 kertaa vuosikausiin, Palander selitt\u00e4\u00e4.<\/p>\n<p class=\"paragraph\">\u2013 Ja nyt yrit\u00e4t viel\u00e4 heitt\u00e4\u00e4 jonkun toisen bussin alle, Valavuori sanoo.<\/p>\n<p>Aiemmat puheet<\/p>\n<p class=\"paragraph\">Palander joutui alkuvuonna kohun keskelle, kun h\u00e4n laukoi samassa podcastissa alatyylisi\u00e4 kommentteja naisurheilijoista.<\/p>\n<p class=\"paragraph\">\u2013\u2009M\u00e4 tykk\u00e4\u00e4n <strong>Kiirasta<\/strong> ( <strong>Korvesta<\/strong> ), Palander sanoi kohuohjelmassa.<\/p>\n<p class=\"paragraph\">\u2013\u2009Laittaa sellaisen strap-onin siihen ja vet\u00e4\u00e4 sitten vaikka perseeseen mua.<\/p>\n<p>Kalle Palanderin puheet johtivat kohuun alkuvuonna. Sami Kuusivirta<\/p>\n<p class=\"paragraph\">Palander lis\u00e4ksi sanoi, ett\u00e4 maastohiiht\u00e4j\u00e4lle on harvinaista olla kaunis.<\/p>\n<p class=\"paragraph\">Ex-alppihiiht\u00e4j\u00e4 sanoi my\u00f6s ehdottaneensa kollegalleen <strong>Tanja Poutiaiselle<\/strong> perheen perustamista.<\/p>\n<p class=\"paragraph\">\u2013 Yritin ehdottaa, ett\u00e4 eik\u00f6 olisi helpompi hoitaa meid\u00e4n asioita, jos olisimme yhdess\u00e4. Meill\u00e4 olisi samat yhteisty\u00f6kumppanit ja omakotitalo. (Manageri <strong>Martti<\/strong> ) <strong>Uusitalo<\/strong> huusi siihen, ett\u00e4 vittu Palander, jos kosket Poutiaiseen, m\u00e4 tapan sut.<\/p>\n<p class=\"paragraph\">Aleksi Valavuori tiedusteli ohjelmassa, eik\u00f6 Poutiaiselta itselt\u00e4\u00e4n kysytty mit\u00e4\u00e4n.<\/p>\n<p class=\"paragraph\">\u2013 Eeei kai sit\u00e4. Pit\u00e4\u00e4k\u00f6 naiselta kysy\u00e4 lupa tuollaiseen? Palander tokaisi.<\/p>\n<p class=\"paragraph\">Palander heitettiin <a href=\"https:\/\/www.iltalehti.fi\/muutlajit\/ceddfbc5-13b3-4423-9d37-d60b9c65de5a\" rel=\"nofollow noopener\" target=\"_blank\">t\u00f6rkypuheidensa j\u00e4lkeen ulos Ylen asiantuntijateht\u00e4vist\u00e4.<\/a> Osa n\u00e4ki Palanderinkin kommentit l\u00e4hinn\u00e4 huumorina, mutta monien mielest\u00e4 mies ylitti rajan. Esimerkiksi ex-huippuhiiht\u00e4j\u00e4 <strong>Aino-Kaisa Saarinen<\/strong> ja Palanderin entinen manageri Martti Uusitalo tuomitsivat ex-alppihiiht\u00e4j\u00e4n puheet.<\/p>\n","protected":false},"excerpt":{"rendered":"Kalle Palander p\u00e4\u00e4st\u00e4\u00e4 rivon kommentin G\u00e4mblers Cast -podcastissa. Kalle Palander \u201dampui puheillaan yli\u201d Aleksanteri Valavuoren mielest\u00e4. Jussi Eskola&hellip;\n","protected":false},"author":2,"featured_media":115035,"comment_status":"","ping_status":"","sticky":false,"template":"","format":"standard","meta":{"footnotes":""},"categories":[158],"tags":[35,33,31,30,2096,979,159,32,2140,140,139,160],"class_list":{"0":"post-115034","1":"post","2":"type-post","3":"status-publish","4":"format-standard","5":"has-post-thumbnail","7":"category-urheilu","8":"tag-24h","9":"tag-fi","10":"tag-finland","11":"tag-finnish","12":"tag-hiihtolajit","13":"tag-sahkoinen-media","14":"tag-sports","15":"tag-suomi","16":"tag-tosi-tv-ohjelmat","17":"tag-tv-ja-elokuvat","18":"tag-tv-ohjelmat","19":"tag-urheilu"},"share_on_mastodon":{"url":"https:\/\/pubeurope.com\/@fi\/115710375483307776","error":""},"_links":{"self":[{"href":"https:\/\/www.europesays.com\/fi\/wp-json\/wp\/v2\/posts\/115034","targetHints":{"allow":["GET"]}}],"collection":[{"href":"https:\/\/www.europesays.com\/fi\/wp-json\/wp\/v2\/posts"}],"about":[{"href":"https:\/\/www.europesays.com\/fi\/wp-json\/wp\/v2\/types\/post"}],"author":[{"embeddable":true,"href":"https:\/\/www.europesays.com\/fi\/wp-json\/wp\/v2\/users\/2"}],"replies":[{"embeddable":true,"href":"https:\/\/www.europesays.com\/fi\/wp-json\/wp\/v2\/comments?post=115034"}],"version-history":[{"count":0,"href":"https:\/\/www.europesays.com\/fi\/wp-json\/wp\/v2\/posts\/115034\/revisions"}],"wp:featuredmedia":[{"embeddable":true,"href":"https:\/\/www.europesays.com\/fi\/wp-json\/wp\/v2\/media\/115035"}],"wp:attachment":[{"href":"https:\/\/www.europesays.com\/fi\/wp-json\/wp\/v2\/media?parent=115034"}],"wp:term":[{"taxonomy":"category","embeddable":true,"href":"https:\/\/www.europesays.com\/fi\/wp-json\/wp\/v2\/categories?post=115034"},{"taxonomy":"post_tag","embeddable":true,"href":"https:\/\/www.europesays.com\/fi\/wp-json\/wp\/v2\/tags?post=115034"}],"curies":[{"name":"wp","href":"https:\/\/api.w.org\/{rel}","templated":true}]}}