{"id":115036,"date":"2025-12-13T04:29:12","date_gmt":"2025-12-13T04:29:12","guid":{"rendered":"https:\/\/www.europesays.com\/fi\/115036\/"},"modified":"2025-12-13T04:29:12","modified_gmt":"2025-12-13T04:29:12","slug":"kk-sylvian-joululaulu-poistettiin-kauneimmista-joululauluista-ranteet-auki","status":"publish","type":"post","link":"https:\/\/www.europesays.com\/fi\/115036\/","title":{"rendered":"K&#038;K: Sylvian joululaulu poistettiin kauneimmista joululauluista \u2013 &#8221;ranteet auki&#8221;"},"content":{"rendered":"<p>Kirkko ja kaupunki -lehti <a href=\"https:\/\/www.kirkkojakaupunki.fi\/-\/perinteinen-sylvian-joululaulu-jai-pois-kauneimmat-joululaulut-vihkosta-?fbclid=IwY2xjawOnneFleHRuA2FlbQIxMQBzcnRjBmFwcF9pZBAyMjIwMzkxNzg4MjAwODkyAAEe9LBRbsdO7EVBnI0UDd_R96K5gvO7O9m-Msm25nwgwu5nxSN68mHVMzBgOPM_aem_qXLOaJ3vc_A-PQfnQ712dg\" target=\"_blank\" rel=\"noreferrer noopener nofollow\">ilmoitti<\/a>, ett\u00e4 er\u00e4s rakastetuimmista joululauluista on j\u00e4tetty pois t\u00e4m\u00e4n vuoden Kauneimpien joululaulujen lauluvihkosta.<\/p>\n<p>Kyseess\u00e4 on <strong>Zacharias Topeliuksen<\/strong> vuonna 1853 julkaisemaan runoon perustuva Sylvian joululaulu, joka kertoo h\u00e4kkiin vangitun mustap\u00e4\u00e4kerttu (Sylvia atricapilla) Sylvian koti-ik\u00e4v\u00e4st\u00e4.<\/p>\n<p>Lue my\u00f6s: <a href=\"https:\/\/www.voice.fi\/hullu-maailma\/a-136671\" title=\"Jouluy\u00f6, juhlay\u00f6 -laulusta tehtiin eeppinen versio \u2013 jo l\u00e4hes 2 miljoonaa katselukertaa!\" class=\"underline-custom !font-montserrat !font-bold !underline-offset-4 !decoration-4 !decoration-tilt-light !text-md\" rel=\"nofollow noopener\" target=\"_blank\">Jouluy\u00f6, juhlay\u00f6 -laulusta tehtiin eeppinen versio \u2013 jo l\u00e4hes 2 miljoonaa katselukertaa!<\/a><\/p>\n<p>Lue my\u00f6s: <a href=\"https:\/\/www.voice.fi\/hyvinvointi\/a-153806\" title=\"Liiallinen joululaulujen kuunteleminen ei tee hyv\u00e4\u00e4 mielenterveydelle \u2013 katso miksi\" class=\"underline-custom !font-montserrat !font-bold !underline-offset-4 !decoration-4 !decoration-tilt-light !text-md\" rel=\"nofollow noopener\" target=\"_blank\">Liiallinen joululaulujen kuunteleminen ei tee hyv\u00e4\u00e4 mielenterveydelle \u2013 katso miksi<\/a><\/p>\n<p>Artikkelissa kerrotaan, ett\u00e4 laulut valitsee vuosittain kanttoreista koostuva raati, joka pohtii p\u00e4\u00e4t\u00f6ksi\u00e4\u00e4n aiemman vuoden \u00e4\u00e4nestykseen sek\u00e4 kanttoreilta tulleeseen palautteeseen nojaten.<\/p>\n<p>\u2013 Kanttorien suunnalta on tullut sellaista viesti\u00e4, ett\u00e4\u00a0Sylvian joululaulu\u00a0ei toimi yhteislauluna kovin hyvin.\u00a0Lis\u00e4ksi lauluvihkoon toivottiin enemm\u00e4n kansainv\u00e4lisi\u00e4 joululauluja, kertoo Suomen L\u00e4hetysseuran varainhankinnan p\u00e4\u00e4llikk\u00f6 <strong>Hanna Kalanne<\/strong>.<\/p>\n<p>Sosiaalisessa mediassa asia jakaa mielipiteit\u00e4 puolesta ja vastaan. Osa on ehdottomasti samaa mielt\u00e4 p\u00e4\u00e4t\u00f6ksen kanssa:<\/p>\n<p>\u2013 Ihan oikea p\u00e4\u00e4t\u00f6s. Sylvian joululaulu on yhteislauluna kauheaa kuunneltavaa, koska aika harvan yhteislaulajan \u00e4\u00e4niala ylt\u00e4 reippaasti yli oktaavin. Lis\u00e4ksi laulu mustap\u00e4\u00e4kertusta, jolta on silm\u00e4t puhkottu ja joka suree h\u00e4kiss\u00e4\u00e4n Sisiliassa, oli ehk\u00e4 sanomaltaan sopiva syntyaikanaan 1850-luvulla, jolloin moni n\u00e4ki h\u00e4kin symboloivan Suomen asemaa Ven\u00e4j\u00e4lle alistettuna kansana, mutta t\u00e4n\u00e4 p\u00e4iv\u00e4n\u00e4 laulu on aika k\u00e4sitt\u00e4m\u00e4t\u00f6n joululauluksi, ajattelipa sit\u00e4 kristinuskon kautta tai ihan vain maallisesti.<\/p>\n<p>Lue my\u00f6s: <a href=\"https:\/\/www.voice.fi\/ilmiot\/vauvan-itku-sai-kirkossa-kavijan-suuttumaan-somekarajat-kaynnissa\" title=\"Vauvan itku sai kirkossa k\u00e4vij\u00e4n suuttumaan \u2013 somek\u00e4r\u00e4j\u00e4t k\u00e4ynniss\u00e4\" class=\"underline-custom !font-montserrat !font-bold !underline-offset-4 !decoration-4 !decoration-tilt-light !text-md\" rel=\"nofollow noopener\" target=\"_blank\">Vauvan itku sai kirkossa k\u00e4vij\u00e4n suuttumaan \u2013 somek\u00e4r\u00e4j\u00e4t k\u00e4ynniss\u00e4<\/a><\/p>\n<p>Lue my\u00f6s: <a href=\"https:\/\/www.voice.fi\/ilmiot\/a-187260\" title=\"Mik\u00e4 joululaulu olet? Hauska testi paljastaa, millainen joulupersoona olet\" class=\"underline-custom !font-montserrat !font-bold !underline-offset-4 !decoration-4 !decoration-tilt-light !text-md\" rel=\"nofollow noopener\" target=\"_blank\">Mik\u00e4 joululaulu olet? Hauska testi paljastaa, millainen joulupersoona olet<\/a><\/p>\n<p>\u2013 Itse en j\u00e4\u00e4 t\u00e4t\u00e4 laulua kaipaamaan. Olen inhonnut sit\u00e4 lapsesta l\u00e4htien eli jo yli 60 vuotta, joten tervemenoa.<\/p>\n<p>\u2013 Kaunis mutta v\u00e4h\u00e4n sellainen ranteet auki biisi.<\/p>\n<p>\u2013 Sylvian joululaulu on yksi kammottavimmista ja surullisimmista joululauluista mit\u00e4 tied\u00e4n. Inhoan koko laulua ja siltikin taas eilen jouduin sit\u00e4 pikkujouluissa laulamaan.<\/p>\n<p>Toiset taas olisivat ehdottomasti halunneet s\u00e4ilytt\u00e4\u00e4 kappaleen ohjelmassa:<\/p>\n<p>\u2013 K\u00e4sitt\u00e4m\u00e4t\u00f6n p\u00e4\u00e4t\u00f6s. Kest\u00e4m\u00e4t\u00f6n perustelu. Laulu sopii eritt\u00e4in hyvin yhteislauluksi sopivasta s\u00e4vellajista.<\/p>\n<p>\u2013 Mietitytt\u00e4\u00e4, kannattaako edes menn\u00e4.<\/p>\n<p>\u2013 T\u00f6rke\u00e4 teko j\u00e4tt\u00e4\u00e4 Sylvian joululaulu pois.<\/p>\n<p>\u2013 Voi sent\u00e4\u00e4n. Yksi kauneimmista ja koskettavimmista. Ja niin ihana laulaa yhdess\u00e4 t\u00e4ysin palkein.<\/p>\n<p>\u2013 Suuri moka.<\/p>\n","protected":false},"excerpt":{"rendered":"Kirkko ja kaupunki -lehti ilmoitti, ett\u00e4 er\u00e4s rakastetuimmista joululauluista on j\u00e4tetty pois t\u00e4m\u00e4n vuoden Kauneimpien joululaulujen lauluvihkosta. Kyseess\u00e4&hellip;\n","protected":false},"author":2,"featured_media":115037,"comment_status":"","ping_status":"","sticky":false,"template":"","format":"standard","meta":{"footnotes":""},"categories":[130],"tags":[137,33,31,30,15549,21077,32,109],"class_list":{"0":"post-115036","1":"post","2":"type-post","3":"status-publish","4":"format-standard","5":"has-post-thumbnail","7":"category-viihde","8":"tag-entertainment","9":"tag-fi","10":"tag-finland","11":"tag-finnish","12":"tag-joululaulu","13":"tag-kauneimmat-joululaulut","14":"tag-suomi","15":"tag-viihde"},"share_on_mastodon":{"url":"https:\/\/pubeurope.com\/@fi\/115710378858790251","error":""},"_links":{"self":[{"href":"https:\/\/www.europesays.com\/fi\/wp-json\/wp\/v2\/posts\/115036","targetHints":{"allow":["GET"]}}],"collection":[{"href":"https:\/\/www.europesays.com\/fi\/wp-json\/wp\/v2\/posts"}],"about":[{"href":"https:\/\/www.europesays.com\/fi\/wp-json\/wp\/v2\/types\/post"}],"author":[{"embeddable":true,"href":"https:\/\/www.europesays.com\/fi\/wp-json\/wp\/v2\/users\/2"}],"replies":[{"embeddable":true,"href":"https:\/\/www.europesays.com\/fi\/wp-json\/wp\/v2\/comments?post=115036"}],"version-history":[{"count":0,"href":"https:\/\/www.europesays.com\/fi\/wp-json\/wp\/v2\/posts\/115036\/revisions"}],"wp:featuredmedia":[{"embeddable":true,"href":"https:\/\/www.europesays.com\/fi\/wp-json\/wp\/v2\/media\/115037"}],"wp:attachment":[{"href":"https:\/\/www.europesays.com\/fi\/wp-json\/wp\/v2\/media?parent=115036"}],"wp:term":[{"taxonomy":"category","embeddable":true,"href":"https:\/\/www.europesays.com\/fi\/wp-json\/wp\/v2\/categories?post=115036"},{"taxonomy":"post_tag","embeddable":true,"href":"https:\/\/www.europesays.com\/fi\/wp-json\/wp\/v2\/tags?post=115036"}],"curies":[{"name":"wp","href":"https:\/\/api.w.org\/{rel}","templated":true}]}}