{"id":115038,"date":"2025-12-13T04:32:10","date_gmt":"2025-12-13T04:32:10","guid":{"rendered":"https:\/\/www.europesays.com\/fi\/115038\/"},"modified":"2025-12-13T04:32:10","modified_gmt":"2025-12-13T04:32:10","slug":"paakirjoitus-talouskasvun-signaalit-edelleen-hyvin-heikkoja","status":"publish","type":"post","link":"https:\/\/www.europesays.com\/fi\/115038\/","title":{"rendered":"P\u00e4\u00e4kirjoitus: Talouskasvun signaalit edelleen hyvin heikkoja"},"content":{"rendered":"<p>                                  P\u00e4\u00e4kirjoitukset<\/p>\n<p>                <img loading=\"lazy\" decoding=\"async\" itemprop=\"contentUrl\" class=\"figure-img img-fluid\"  src=\"https:\/\/www.europesays.com\/fi\/wp-content\/uploads\/2025\/12\/1765600330_52_imengine.public.prod.hil.infomaker.io\" width=\"4252\" height=\"2835\"  alt=\"\"\/><\/p>\n<p>                                    Joulukaupan odotetaan pirist\u00e4v\u00e4n taloutta, jota on jarruttanut kotitalouksien v\u00e4h\u00e4inen kulutus. Kuvituskuva.<br \/>\n                                                    Kuva:<br \/>\n                    Jukka Lehoj\u00e4rvi<\/p>\n<p>      MAINOS &#8211; juttu jatkuu mainoksen j\u00e4lkeen<\/p>\n<p>      MAINOS &#8211; mainos p\u00e4\u00e4ttyy<\/p>\n<p class=\"ew-body\">Kuluttajien luottamus ja yksityinen kulutus ovat pysyneet heikkoina vastoin talousennustajien odotuksia saati p\u00e4\u00e4ministeri Petteri Orpon (kok.) vakuutteluja Suomen talouden elpymisest\u00e4.<\/p>\n<p class=\"ew-body\">Palkansaajakeskusj\u00e4rjest\u00f6 Akavan yhteydess\u00e4 toimiva tutkimusyksikk\u00f6 Akava Works julkisti juuri kasvuennusteensa.<\/p>\n<p class=\"ew-body\">T\u00e4l<\/p>\n<p>  <a class=\"btn btn-secondary btn-icon-left\" href=\"#coral_thread\"><br \/>\n    <img decoding=\"async\" src=\"https:\/\/www.kainuunsanomat.fi\/wp-content\/themes\/hilla-theme\/assets\/img\/icon_comments.svg\" alt=\"\"\/><br \/>\n    Kommentoi<br \/>\n    \u00a0(0)<br \/>\n  <\/a><\/p>\n<p>  <a class=\"btn btn-secondary btn-icon-left mailto_web\" href=\"mailto:toimitus@kainuunsanomat.fi?subject=Ilmoita%20asiavirheest%C3%A4&amp;body=Otsikko%3A%20P%C3%A4%C3%A4kirjoitus%3A%20Talouskasvun%20signaalit%20edelleen%20hyvin%20heikkoja%0AUuid%3A%2033cfb042-5467-4355-b424-9d2e1b317496%0AUrl%3A%20https%3A%2F%2Fwww.kainuunsanomat.fi%2Fartikkeli%2Fpaakirjoitus-talouskasvun-signaalit-edelleen-hyvin-heikkoja\"><br \/>\n    <img decoding=\"async\" src=\"https:\/\/www.kainuunsanomat.fi\/wp-content\/themes\/hilla-theme\/assets\/img\/icon_feedback.svg\" alt=\"\"\/><br \/>\n    Ilmoita asiavirheest\u00e4<br \/>\n  <\/a><\/p>\n","protected":false},"excerpt":{"rendered":"P\u00e4\u00e4kirjoitukset Joulukaupan odotetaan pirist\u00e4v\u00e4n taloutta, jota on jarruttanut kotitalouksien v\u00e4h\u00e4inen kulutus. Kuvituskuva. Kuva: Jukka Lehoj\u00e4rvi MAINOS &#8211; juttu&hellip;\n","protected":false},"author":2,"featured_media":115039,"comment_status":"","ping_status":"","sticky":false,"template":"","format":"standard","meta":{"footnotes":""},"categories":[76],"tags":[79,77,33,31,30,32,78],"class_list":{"0":"post-115038","1":"post","2":"type-post","3":"status-publish","4":"format-standard","5":"has-post-thumbnail","7":"category-talous","8":"tag-business","9":"tag-economy","10":"tag-fi","11":"tag-finland","12":"tag-finnish","13":"tag-suomi","14":"tag-talous"},"share_on_mastodon":{"url":"https:\/\/pubeurope.com\/@fi\/115710390984036634","error":""},"_links":{"self":[{"href":"https:\/\/www.europesays.com\/fi\/wp-json\/wp\/v2\/posts\/115038","targetHints":{"allow":["GET"]}}],"collection":[{"href":"https:\/\/www.europesays.com\/fi\/wp-json\/wp\/v2\/posts"}],"about":[{"href":"https:\/\/www.europesays.com\/fi\/wp-json\/wp\/v2\/types\/post"}],"author":[{"embeddable":true,"href":"https:\/\/www.europesays.com\/fi\/wp-json\/wp\/v2\/users\/2"}],"replies":[{"embeddable":true,"href":"https:\/\/www.europesays.com\/fi\/wp-json\/wp\/v2\/comments?post=115038"}],"version-history":[{"count":0,"href":"https:\/\/www.europesays.com\/fi\/wp-json\/wp\/v2\/posts\/115038\/revisions"}],"wp:featuredmedia":[{"embeddable":true,"href":"https:\/\/www.europesays.com\/fi\/wp-json\/wp\/v2\/media\/115039"}],"wp:attachment":[{"href":"https:\/\/www.europesays.com\/fi\/wp-json\/wp\/v2\/media?parent=115038"}],"wp:term":[{"taxonomy":"category","embeddable":true,"href":"https:\/\/www.europesays.com\/fi\/wp-json\/wp\/v2\/categories?post=115038"},{"taxonomy":"post_tag","embeddable":true,"href":"https:\/\/www.europesays.com\/fi\/wp-json\/wp\/v2\/tags?post=115038"}],"curies":[{"name":"wp","href":"https:\/\/api.w.org\/{rel}","templated":true}]}}