{"id":115055,"date":"2025-12-13T04:59:09","date_gmt":"2025-12-13T04:59:09","guid":{"rendered":"https:\/\/www.europesays.com\/fi\/115055\/"},"modified":"2025-12-13T04:59:09","modified_gmt":"2025-12-13T04:59:09","slug":"korealainen-paasykoe-oli-liian-vaikea-johtaja-erosi","status":"publish","type":"post","link":"https:\/\/www.europesays.com\/fi\/115055\/","title":{"rendered":"Korealainen p\u00e4\u00e4sykoe oli liian vaikea, johtaja erosi"},"content":{"rendered":"<p>Etel\u00e4-Korea|Suneung-p\u00e4\u00e4sykoe on nuorille niin t\u00e4rke\u00e4, ett\u00e4 siihen valmistautuminen aloitetaan jo nelivuotiaana. Kokelaiden mukaan englannin koe oli \u201dmielipuolinen\u201d.<\/p>\n<p>12.12. 12:27 | P\u00e4ivitetty 12.12. 14:21<\/p>\n<p>Lue tiivistelm\u00e4<\/p>\n<p>Tiivistelm\u00e4 on teko\u00e4lyn tekem\u00e4 ja ihmisen tarkistama.<\/p>\n<p class=\"article-body mb-nof-24 px-nof-16 sndp-summary-bullet-point-font\">Etel\u00e4-Koreassa nuorten tulevaisuuden ratkaisevaa p\u00e4\u00e4sykoetta j\u00e4rjest\u00e4v\u00e4n laitoksen johtaja on eronnut liian vaikean englannin kokeen vuoksi.<\/p>\n<p class=\"article-body mb-nof-24 px-nof-16 sndp-summary-bullet-point-font\">Marraskuussa pidetyss\u00e4 kokeessa vain hieman yli 3 prosenttia kokelaista sai korkeimman arvosanan englannista, mik\u00e4 on alhaisin luku sitten vuoden 2018.<\/p>\n<p class=\"article-body mb-nof-24 px-nof-16 sndp-summary-bullet-point-font\">Opiskelijat kuvasivat koetta \u201dmielipuoliseksi\u201d ja vertasivat sit\u00e4 muinaiskirjoituksen tulkintaan.<\/p>\n<p class=\"article-body mb-nof-24 px-nof-16 sndp-summary-bullet-point-font\">Kyseess\u00e4 on ensimm\u00e4inen Suneung-johtaja, joka eroaa kokeen vaikeustason takia.<\/p>\n<p class=\"article-body mb-nof-24 px-nof-16\">Etel\u00e4-Koreassa Suneung-p\u00e4\u00e4sykoetta j\u00e4rjest\u00e4v\u00e4n laitoksen johtaja <a class=\"article-personlink\" href=\"https:\/\/www.hs.fi\/haku\/?query=Oh%20Seung-keol\" rel=\"nofollow noopener\" target=\"_blank\">Oh Seung-keol <\/a>on eronnut teht\u00e4v\u00e4st\u00e4\u00e4n liian vaikean kokeen vuoksi, kertoo uutistoimisto AFP.<\/p>\n<p class=\"article-body mb-nof-24 px-nof-16\">H\u00e4n sanoo kantavansa vastuun \u201dkaaoksesta\u201d, jonka marraskuussa pidetty koe aiheutti.<\/p>\n<p class=\"article-body mb-nof-24 px-nof-16\">Suneung on kahdeksan tunnin pituinen koe, joka k\u00e4yt\u00e4nn\u00f6ss\u00e4 ratkaisee nuorten tulevaisuuden Etel\u00e4-Koreassa. Koe m\u00e4\u00e4ritt\u00e4\u00e4 p\u00e4\u00e4syn yliopistoihin ja vaikuttaa ty\u00f6mahdollisuuksiin, tuloihin ja jopa avioliitto\u00adn\u00e4kymiin.<\/p>\n<p class=\"article-body mb-nof-24 px-nof-16\">T\u00e4n\u00e4 vuonna kokeen englannin osiossa vain hieman yli kolme prosenttia kokelaista sai korkeimman arvosanan. Se on alhaisin luku sitten vuoden 2018, jolloin aineeseen otettiin k\u00e4ytt\u00f6\u00f6n absoluuttinen arviointi, eli tuloksia arvioidaan suhteessa ennalta asetettuun suoritustasoon.<\/p>\n<p class=\"article-body mb-nof-24 px-nof-16\">Opiskelijat kuvasivat koetta \u201dmielipuoliseksi\u201d ja vertasivat sit\u00e4 muinais\u00adkirjoituksen tulkintaan. Kritiikki oli niin voimakasta, ett\u00e4 Suneung-koetta j\u00e4rjest\u00e4v\u00e4n Korean opetus\u00adsuunnitelma- ja arviointi-instituutin johtaja Oh Seung-keol p\u00e4\u00e4tti erota.<\/p>\n<p class=\"article-body mb-nof-24 px-nof-16\">\u201dHyv\u00e4ksymme vilpitt\u00f6m\u00e4sti kritiikin siit\u00e4, ett\u00e4 kysymysten vaikeustaso oli sopimaton\u201d, Oh sanoi. H\u00e4n my\u00f6nsi, ett\u00e4 koe \u201dj\u00e4i vajaaksi\u201d huolimatta useista muokkaus\u00adkierroksista.<\/p>\n<p class=\"article-body mb-nof-24 px-nof-16\">Laitos antoi erillisen anteeksipyynn\u00f6n ja totesi ottavansa vakavasti kritiikin siit\u00e4, ett\u00e4 koe ei t\u00e4ytt\u00e4nyt asianmukaista vaikeustasoa.<\/p>\n<p class=\"article-body mb-nof-24 px-nof-16\">Kokelailla oli 70 minuuttia aikaa vastata 45 kysymykseen. Yksi eniten kritiikki\u00e4 her\u00e4tt\u00e4neist\u00e4 kysymyksist\u00e4 k\u00e4sitteli <a class=\"article-personlink\" href=\"https:\/\/www.hs.fi\/haku\/?query=Immanuel%20Kantin\" rel=\"nofollow noopener\" target=\"_blank\">Immanuel Kantin<\/a> ja <a class=\"article-personlink\" href=\"https:\/\/www.hs.fi\/haku\/?query=Thomas%20Hobbesin\" rel=\"nofollow noopener\" target=\"_blank\">Thomas Hobbesin<\/a> filosofisia n\u00e4kemyksi\u00e4 oikeusvaltiosta. Toinen kysymys pohti ajan ja kellojen luonnetta. Er\u00e4\u00e4ss\u00e4 teht\u00e4v\u00e4ss\u00e4 kysyttiin, miten olemassaolon k\u00e4site voisi koskea videopelien avatareja.<\/p>\n<p class=\"article-body mb-nof-24 px-nof-16\">Suneung-koe pidet\u00e4\u00e4n vuosittain marraskuussa, ja se pys\u00e4ytt\u00e4\u00e4 suuren osan Etel\u00e4-Koreasta yhdeksi p\u00e4iv\u00e4ksi. Rakennusty\u00f6t ja armeijan harjoitukset keskeytet\u00e4\u00e4n optimaalisen testi\u00adymp\u00e4rist\u00f6n takaamiseksi. My\u00f6s lentokoneet pysyv\u00e4t maan pinnalla 35 minuuttia englannin kuuntelu\u00adkokeen aikana, jotta mik\u00e4\u00e4n melu ei h\u00e4iritsisi kokelaita.<\/p>\n<p class=\"article-body mb-nof-24 px-nof-16\">Monet teini-ik\u00e4iset viett\u00e4v\u00e4t koko el\u00e4m\u00e4ns\u00e4 valmistautuen n\u00e4ihin kokeisiin. Osa heist\u00e4 l\u00e4hetet\u00e4\u00e4n yksityisiin opetuskeskuksiin, niin sanottuihin \u201dahkerointi\u00adkouluihin\u201d, jo nelivuotiaina.<\/p>\n<p class=\"article-body mb-nof-24 px-nof-16\">Uutistoimisto AFP:n mukaan kokeeseen kohdistuva valtava paine on osittain syyn\u00e4 siihen, ett\u00e4 Etel\u00e4-Koreassa nuorten masennus ja itsemurhien m\u00e4\u00e4r\u00e4 ovat maailman korkeimpia.<\/p>\n<p class=\"article-body mb-nof-24 px-nof-16\">Vain nelj\u00e4 12:sta Suneung-johtajasta vuodesta 1993 l\u00e4htien on palvellut t\u00e4yden kolmen vuoden toimikautensa. Useimmat ovat eronneet kokeen kysymysten virheiden vuoksi, mutta Oh on ensimm\u00e4inen, joka eroaa kokeen vaikeustason takia.<\/p>\n","protected":false},"excerpt":{"rendered":"Etel\u00e4-Korea|Suneung-p\u00e4\u00e4sykoe on nuorille niin t\u00e4rke\u00e4, ett\u00e4 siihen valmistautuminen aloitetaan jo nelivuotiaana. Kokelaiden mukaan englannin koe oli \u201dmielipuolinen\u201d. 12.12.&hellip;\n","protected":false},"author":2,"featured_media":96697,"comment_status":"","ping_status":"","sticky":false,"template":"","format":"standard","meta":{"footnotes":""},"categories":[14],"tags":[22,23,26,27,33,31,30,17,46,24,25,28,29,15,18,21,32,19,20,56,16,59,60,61],"class_list":{"0":"post-115055","1":"post","2":"type-post","3":"status-publish","4":"format-standard","5":"has-post-thumbnail","7":"category-ulkomaat","8":"tag-breaking-news","9":"tag-breakingnews","10":"tag-featured-news","11":"tag-featurednews","12":"tag-fi","13":"tag-finland","14":"tag-finnish","15":"tag-headlines","16":"tag-helsingin-sanomat","17":"tag-latest-news","18":"tag-latestnews","19":"tag-main-news","20":"tag-mainnews","21":"tag-news","22":"tag-otsikot","23":"tag-paauutiset","24":"tag-suomi","25":"tag-top-stories","26":"tag-topstories","27":"tag-ulkomaat","28":"tag-uutiset","29":"tag-world","30":"tag-world-news","31":"tag-worldnews"},"share_on_mastodon":{"url":"https:\/\/pubeurope.com\/@fi\/115710496850079447","error":""},"_links":{"self":[{"href":"https:\/\/www.europesays.com\/fi\/wp-json\/wp\/v2\/posts\/115055","targetHints":{"allow":["GET"]}}],"collection":[{"href":"https:\/\/www.europesays.com\/fi\/wp-json\/wp\/v2\/posts"}],"about":[{"href":"https:\/\/www.europesays.com\/fi\/wp-json\/wp\/v2\/types\/post"}],"author":[{"embeddable":true,"href":"https:\/\/www.europesays.com\/fi\/wp-json\/wp\/v2\/users\/2"}],"replies":[{"embeddable":true,"href":"https:\/\/www.europesays.com\/fi\/wp-json\/wp\/v2\/comments?post=115055"}],"version-history":[{"count":0,"href":"https:\/\/www.europesays.com\/fi\/wp-json\/wp\/v2\/posts\/115055\/revisions"}],"wp:featuredmedia":[{"embeddable":true,"href":"https:\/\/www.europesays.com\/fi\/wp-json\/wp\/v2\/media\/96697"}],"wp:attachment":[{"href":"https:\/\/www.europesays.com\/fi\/wp-json\/wp\/v2\/media?parent=115055"}],"wp:term":[{"taxonomy":"category","embeddable":true,"href":"https:\/\/www.europesays.com\/fi\/wp-json\/wp\/v2\/categories?post=115055"},{"taxonomy":"post_tag","embeddable":true,"href":"https:\/\/www.europesays.com\/fi\/wp-json\/wp\/v2\/tags?post=115055"}],"curies":[{"name":"wp","href":"https:\/\/api.w.org\/{rel}","templated":true}]}}