{"id":115056,"date":"2025-12-13T05:00:09","date_gmt":"2025-12-13T05:00:09","guid":{"rendered":"https:\/\/www.europesays.com\/fi\/115056\/"},"modified":"2025-12-13T05:00:09","modified_gmt":"2025-12-13T05:00:09","slug":"joikioisissa-kadonnut-nainen-loydetty-kuolleena","status":"publish","type":"post","link":"https:\/\/www.europesays.com\/fi\/115056\/","title":{"rendered":"Joikioisissa kadonnut nainen l\u00f6ydetty kuolleena"},"content":{"rendered":"<p><strong class=\"typography-bold\">Jokioisilta Kaarnakodilta katosi t\u00e4n\u00e4\u00e4n iltap\u00e4iv\u00e4ll\u00e4 noin 65-vuotias naishenkil\u00f6.<\/strong><\/p>\n<p>Poliisi tiedotti puoli yhdeks\u00e4n aikaan illalla naisen l\u00f6ytyneen maastosta poliisin etsint\u00f6jen yhteydess\u00e4.<\/p>\n<p>Nainen l\u00f6ytyi poliisikoiran ja koiranohjaajan toimesta noin muutaman sadan metrin p\u00e4\u00e4st\u00e4 ilmoitetusta katoamispaikasta.\u00a0<\/p>\n<p>Vanhus oli l\u00f6ydett\u00e4ess\u00e4 menehtynyt. Poliisi tutkii asiaa kuolemansyyn tutkintana, eik\u00e4 sen johdosta tiedota asiasta toistaiseksi enemp\u00e4\u00e4.<\/p>\n<p>Juttua p\u00e4ivitetty kello 20.34: Poliisi on l\u00f6yt\u00e4nyt kadonneen naisen menehtyneen\u00e4.<\/p>\n","protected":false},"excerpt":{"rendered":"Jokioisilta Kaarnakodilta katosi t\u00e4n\u00e4\u00e4n iltap\u00e4iv\u00e4ll\u00e4 noin 65-vuotias naishenkil\u00f6. Poliisi tiedotti puoli yhdeks\u00e4n aikaan illalla naisen l\u00f6ytyneen maastosta poliisin&hellip;\n","protected":false},"author":2,"featured_media":86751,"comment_status":"","ping_status":"","sticky":false,"template":"","format":"standard","meta":{"footnotes":""},"categories":[12],"tags":[22,23,26,27,33,31,30,17,24,25,28,29,15,18,21,32,19,20,16],"class_list":{"0":"post-115056","1":"post","2":"type-post","3":"status-publish","4":"format-standard","5":"has-post-thumbnail","7":"category-suomi","8":"tag-breaking-news","9":"tag-breakingnews","10":"tag-featured-news","11":"tag-featurednews","12":"tag-fi","13":"tag-finland","14":"tag-finnish","15":"tag-headlines","16":"tag-latest-news","17":"tag-latestnews","18":"tag-main-news","19":"tag-mainnews","20":"tag-news","21":"tag-otsikot","22":"tag-paauutiset","23":"tag-suomi","24":"tag-top-stories","25":"tag-topstories","26":"tag-uutiset"},"share_on_mastodon":{"url":"https:\/\/pubeurope.com\/@fi\/115710500888631049","error":""},"_links":{"self":[{"href":"https:\/\/www.europesays.com\/fi\/wp-json\/wp\/v2\/posts\/115056","targetHints":{"allow":["GET"]}}],"collection":[{"href":"https:\/\/www.europesays.com\/fi\/wp-json\/wp\/v2\/posts"}],"about":[{"href":"https:\/\/www.europesays.com\/fi\/wp-json\/wp\/v2\/types\/post"}],"author":[{"embeddable":true,"href":"https:\/\/www.europesays.com\/fi\/wp-json\/wp\/v2\/users\/2"}],"replies":[{"embeddable":true,"href":"https:\/\/www.europesays.com\/fi\/wp-json\/wp\/v2\/comments?post=115056"}],"version-history":[{"count":0,"href":"https:\/\/www.europesays.com\/fi\/wp-json\/wp\/v2\/posts\/115056\/revisions"}],"wp:featuredmedia":[{"embeddable":true,"href":"https:\/\/www.europesays.com\/fi\/wp-json\/wp\/v2\/media\/86751"}],"wp:attachment":[{"href":"https:\/\/www.europesays.com\/fi\/wp-json\/wp\/v2\/media?parent=115056"}],"wp:term":[{"taxonomy":"category","embeddable":true,"href":"https:\/\/www.europesays.com\/fi\/wp-json\/wp\/v2\/categories?post=115056"},{"taxonomy":"post_tag","embeddable":true,"href":"https:\/\/www.europesays.com\/fi\/wp-json\/wp\/v2\/tags?post=115056"}],"curies":[{"name":"wp","href":"https:\/\/api.w.org\/{rel}","templated":true}]}}