{"id":115057,"date":"2025-12-13T05:01:23","date_gmt":"2025-12-13T05:01:23","guid":{"rendered":"https:\/\/www.europesays.com\/fi\/115057\/"},"modified":"2025-12-13T05:01:23","modified_gmt":"2025-12-13T05:01:23","slug":"davosin-maailmancup-is-seuraa-vapaan-parisprinttia","status":"publish","type":"post","link":"https:\/\/www.europesays.com\/fi\/115057\/","title":{"rendered":"Davosin maailmancup: IS seuraa vapaan parisprintti\u00e4"},"content":{"rendered":"<p>Maastohiihto|Davosissa lykittiin vapaan parisprintit.<\/p>\n<p>12.12. 19:00 | P\u00e4ivitetty 12.12. 19:01<\/p>\n<p class=\"article-body mb-nof-24 px-nof-16\">Hiihdon maailmancup jatkui perjantaina vapaan hiihtotavan parisprinteill\u00e4 Davosissa.<\/p>\n<p class=\"article-body mb-nof-24 px-nof-16\">Naisissa Suomen<a class=\"article-personlink\" href=\"https:\/\/www.hs.fi\/haku\/?query=%20Jasmin%20K%C3%A4h%C3%A4r%C3%A4\" rel=\"nofollow noopener\" target=\"_blank\"> Jasmin K\u00e4h\u00e4r\u00e4<\/a>\u2013<a class=\"article-personlink\" href=\"https:\/\/www.hs.fi\/haku\/?query=Jasmi%20Joensuu\" rel=\"nofollow noopener\" target=\"_blank\">Jasmi Joensuu<\/a> sijoittui kuudenneksi h\u00e4viten voittajalle, Ruotsin ykk\u00f6sjoukkueelle 3,26 sekuntia. Muut palkintosijat meniv\u00e4t Norjaan, jonka kakkosjoukkue veti pidemm\u00e4n korren ykk\u00f6sest\u00e4.<\/p>\n<p class=\"article-body mb-nof-24 px-nof-16\">Suomen toinen kaksikko <a class=\"article-personlink\" href=\"https:\/\/www.hs.fi\/haku\/?query=Vilma%20Ryytty\" rel=\"nofollow noopener\" target=\"_blank\">Vilma Ryytty<\/a>\u2013<a class=\"article-personlink\" href=\"https:\/\/www.hs.fi\/haku\/?query=Vilma%20Nissinen\" rel=\"nofollow noopener\" target=\"_blank\">Vilma Nissinen<\/a> sijoittui finaalissa kymmenenneksi.<\/p>\n<p class=\"article-body mb-nof-24 px-nof-16\">Miesten puolella ykk\u00f6sjoukkue <a class=\"article-personlink\" href=\"https:\/\/www.hs.fi\/haku\/?query=Lauri%20Vuorinen\" rel=\"nofollow noopener\" target=\"_blank\">Lauri Vuorinen<\/a>\u2013<a class=\"article-personlink\" href=\"https:\/\/www.hs.fi\/haku\/?query=Joni%20M%C3%A4ki\" rel=\"nofollow noopener\" target=\"_blank\">Joni M\u00e4ki<\/a> j\u00e4i loppukirikamppailussa kisan viidenneksi. Suomalaisilla olisi ollut rahkeita parempaankin, mutta heid\u00e4n hiihtoaan hidastivat huonot vaihdot ja M\u00e4en sauvarikko h\u00e4nen toiseksi viimeisell\u00e4 osuudellaan.<\/p>\n<p class=\"article-body mb-nof-24 px-nof-16\">Miesten kisan voittoon kiri Norjan ykk\u00f6nen ennen Italian ja Ruotsin ykk\u00f6sjoukkueita.<\/p>\n<p class=\"article-body mb-nof-24 px-nof-16\"><a class=\"article-personlink\" href=\"https:\/\/www.hs.fi\/haku\/?query=Ristomatti%20Hakolan\" rel=\"nofollow noopener\" target=\"_blank\">Ristomatti Hakolan<\/a> ja <a class=\"article-personlink\" href=\"https:\/\/www.hs.fi\/haku\/?query=Emil%20Liekarin\" rel=\"nofollow noopener\" target=\"_blank\">Emil Liekarin<\/a> tie tyss\u00e4si karsintaan.<\/p>\n<p class=\"article-body mb-nof-24 px-nof-16\">Sama matka on ohjelmassa my\u00f6s olympialaisissa helmikuussa. Davosin-kilpailu on ensimm\u00e4inen ja viimeinen vapaan parisprintti ennen olympiakisoja.<\/p>\n","protected":false},"excerpt":{"rendered":"Maastohiihto|Davosissa lykittiin vapaan parisprintit. 12.12. 19:00 | P\u00e4ivitetty 12.12. 19:01 Hiihdon maailmancup jatkui perjantaina vapaan hiihtotavan parisprinteill\u00e4 Davosissa.&hellip;\n","protected":false},"author":2,"featured_media":115058,"comment_status":"","ping_status":"","sticky":false,"template":"","format":"standard","meta":{"footnotes":""},"categories":[5],"tags":[22,23,26,27,33,31,30,17,46,24,25,28,29,15,18,21,32,19,20,16],"class_list":{"0":"post-115057","1":"post","2":"type-post","3":"status-publish","4":"format-standard","5":"has-post-thumbnail","7":"category-otsikot","8":"tag-breaking-news","9":"tag-breakingnews","10":"tag-featured-news","11":"tag-featurednews","12":"tag-fi","13":"tag-finland","14":"tag-finnish","15":"tag-headlines","16":"tag-helsingin-sanomat","17":"tag-latest-news","18":"tag-latestnews","19":"tag-main-news","20":"tag-mainnews","21":"tag-news","22":"tag-otsikot","23":"tag-paauutiset","24":"tag-suomi","25":"tag-top-stories","26":"tag-topstories","27":"tag-uutiset"},"share_on_mastodon":{"url":"https:\/\/pubeurope.com\/@fi\/115710504706742925","error":""},"_links":{"self":[{"href":"https:\/\/www.europesays.com\/fi\/wp-json\/wp\/v2\/posts\/115057","targetHints":{"allow":["GET"]}}],"collection":[{"href":"https:\/\/www.europesays.com\/fi\/wp-json\/wp\/v2\/posts"}],"about":[{"href":"https:\/\/www.europesays.com\/fi\/wp-json\/wp\/v2\/types\/post"}],"author":[{"embeddable":true,"href":"https:\/\/www.europesays.com\/fi\/wp-json\/wp\/v2\/users\/2"}],"replies":[{"embeddable":true,"href":"https:\/\/www.europesays.com\/fi\/wp-json\/wp\/v2\/comments?post=115057"}],"version-history":[{"count":0,"href":"https:\/\/www.europesays.com\/fi\/wp-json\/wp\/v2\/posts\/115057\/revisions"}],"wp:featuredmedia":[{"embeddable":true,"href":"https:\/\/www.europesays.com\/fi\/wp-json\/wp\/v2\/media\/115058"}],"wp:attachment":[{"href":"https:\/\/www.europesays.com\/fi\/wp-json\/wp\/v2\/media?parent=115057"}],"wp:term":[{"taxonomy":"category","embeddable":true,"href":"https:\/\/www.europesays.com\/fi\/wp-json\/wp\/v2\/categories?post=115057"},{"taxonomy":"post_tag","embeddable":true,"href":"https:\/\/www.europesays.com\/fi\/wp-json\/wp\/v2\/tags?post=115057"}],"curies":[{"name":"wp","href":"https:\/\/api.w.org\/{rel}","templated":true}]}}