{"id":115059,"date":"2025-12-13T05:02:28","date_gmt":"2025-12-13T05:02:28","guid":{"rendered":"https:\/\/www.europesays.com\/fi\/115059\/"},"modified":"2025-12-13T05:02:28","modified_gmt":"2025-12-13T05:02:28","slug":"vihiojanpuiston-maisemapelto-tampereen-kaupunki-luonto-ja-ymparisto","status":"publish","type":"post","link":"https:\/\/www.europesays.com\/fi\/115059\/","title":{"rendered":"Vihiojanpuiston maisemapelto [Tampereen kaupunki &#8211; Luonto ja ymp\u00e4rist\u00f6"},"content":{"rendered":"<p>                                                                  Vihinojanpuistossa kasvaa kes\u00e4ll\u00e4 2025 p\u00f6lytt\u00e4j\u00e4yst\u00e4v\u00e4llisi\u00e4 kes\u00e4kukkia: ruiskaunokkia, maloppia, kes\u00e4malvikkia, kes\u00e4harsoa, silkkiunikkoa, kes\u00e4lemmikki\u00e4 ja keh\u00e4kukkaa. Aluskasvina on monilajinen apilanurmi.\n                                                  <\/p>\n<p>Vihiojanpuiston maisemapelto sijaitsee Muotialassa Hallilantien ja py\u00f6r\u00e4ilyn p\u00e4\u00e4reitin kulmauksessa.<\/p>\n<p>P\u00e4ivitetty 10.12.2025<\/p>\n","protected":false},"excerpt":{"rendered":"Vihinojanpuistossa kasvaa kes\u00e4ll\u00e4 2025 p\u00f6lytt\u00e4j\u00e4yst\u00e4v\u00e4llisi\u00e4 kes\u00e4kukkia: ruiskaunokkia, maloppia, kes\u00e4malvikkia, kes\u00e4harsoa, silkkiunikkoa, kes\u00e4lemmikki\u00e4 ja keh\u00e4kukkaa. Aluskasvina on monilajinen apilanurmi.&hellip;\n","protected":false},"author":2,"featured_media":115060,"comment_status":"","ping_status":"","sticky":false,"template":"","format":"standard","meta":{"footnotes":""},"categories":[117],"tags":[33,31,30,72,476,118,32,119,477],"class_list":{"0":"post-115059","1":"post","2":"type-post","3":"status-publish","4":"format-standard","5":"has-post-thumbnail","7":"category-luonto","8":"tag-fi","9":"tag-finland","10":"tag-finnish","11":"tag-luonto","12":"tag-nature","13":"tag-science","14":"tag-suomi","15":"tag-tiede","16":"tag-wildlife"},"share_on_mastodon":{"url":"https:\/\/pubeurope.com\/@fi\/115710508606740917","error":""},"_links":{"self":[{"href":"https:\/\/www.europesays.com\/fi\/wp-json\/wp\/v2\/posts\/115059","targetHints":{"allow":["GET"]}}],"collection":[{"href":"https:\/\/www.europesays.com\/fi\/wp-json\/wp\/v2\/posts"}],"about":[{"href":"https:\/\/www.europesays.com\/fi\/wp-json\/wp\/v2\/types\/post"}],"author":[{"embeddable":true,"href":"https:\/\/www.europesays.com\/fi\/wp-json\/wp\/v2\/users\/2"}],"replies":[{"embeddable":true,"href":"https:\/\/www.europesays.com\/fi\/wp-json\/wp\/v2\/comments?post=115059"}],"version-history":[{"count":0,"href":"https:\/\/www.europesays.com\/fi\/wp-json\/wp\/v2\/posts\/115059\/revisions"}],"wp:featuredmedia":[{"embeddable":true,"href":"https:\/\/www.europesays.com\/fi\/wp-json\/wp\/v2\/media\/115060"}],"wp:attachment":[{"href":"https:\/\/www.europesays.com\/fi\/wp-json\/wp\/v2\/media?parent=115059"}],"wp:term":[{"taxonomy":"category","embeddable":true,"href":"https:\/\/www.europesays.com\/fi\/wp-json\/wp\/v2\/categories?post=115059"},{"taxonomy":"post_tag","embeddable":true,"href":"https:\/\/www.europesays.com\/fi\/wp-json\/wp\/v2\/tags?post=115059"}],"curies":[{"name":"wp","href":"https:\/\/api.w.org\/{rel}","templated":true}]}}