{"id":115061,"date":"2025-12-13T05:16:08","date_gmt":"2025-12-13T05:16:08","guid":{"rendered":"https:\/\/www.europesays.com\/fi\/115061\/"},"modified":"2025-12-13T05:16:08","modified_gmt":"2025-12-13T05:16:08","slug":"amazing-race-suomi-maria-guzenina-syyttaa-haviosta-taksikuskia","status":"publish","type":"post","link":"https:\/\/www.europesays.com\/fi\/115061\/","title":{"rendered":"Amazing Race Suomi: Maria Guzenina syytt\u00e4\u00e4 h\u00e4vi\u00f6st\u00e4 taksikuskia"},"content":{"rendered":"<p>\n            Amazing Race Suomi, 2025, Vilma V\u00e4h\u00e4maa, Maria Guzenina.<br \/>\n            MTV\n        <\/p>\n<p class=\"subtitle \">Joidenkin kilpailijoiden v\u00e4lill\u00e4 on aistittavissa j\u00e4nnitteit\u00e4 Amazing Race Suomessa.<\/p>\n<p class=\"article-content article-content-width !bg-background\">Amazing Race Suomi -ohjelman viidenness\u00e4 jaksossa 13.12. tunteet alkavat kuumeta jatkuvan kiireen ja suorittamisen keskell\u00e4. Erityisesti kansanedustaja  ja h\u00e4nen matkakumppaninsa  v\u00e4lill\u00e4 on aistittavissa j\u00e4nnitteit\u00e4.<\/p>\n<p class=\"font-weight-bold m-font-weight-bold article-content article-content-width !bg-background\">Video: Amazing Race -kilpailijoilta vinkit pakkaamiseen.\u00a0<\/p>\n<p class=\"article-content article-content-width !bg-background\">Kaksikko ei liioin ole tuntenut toisiaan ennen matkalle l\u00e4ht\u00f6\u00e4\u00e4n, sill\u00e4 he ovat kertoneet, ett\u00e4 ovat toisilleen enemm\u00e4nkin hyv\u00e4n p\u00e4iv\u00e4n tuttuja.<\/p>\n<p>        <a itemprop=\"url\" href=\"https:\/\/www.seiska.fi\/katso\/maria-guzenina-ei-tuntenut-amazing-race-pariaan-rikkinainen-lapsuus-yhdisti\/1980358\" rel=\"nofollow noopener\" target=\"_blank\"><\/p>\n<p>\nMaria Guzenina\n<\/p>\n<p class=\"section-date\">\n        <strong class=\"article-section\" data-section=\"katso\"><br \/>\n            katso<br \/>\n        <\/strong><br \/>\n        3.11. 07:15\n    <\/p>\n<p>Maria Guzenina ei tuntenut Amazing Race -pariaan \u2013 rikkin\u00e4inen lapsuus yhdisti\n    <\/p>\n<p itemprop=\"description\" class=\"subtitle \">\n    Kansanedustaja Maria Guzenina avautuu perheens\u00e4 suuresta salaisuudesta.\n<\/p>\n<p>        <\/a><\/p>\n<p>Apua ei heru<\/p>\n<p class=\"article-content article-content-width !bg-background\">Kilpailijat ovat lent\u00e4neet Thaimaasta Sri Lankalle Colombon kaupunkiin.\u00a0<\/p>\n<p class=\"article-content article-content-width !bg-background\">Maria ja Vilma ovat saaneet ensimm\u00e4isen teht\u00e4v\u00e4etapin suoritettua ja ovat siirtym\u00e4ss\u00e4 toiselle. Heill\u00e4 on kuitenkin haasteita l\u00f6yt\u00e4\u00e4 paikalle, ja he menev\u00e4tkin ensin v\u00e4\u00e4r\u00e4\u00e4n paikkaan, jossa teht\u00e4v\u00e4\u00e4 ovat suorittamassa radiojuontajayst\u00e4vykset  ja .<\/p>\n<p class=\"article-content article-content-width !bg-background\">Maria ja Vilma eiv\u00e4t l\u00f6yd\u00e4 teht\u00e4v\u00e4boksia alueelta. He p\u00e4\u00e4tt\u00e4v\u00e4t kysy\u00e4 asiasta Mialta ja Karoliinalta.<\/p>\n<p class=\"article-content article-content-width !bg-background\"> \u2013 Mist\u00e4 te l\u00f6ysitte sen vihjeen? Vilma huikkaa.<\/p>\n<p class=\"article-content article-content-width !bg-background\">Mia ja Karoliina eiv\u00e4t reagoi, vaan jatkavat teht\u00e4v\u00e4\u00e4.<\/p>\n<p class=\"article-content article-content-width !bg-background\"> \u2013 Me keskitymme nyt omaan, Karoliina kuiskaa Mialle.<\/p>\n<p class=\"article-content article-content-width !bg-background\">Mia kuitenkin heltyy ja n\u00e4ytt\u00e4\u00e4 eleill\u00e4\u00e4n, miss\u00e4 suunnassa teht\u00e4v\u00e4boksi sijaitsee.\u00a0<\/p>\n<p class=\"article-content article-content-width !bg-background\">Marian ja Vilman poistuttua Karoliinalla on Mialle kerrottavaa.<\/p>\n<p class=\"article-content article-content-width !bg-background\">Kauden aikana on n\u00e4hty, kuinka kilpaparit auttavat toinen toisiaan. Esimerkiksi sisarukset  ja  ovat antaneet auttavaa k\u00e4tt\u00e4 monelle pulmassa oleville pareille.<\/p>\n<p class=\"article-content article-content-width !bg-background\">Karoliinan mukaan samaa auttavaisuutta ei ole ollut havaittavissa Marian ja Vilman kohdalla.<\/p>\n<p class=\"article-content article-content-width !bg-background\"> \u2013  () ja Ege () olivat yritt\u00e4neet pyyt\u00e4\u00e4 apua, mutta he eiv\u00e4t olleet auttaneet, Karoliina kuiskaa.<\/p>\n<p class=\"article-content article-content-width !bg-background\"> \u2013 Oikeesti? Mia kauhistelee.<\/p>\n<p class=\"article-content article-content-width !bg-background\">Maria ja Vilma jatkavat etsimist\u00e4\u00e4n. Maria ei usko, ett\u00e4 Mian neuvot olivat vilpitt\u00f6mi\u00e4. Vilma on toista mielt\u00e4 asiasta.<\/p>\n<p class=\"article-content article-content-width !bg-background\"> \u2013 Ne on huijannut meit\u00e4 aiemminkin. Nyt ne ei halunnut vastata my\u00f6sk\u00e4\u00e4n, Maria tokaisee.<\/p>\n<p class=\"article-content article-content-width !bg-background\">Selvi\u00e4\u00e4, ett\u00e4 Mian antamat neuvot osuvat kuitenkin oikeaan, ja kaksikko hypp\u00e4\u00e4 uudestaan taksiin.<\/p>\n<p>        <a itemprop=\"url\" href=\"https:\/\/www.seiska.fi\/katso\/katsojilta-tyly-arvio-amazing-race-suomen-kilpailijoista\/2010207\" rel=\"nofollow noopener\" target=\"_blank\"><\/p>\n<p>\nAmazing Race Suomi\n<\/p>\n<p class=\"section-date\">\n        <strong class=\"article-section\" data-section=\"katso\"><br \/>\n            katso<br \/>\n        <\/strong><br \/>\n        8.12. 11:15\n    <\/p>\n<p>Katsojilta tyly arvio Amazing Race Suomen kilpailijoista\n    <\/p>\n<p itemprop=\"description\" class=\"subtitle \">\n    Varsinkin yksi pari on saanut katsojat \u00e4rsyyntym\u00e4\u00e4n.\n<\/p>\n<p>        <\/a><\/p>\n<p>&#8221;Pahispoliitikot&#8221;<\/p>\n<p class=\"article-content article-content-width !bg-background\">Maria ja Vilma rient\u00e4v\u00e4t siivoamaan norsujen karsinoita. He kiriv\u00e4t kiinni n\u00e4yttelij\u00e4\u00a0 ja h\u00e4nen poikansa .<\/p>\n<p class=\"article-content article-content-width !bg-background\">Siihen on syyns\u00e4, sill\u00e4 Joelilla tuli kesken karsinan siivoamisen haava k\u00e4teen, joka hidastutti teht\u00e4v\u00e4\u00e4.<\/p>\n<p class=\"article-content article-content-width !bg-background\"> \u2013 Jouduin tekem\u00e4\u00e4n kymmenen minuuttia yksin. Nyt pahispoliitikot tulee sielt\u00e4 k\u00e4det paskassa ja juoksee meid\u00e4n ohi, Mari parahtaa.<\/p>\n<p class=\"article-content article-content-width !bg-background\">Teht\u00e4v\u00e4 on saatu suoritettua. Maria on heitt\u00e4m\u00e4ss\u00e4 hanskoja tiskiin, sill\u00e4 h\u00e4n uskoo, ett\u00e4 he ovat h\u00e4vi\u00f6ll\u00e4. Syyn h\u00e4n vieritt\u00e4\u00e4 taksikuskin niskaan, joka ei l\u00f6yt\u00e4nyt oitis teht\u00e4v\u00e4paikalle.<\/p>\n<p class=\"article-content article-content-width !bg-background\"> \u2013 Me h\u00e4vi\u00e4mme, koska veit meid\u00e4t v\u00e4\u00e4r\u00e4\u00e4n paikkaan, Maria toteaa taksikuskille.<\/p>\n<p class=\"article-content article-content-width !bg-background\">Vilma yritt\u00e4\u00e4 pehmitt\u00e4\u00e4 tilannetta.<\/p>\n<p class=\"article-content article-content-width !bg-background\"> \u2013 En viel\u00e4 sanoisi, ett\u00e4 ollaan viimeisi\u00e4.<\/p>\n<p class=\"italic m-italic article-content article-content-width !bg-background\">Amazing Race Suomi lauantaisin Nelosella ja Ruudussa.\u00a0<\/p>\n<p>        <a itemprop=\"url\" href=\"https:\/\/www.seiska.fi\/katso\/sara-sieppi-amazing-race-suomi-paljasti-uuden-puolen-katsojille\/2009877\" rel=\"nofollow noopener\" target=\"_blank\"><\/p>\n<p>\nAmazing Race Suomi\n<\/p>\n<p class=\"section-date\">\n        <strong class=\"article-section\" data-section=\"katso\"><br \/>\n            katso<br \/>\n        <\/strong><br \/>\n        3.12. 09:15\n    <\/p>\n<p>Sara Sieppi: Amazing Race Suomi paljasti uuden puolen katsojille\n    <\/p>\n<p itemprop=\"description\" class=\"subtitle \">\n    Amazing Race Suomen katsojat ovat kommentoineet ahkerasti tv-ruuduilla n\u00e4kem\u00e4\u00e4ns\u00e4 seikkailua.\n<\/p>\n<p>        <\/a><\/p>\n","protected":false},"excerpt":{"rendered":"Amazing Race Suomi, 2025, Vilma V\u00e4h\u00e4maa, Maria Guzenina. MTV Joidenkin kilpailijoiden v\u00e4lill\u00e4 on aistittavissa j\u00e4nnitteit\u00e4 Amazing Race Suomessa.&hellip;\n","protected":false},"author":2,"featured_media":115062,"comment_status":"","ping_status":"","sticky":false,"template":"","format":"standard","meta":{"footnotes":""},"categories":[133],"tags":[3177,21080,137,33,31,30,16089,15286,4889,1758,2158,19893,32,206,156,109,16077],"class_list":{"0":"post-115061","1":"post","2":"type-post","3":"status-publish","4":"format-standard","5":"has-post-thumbnail","7":"category-televisiot","8":"tag-amazing-race-suomi","9":"tag-colombo","10":"tag-entertainment","11":"tag-fi","12":"tag-finland","13":"tag-finnish","14":"tag-karoliina-tuominen","15":"tag-maria-guzenina","16":"tag-matkailuohjelma","17":"tag-nelonen","18":"tag-ruutu","19":"tag-sri-lanka","20":"tag-suomi","21":"tag-televisiot","22":"tag-tv","23":"tag-viihde","24":"tag-vilma-vahamaa"},"share_on_mastodon":{"url":"https:\/\/pubeurope.com\/@fi\/115710563562487665","error":""},"_links":{"self":[{"href":"https:\/\/www.europesays.com\/fi\/wp-json\/wp\/v2\/posts\/115061","targetHints":{"allow":["GET"]}}],"collection":[{"href":"https:\/\/www.europesays.com\/fi\/wp-json\/wp\/v2\/posts"}],"about":[{"href":"https:\/\/www.europesays.com\/fi\/wp-json\/wp\/v2\/types\/post"}],"author":[{"embeddable":true,"href":"https:\/\/www.europesays.com\/fi\/wp-json\/wp\/v2\/users\/2"}],"replies":[{"embeddable":true,"href":"https:\/\/www.europesays.com\/fi\/wp-json\/wp\/v2\/comments?post=115061"}],"version-history":[{"count":0,"href":"https:\/\/www.europesays.com\/fi\/wp-json\/wp\/v2\/posts\/115061\/revisions"}],"wp:featuredmedia":[{"embeddable":true,"href":"https:\/\/www.europesays.com\/fi\/wp-json\/wp\/v2\/media\/115062"}],"wp:attachment":[{"href":"https:\/\/www.europesays.com\/fi\/wp-json\/wp\/v2\/media?parent=115061"}],"wp:term":[{"taxonomy":"category","embeddable":true,"href":"https:\/\/www.europesays.com\/fi\/wp-json\/wp\/v2\/categories?post=115061"},{"taxonomy":"post_tag","embeddable":true,"href":"https:\/\/www.europesays.com\/fi\/wp-json\/wp\/v2\/tags?post=115061"}],"curies":[{"name":"wp","href":"https:\/\/api.w.org\/{rel}","templated":true}]}}