{"id":115067,"date":"2025-12-13T05:24:20","date_gmt":"2025-12-13T05:24:20","guid":{"rendered":"https:\/\/www.europesays.com\/fi\/115067\/"},"modified":"2025-12-13T05:24:20","modified_gmt":"2025-12-13T05:24:20","slug":"sahkoautojen-maara-kasvaa-carunan-verkkoalueilla","status":"publish","type":"post","link":"https:\/\/www.europesays.com\/fi\/115067\/","title":{"rendered":"S\u00e4hk\u00f6autojen m\u00e4\u00e4r\u00e4 kasvaa Carunan verkkoalueilla"},"content":{"rendered":"<p>    S\u00e4hk\u00f6autojen m\u00e4\u00e4r\u00e4 kasvaa Carunan verkkoalueilla<\/p>\n<p>        <a href=\"#main-content\" class=\"visually-hidden focusable\"><br \/>\n      Hypp\u00e4\u00e4 p\u00e4\u00e4sis\u00e4lt\u00f6\u00f6n<br \/>\n    <\/a><\/p>\n<p>    <a id=\"main-content\" tabindex=\"-1\"\/>        <\/p>\n<p>    Murupolku<\/p>\n<ol itemscope=\"\" itemtype=\"http:\/\/schema.org\/BreadcrumbList\" class=\"breadcrumb\" aria-label=\"breadcrumb\">\n<li itemprop=\"itemListElement\" itemscope=\"\" itemtype=\"http:\/\/schema.org\/ListItem\" class=\"breadcrumb__item\">\n                      <a itemprop=\"item\" href=\"https:\/\/caruna.fi\/henkilo-ja-yritysasiakkaille\" class=\"breadcrumb__link\" rel=\"nofollow noopener\" target=\"_blank\"><br \/>\n              Henkil\u00f6- ja yritysasiakkaille<\/p>\n<p>            <\/a>\n                  <\/li>\n<li itemprop=\"itemListElement\" itemscope=\"\" itemtype=\"http:\/\/schema.org\/ListItem\" class=\"breadcrumb__item\">\n<p>             https:\/\/caruna.fi\/ajankohtaista\/sahkoautojen-maara-kasvaa-carunan-verkkoalueilla-espoo-erottuu-selvasti-joukosta<\/p>\n<p>            Tietoa meist\u00e4<\/p>\n<\/li>\n<li itemprop=\"itemListElement\" itemscope=\"\" itemtype=\"http:\/\/schema.org\/ListItem\" class=\"breadcrumb__item\">\n                      <a itemprop=\"item\" href=\"https:\/\/caruna.fi\/uutishuone\" class=\"breadcrumb__link\" rel=\"nofollow noopener\" target=\"_blank\"><br \/>\n              Uutishuone<\/p>\n<p>            <\/a>\n                  <\/li>\n<li itemprop=\"itemListElement\" itemscope=\"\" itemtype=\"http:\/\/schema.org\/ListItem\" class=\"breadcrumb__item\">\n<p>             https:\/\/caruna.fi\/ajankohtaista\/sahkoautojen-maara-kasvaa-carunan-verkkoalueilla-espoo-erottuu-selvasti-joukosta<\/p>\n<p>            Mediatiedote<\/p>\n<\/li>\n<\/ol>\n","protected":false},"excerpt":{"rendered":"S\u00e4hk\u00f6autojen m\u00e4\u00e4r\u00e4 kasvaa Carunan verkkoalueilla Hypp\u00e4\u00e4 p\u00e4\u00e4sis\u00e4lt\u00f6\u00f6n Murupolku Henkil\u00f6- ja yritysasiakkaille https:\/\/caruna.fi\/ajankohtaista\/sahkoautojen-maara-kasvaa-carunan-verkkoalueilla-espoo-erottuu-selvasti-joukosta Tietoa meist\u00e4 Uutishuone https:\/\/caruna.fi\/ajankohtaista\/sahkoautojen-maara-kasvaa-carunan-verkkoalueilla-espoo-erottuu-selvasti-joukosta Mediatiedote\n","protected":false},"author":2,"featured_media":115068,"comment_status":"","ping_status":"","sticky":false,"template":"","format":"standard","meta":{"footnotes":""},"categories":[76],"tags":[79,77,33,31,30,32,78],"class_list":{"0":"post-115067","1":"post","2":"type-post","3":"status-publish","4":"format-standard","5":"has-post-thumbnail","7":"category-talous","8":"tag-business","9":"tag-economy","10":"tag-fi","11":"tag-finland","12":"tag-finnish","13":"tag-suomi","14":"tag-talous"},"share_on_mastodon":{"url":"https:\/\/pubeurope.com\/@fi\/115710595334495892","error":""},"_links":{"self":[{"href":"https:\/\/www.europesays.com\/fi\/wp-json\/wp\/v2\/posts\/115067","targetHints":{"allow":["GET"]}}],"collection":[{"href":"https:\/\/www.europesays.com\/fi\/wp-json\/wp\/v2\/posts"}],"about":[{"href":"https:\/\/www.europesays.com\/fi\/wp-json\/wp\/v2\/types\/post"}],"author":[{"embeddable":true,"href":"https:\/\/www.europesays.com\/fi\/wp-json\/wp\/v2\/users\/2"}],"replies":[{"embeddable":true,"href":"https:\/\/www.europesays.com\/fi\/wp-json\/wp\/v2\/comments?post=115067"}],"version-history":[{"count":0,"href":"https:\/\/www.europesays.com\/fi\/wp-json\/wp\/v2\/posts\/115067\/revisions"}],"wp:featuredmedia":[{"embeddable":true,"href":"https:\/\/www.europesays.com\/fi\/wp-json\/wp\/v2\/media\/115068"}],"wp:attachment":[{"href":"https:\/\/www.europesays.com\/fi\/wp-json\/wp\/v2\/media?parent=115067"}],"wp:term":[{"taxonomy":"category","embeddable":true,"href":"https:\/\/www.europesays.com\/fi\/wp-json\/wp\/v2\/categories?post=115067"},{"taxonomy":"post_tag","embeddable":true,"href":"https:\/\/www.europesays.com\/fi\/wp-json\/wp\/v2\/tags?post=115067"}],"curies":[{"name":"wp","href":"https:\/\/api.w.org\/{rel}","templated":true}]}}