{"id":115075,"date":"2025-12-13T05:46:15","date_gmt":"2025-12-13T05:46:15","guid":{"rendered":"https:\/\/www.europesays.com\/fi\/115075\/"},"modified":"2025-12-13T05:46:15","modified_gmt":"2025-12-13T05:46:15","slug":"nhl-supertahti-quinn-hughes-kaupattiin-minnesotaan","status":"publish","type":"post","link":"https:\/\/www.europesays.com\/fi\/115075\/","title":{"rendered":"NHL-supert\u00e4hti Quinn Hughes kaupattiin Minnesotaan"},"content":{"rendered":"<p>NHL:ss\u00e4 pelaava Vancouver Canucks on kaupannut kapteeninsa Quinn Hughesin Minnesota Wildiin.<\/p>\n<p>Vaihtokaupan my\u00f6t\u00e4 hy\u00f6kk\u00e4\u00e4j\u00e4t <strong class=\"typography-bold\">Marco Rossi<\/strong> ja <strong class=\"typography-bold\">Liam \u00d6hgren<\/strong> sek\u00e4 puolustaja <strong class=\"typography-bold\">Zeev Buium<\/strong> siirtyv\u00e4t vuorostaan Vancouverin riveihin. Lis\u00e4ksi kanadalaisseura saa ensimm\u00e4isen kierroksen varausvuoron ensi kes\u00e4n NHL-varaustilaisuuteen.<\/p>\n<p>T\u00e4htipuolustaja Hughesilla, 26, oli kauppahetkell\u00e4 kesken kahdeksas vuosi Vancouverissa. Seura varasi Hughesin ensimm\u00e4isell\u00e4 kierroksella vuoden 2019 varaustilaisuudessa. H\u00e4n allekirjoitti Vancouverin kanssa vuoden 2021 lokakuussa yhteens\u00e4 kuuden vuoden mittaisen ja 47,1 miljoonan dollarin arvoisen sopimuksen.<\/p>\n<p>Hughes on pelannut NHL-urallaan 459 runkosarjaottelua, joista h\u00e4nell\u00e4 on tilill\u00e4\u00e4n kaikkiaan 432 tehopistett\u00e4. H\u00e4nen pistesaldonsa on suurempi kuin yhdell\u00e4k\u00e4\u00e4n puolustajalla seuran historiassa.<\/p>\n<p>T\u00e4ll\u00e4 kaudella Hughes on ollut j\u00e4\u00e4ll\u00e4 26 ottelussa ja kirjannut tehot 2+21. H\u00e4n johti kauppahetkell\u00e4 joukkueen sis\u00e4ist\u00e4 pistep\u00f6rssi\u00e4.<\/p>\n<p>H\u00e4n voitti parhaalle puolustajalle annettavan Norris Trophyn kaudella 2023\u20132024.<\/p>\n<p>\u2013\u2009T\u00e4m\u00e4 ei todellakaan ole helppo p\u00e4iv\u00e4 seuralle, sanoi Canucksin GM <strong class=\"typography-bold\">Patrik Allvin<\/strong> NHL:n verkkosivujen mukaan.<\/p>\n<p>\u2013\u2009Quinn Hughes on ollut iso osa organisaatiota, loistava ihminen ja loistava j\u00e4\u00e4kiekkoilija, jolla on paljon enn\u00e4tyksi\u00e4, Allvin lis\u00e4si.<\/p>\n","protected":false},"excerpt":{"rendered":"NHL:ss\u00e4 pelaava Vancouver Canucks on kaupannut kapteeninsa Quinn Hughesin Minnesota Wildiin. Vaihtokaupan my\u00f6t\u00e4 hy\u00f6kk\u00e4\u00e4j\u00e4t Marco Rossi ja Liam&hellip;\n","protected":false},"author":2,"featured_media":115076,"comment_status":"","ping_status":"","sticky":false,"template":"","format":"standard","meta":{"footnotes":""},"categories":[158],"tags":[33,31,30,159,32,160],"class_list":{"0":"post-115075","1":"post","2":"type-post","3":"status-publish","4":"format-standard","5":"has-post-thumbnail","7":"category-urheilu","8":"tag-fi","9":"tag-finland","10":"tag-finnish","11":"tag-sports","12":"tag-suomi","13":"tag-urheilu"},"share_on_mastodon":{"url":"https:\/\/pubeurope.com\/@fi\/115710681855429295","error":""},"_links":{"self":[{"href":"https:\/\/www.europesays.com\/fi\/wp-json\/wp\/v2\/posts\/115075","targetHints":{"allow":["GET"]}}],"collection":[{"href":"https:\/\/www.europesays.com\/fi\/wp-json\/wp\/v2\/posts"}],"about":[{"href":"https:\/\/www.europesays.com\/fi\/wp-json\/wp\/v2\/types\/post"}],"author":[{"embeddable":true,"href":"https:\/\/www.europesays.com\/fi\/wp-json\/wp\/v2\/users\/2"}],"replies":[{"embeddable":true,"href":"https:\/\/www.europesays.com\/fi\/wp-json\/wp\/v2\/comments?post=115075"}],"version-history":[{"count":0,"href":"https:\/\/www.europesays.com\/fi\/wp-json\/wp\/v2\/posts\/115075\/revisions"}],"wp:featuredmedia":[{"embeddable":true,"href":"https:\/\/www.europesays.com\/fi\/wp-json\/wp\/v2\/media\/115076"}],"wp:attachment":[{"href":"https:\/\/www.europesays.com\/fi\/wp-json\/wp\/v2\/media?parent=115075"}],"wp:term":[{"taxonomy":"category","embeddable":true,"href":"https:\/\/www.europesays.com\/fi\/wp-json\/wp\/v2\/categories?post=115075"},{"taxonomy":"post_tag","embeddable":true,"href":"https:\/\/www.europesays.com\/fi\/wp-json\/wp\/v2\/tags?post=115075"}],"curies":[{"name":"wp","href":"https:\/\/api.w.org\/{rel}","templated":true}]}}