{"id":115081,"date":"2025-12-13T05:55:31","date_gmt":"2025-12-13T05:55:31","guid":{"rendered":"https:\/\/www.europesays.com\/fi\/115081\/"},"modified":"2025-12-13T05:55:31","modified_gmt":"2025-12-13T05:55:31","slug":"joulun-saaennusteessa-tayskaanne-blocking-tilanne-forecan-saauutiset-ja-blogi","status":"publish","type":"post","link":"https:\/\/www.europesays.com\/fi\/115081\/","title":{"rendered":"Joulun s\u00e4\u00e4ennusteessa t\u00e4ysk\u00e4\u00e4nne: &#8221;Blocking-tilanne&#8221; &#8211;\u00a0Forecan s\u00e4\u00e4uutiset ja blogi"},"content":{"rendered":"<p><a href=\"https:\/\/www.foreca.fi\/meteorologilta\/blogi\" rel=\"nofollow noopener\" target=\"_blank\">Blogi<\/a> | Julkaistu eilen klo 15.54<img decoding=\"async\" alt=\"Joulukuusi Turussa\" src=\"https:\/\/www.europesays.com\/fi\/wp-content\/uploads\/2025\/12\/Screenshot 2025-12-12 at 11.50.25-0-vmvwlrgm.jpg\" title=\"Joulukuusi Turussa\"\/>Jouluviikon ennuste on k\u00e4\u00e4ntynyt aiempaa kylmemm\u00e4ksi ja korkeapainevoittoiseksi. Pakkasta ja lunta voi olla ajoittain etel\u00e4ss\u00e4kin. Kuva: Juhani Peltonen, Turku, 27.11.2025<\/p>\n<p><strong>Tuhnuisen lauhkea joulukuun alku ei ole tehnyt paljoa tilaa auringonpaisteelle, mutta kuluva viikonloppu tuo tilap\u00e4isesti kirkkaammat taivaat ja raikkaammat ilmat. Sitten taas lauhtuu ja l\u00e4pitunkematon harmaus palaa. T\u00e4ll\u00e4 hetkell\u00e4 meteorologien mielenkiinto kohdistuu kuitenkin jouluviikkoon, johon pidemm\u00e4n aikav\u00e4lin ennusteet ovat tuomassa radikaalia k\u00e4\u00e4nnett\u00e4 suurs\u00e4\u00e4tyyppiin. Toivonkipin\u00e4 her\u00e4si, sill\u00e4 jouluviikosta on tuoreen ennusteen valossa tulossa selv\u00e4sti talvisempi kuin mit\u00e4 viel\u00e4 aiemmin ennakoitiin. Sormet ristiin, ett\u00e4 ennuste toteutuu.<\/strong><\/p>\n<p>Viel\u00e4 muutama p\u00e4iv\u00e4 sitten joulukuun auringonpaistetilastot n\u00e4yttiv\u00e4t eritt\u00e4in karuilta: paistetta oli kertynyt kaikilla sit\u00e4 rekister\u00f6ivill\u00e4 havaintoasemilla <a href=\"https:\/\/www.foreca.fi\/meteorologilta\/u1vblnbl\" rel=\"nofollow noopener\" target=\"_blank\">alle tunnin<\/a> ja osalla havaintoasemista aurinko ei ollut joulukuun alun aikana n\u00e4ytt\u00e4ytynyt lainkaan. Perjantai on kuitenkin tuonut pitk\u00e4\u00e4n odotetun valoilmi\u00f6n monen ulottuville. Lis\u00e4\u00e4 on odotettavissa viikonlopun aikana. Osassa maata pakkanen kiristyy reippaasti.<\/p>\n<p><strong>Lue my\u00f6s:\u00a0<a href=\"https:\/\/www.foreca.fi\/meteorologilta\/h2hf8key\" rel=\"nofollow noopener\" target=\"_blank\">Lapissa jopa \u221230 astetta \u2013 viikonloppuna kire\u00e4 pakkanen hellitt\u00e4\u00e4 ja lumisateet palaavat<\/a><\/strong><\/p>\n<p><img decoding=\"async\" alt=\"J\u00e4\u00e4tyv\u00e4 j\u00e4rvi\" src=\"https:\/\/www.europesays.com\/fi\/wp-content\/uploads\/2025\/12\/20251212_113420-0-vmvwlrgm.jpg\" title=\"J\u00e4\u00e4tyv\u00e4 j\u00e4rvi\"\/>Aurinkoa! Kuva: Anitta R\u00e4s\u00e4nen, Joensuu, 12.12.2025Kohti talvip\u00e4iv\u00e4nseisausta \u2013 pimeys kulminoituu<\/p>\n<p>Pian menn\u00e4\u00e4n kuitenkin taas kohti valoa.\u00a0<a href=\"https:\/\/www.foreca.fi\/s%C3%A4%C3%A4pedia\/ptwijmm3\" rel=\"nofollow noopener\" target=\"_blank\">Talvip\u00e4iv\u00e4nseisaus<\/a> osuu t\u00e4n\u00e4 vuonna joulukuun 21. p\u00e4iv\u00e4lle sunnuntaille. Pohjoisen pallonpuoliskon kallistuskulma poisp\u00e4in auringosta saavuttaa maksiminsa nelj\u00e4lt\u00e4 iltap\u00e4iv\u00e4ll\u00e4, joten sen j\u00e4lkeen voimme aloittaa l\u00e4ht\u00f6laskennan kohti valoisampia aikoja.<\/p>\n<p>Talvip\u00e4iv\u00e4nseisauksena pohjoinen pallonpuolisko on k\u00e4\u00e4ntyneen\u00e4 poisp\u00e4in auringosta ja aurinko paistaa kohtisuoraan Kauriin k\u00e4\u00e4nt\u00f6piirille 23 astetta etel\u00e4ist\u00e4 leveytt\u00e4. Pohjoisella pallonpuoliskolla valoisan ajan kesto on t\u00e4ll\u00f6in lyhimmill\u00e4\u00e4n, kun taas etel\u00e4isell\u00e4\u00a0p\u00e4iv\u00e4n kesto on suurimmillaan.<\/p>\n<p>Talvip\u00e4iv\u00e4nseisauksen aikana\u00a0aurinko ei nouse lainkaan horisontin yl\u00e4puolelle napapiirin pohjoispuolella, eli kaamos vallitsee.\u00a0Suomen pohjoisimmassa kyl\u00e4ss\u00e4 Nuorgamissa kaamosta kest\u00e4\u00e4 52 p\u00e4iv\u00e4\u00e4.<\/p>\n<p>Artikkeli jatkuu mainoksen j\u00e4lkeen<\/p>\n<p>Talvip\u00e4iv\u00e4nseisauksena aurinko on horisontin yl\u00e4puolella Rovaniemell\u00e4 2 tuntia ja 16 minuuttia, Helsingiss\u00e4 5 tuntia ja 49 minuuttia.<\/p>\n<p><img decoding=\"async\" alt=\"Talvip\u00e4iv\u00e4nseisauksena pohjoisen pallonpuoliskon kallistuma auringosta poisp\u00e4in on suurimmillaan.\" src=\"https:\/\/www.europesays.com\/fi\/wp-content\/uploads\/2025\/12\/Talvipaivanseisaus-0-vmvwlrgm.jpg\" title=\"Talvip\u00e4iv\u00e4nseisaus\"\/>Talvip\u00e4iv\u00e4nseisauksena pohjoisen pallonpuoliskon kallistuma auringosta poisp\u00e4in on suurimmillaan. Kuva: Foreca<\/p>\n<p>Ennusteiden mukaan n\u00e4ytt\u00e4\u00e4, ett\u00e4 pimeys Suomessa kulminoituu 15. joulukuuta alkavaan viikkoon. Viikosta ennustetaan harmaata ja lauhaa, maan etel\u00e4- ja keskiosassa laajalti my\u00f6s lumetonta. T\u00e4m\u00e4 tulee korostamaan pimeytt\u00e4 varsinkin\u00a0kun valoisan ajan kesto ehtii viel\u00e4 jonkin verran lyhenty\u00e4.<\/p>\n<p>Lapissa valoisaa aikaa on selv\u00e4sti v\u00e4hemm\u00e4n kuin maan etel\u00e4puoliskolla, mutta siell\u00e4 voi ensi viikon aikana kerty\u00e4 uutta lunta paikoin yli 20 cm, eli valoa on kaamosaikanakin aivan eri tavalla kuin etel\u00e4ss\u00e4. Tuore, vastasatanut lumi heijastaa jopa 80\u201390 % ymp\u00e4rist\u00f6n valosta, kun taas lumeton maaper\u00e4 ja asfaltti heijastavat vain 5\u201320 %. Ero on merkitt\u00e4v\u00e4.\u00a0<\/p>\n<p>Suomalaista sisua kysyt\u00e4\u00e4n siis viel\u00e4 viikon ajan. Jouluviikosta voi jo muodostua kirkkaampi ja talvisempi.<\/p>\n<p><img decoding=\"async\" alt=\"Kaamosajan v\u00e4rej\u00e4 pohjoisessa.\" src=\"https:\/\/www.europesays.com\/fi\/wp-content\/uploads\/2025\/12\/IMG_1744-0-vmvwlrgm.jpeg\" title=\"Kaamosajan v\u00e4rej\u00e4\"\/>Kaamosajan v\u00e4rej\u00e4 pohjoisessa. Kuva: Markku Kuisma, Saariselk\u00e4, 12.12.2025Jouluviikon ennusteessa tapahtui iso k\u00e4\u00e4nne<\/p>\n<p>Eurooppalainen s\u00e4\u00e4malli <strong>ECMWF\u00a0<\/strong>tuo jouluviikolle toivonkipin\u00e4n.\u00a0Ennuste on muuttunut merkitt\u00e4v\u00e4sti, koska viel\u00e4 aiemmin pitk\u00e4n ajan ennusteet kuljettivat Suomeen jatkuvalla sy\u00f6t\u00f6ll\u00e4 lauhaa ja kosteaa ilmaa Atlantilta.<\/p>\n<p>T\u00e4ll\u00e4 hetkell\u00e4 n\u00e4ytt\u00e4\u00e4, ett\u00e4 Skandinaviaan on jouluviikolla kehittym\u00e4ss\u00e4 meteorologisin termein &#8221;blocking-tilanne&#8221;, joka tarkoittaa\u00a0laaja-alaista ja pitk\u00e4\u00e4n paikallaan pysyv\u00e4\u00e4 korkeapaineen aluetta. T\u00e4llainen korkeapaine tunnetaan my\u00f6s nimell\u00e4\u00a0sulkukorkeapaine.\u00a0Se nimens\u00e4 mukaisesti sulkee ymp\u00e4rist\u00f6st\u00e4\u00e4n matalapaineet, mik\u00e4 toteutuessaan tarkoittaisi kuivempaa ja talvisempaa vaihetta s\u00e4\u00e4h\u00e4mme. L\u00e4mp\u00f6tila kuitenkin riippuisi voimakkaasti korkeapaineen sijainnista.<\/p>\n<p>Artikkeli jatkuu mainoksen j\u00e4lkeen<\/p>\n<p>Painotan, ett\u00e4 ennuste on viel\u00e4 t\u00e4ss\u00e4 vaiheessa ep\u00e4varma, mutta mahdollinen\u00a0muutos on ollut eurooppalaisessa ennusteessa n\u00e4kyvill\u00e4 jo useammassa per\u00e4kk\u00e4isess\u00e4 malliajossa. Sen takia uskallan siit\u00e4 \u00e4\u00e4neen sanoa.<\/p>\n<p><img decoding=\"async\" alt=\"Block-tilanne\" src=\"https:\/\/www.europesays.com\/fi\/wp-content\/uploads\/2025\/12\/Screenshot 2025-12-12 at 12.02.21-0-vmvwlrgm.jpg\" title=\"Block-tilanne\"\/>Euroopan keskipitkien ennusteiden keskuksen, ECMWF:n n\u00e4kemys eri suurs\u00e4\u00e4tilojen todenn\u00e4k\u00f6isyyksist\u00e4 Euroopassa. Sininen palkki (NAO+) tarkoittaa matalapainevoittoista s\u00e4\u00e4tyyppi\u00e4 Pohjois-Atlantilla ja useimmiten my\u00f6s Pohjois-Euroopassa, kun taas punainen palkki (Block) tarkoittaa korkeapainevoittoista s\u00e4\u00e4tyyppi\u00e4 Skandinaviassa. Parviennusteiden konsensus jouluviikolla on, ett\u00e4 Blocking-tilanne ottaa er\u00e4voiton matalapainevoittoisesta s\u00e4\u00e4tyypist\u00e4, mik\u00e4 voisi tuoda Suomeen selv\u00e4sti talvisempaa ja kuivempaa s\u00e4\u00e4t\u00e4. Kuva: ECMWF\u00a0<\/p>\n<p>Jos korkeapaine ennusteen mukaisesti kehittyy jouluviikolla Skandinavian ymp\u00e4rist\u00f6\u00f6n, sen sijainti tulee sanelemaan jouluviikon talvisuuden. K\u00e4yd\u00e4\u00e4n l\u00e4pi kaksi todenn\u00e4k\u00f6isint\u00e4 skenaariota.<\/p>\n<ol>\n<li><strong>Korkeapaineen keskus Suomen lounais- tai l\u00e4nsipuolella<\/strong> tiet\u00e4isi kylmi\u00e4 ja kuivia pohjois- ja luoteisvirtauksia, joiden mukana lumikuuroja voi ajoittain ajelehtia Etel\u00e4-Suomeen saakka. T\u00e4ss\u00e4 asetelmassa pakkasta on todenn\u00e4k\u00f6isesti etel\u00e4isint\u00e4 Suomea my\u00f6den. Kylm\u00e4t pohjoisvirtaukset ja mahdollinen pakastuminen eiv\u00e4t kuitenkaan takaa valkeaa joulua kaikkialle, koska sateet j\u00e4\u00e4v\u00e4t korkeapaineen l\u00e4heisyydess\u00e4 v\u00e4h\u00e4isiksi ja paikalliksi.<\/li>\n<li><strong>Korkeapaineen keskus It\u00e4meren etel\u00e4osassa tai Baltiassa<\/strong> tiet\u00e4isi luoteis- ja l\u00e4nsivirtausvoittoista s\u00e4\u00e4tyyppi\u00e4, jossa l\u00e4mp\u00f6tilat olisivat korkeampia kuin ensimm\u00e4isess\u00e4 skenaariossa, mutta todenn\u00e4k\u00f6isesti sateet yh\u00e4 v\u00e4h\u00e4si\u00e4. Todenn\u00e4k\u00f6isimmin sateita ylt\u00e4isi maan pohjoisosaan. Ajoittain voisi olla suojas\u00e4\u00e4t\u00e4, mutta kuitenkin talvisempaa kuin 15. joulukuuta alkavalla viikolla. Valkean joulun todenn\u00e4k\u00f6isyys on t\u00e4ss\u00e4 skenaariossa etel\u00e4ss\u00e4 hieman pienempi kuin edelt\u00e4v\u00e4ss\u00e4.<\/li>\n<\/ol>\n<p><img decoding=\"async\" alt=\"Korkeapaine\" src=\"https:\/\/www.europesays.com\/fi\/wp-content\/uploads\/2025\/12\/Screenshot 2025-12-12 at 12.31.09-0-vmvwlrgm.jpg\" title=\"Jouluviikon ilmanpainepoikkeama\"\/>Ennustettu ilmanpainepoikkeama jouluviikolla. Punainen v\u00e4ri tarkoittaa tavanomaista korkeampaa ilmanpainetta, sininen matalampaa. Korkeapaineen tai korkeapaineiden painopiste n\u00e4ytt\u00e4\u00e4 asettuvan Skandinavian ja Britteinsaarten v\u00e4liin, mutta viel\u00e4 lopullinen sijainti on ep\u00e4varma. Kuva: <a href=\"https:\/\/charts.ecmwf.int\/streaming\/20251211-2020\/fe\/webp-worker-commands-57b4ffdf5d-v9vps-6fe5cac1a363ec1525f54343b6cc9fd8-9v1p7zyh.webp\" rel=\"nofollow noopener\" target=\"_blank\">ECMWF<\/a>Polaaripy\u00f6rre elpyy: ei pitk\u00e4kestoista kylmyytt\u00e4<\/p>\n<p>Vaikka jouluviikko toisikin tilap\u00e4isen kylmenemisen tullessaan, eiv\u00e4t n\u00e4m\u00e4 kylm\u00e4t vaiheet v\u00e4ltt\u00e4m\u00e4tt\u00e4 kuluvana talvena kauaa kest\u00e4.<\/p>\n<p>Vilkaisin tuoreimman ennusteen l\u00e4nsivirtausten kehittymisest\u00e4 stratosf\u00e4\u00e4riss\u00e4, eli toisin sanottuna ennuste kertoo, kuinka voimakkaana <a href=\"https:\/\/www.foreca.fi\/s%C3%A4%C3%A4pedia\/yrf35x7e\" rel=\"nofollow noopener\" target=\"_blank\">polaaripy\u00f6rre<\/a> voi talven edetess\u00e4 puhkua. Mit\u00e4 voimakkaampi py\u00f6rre, sen todenn\u00e4k\u00f6isimmin Suomen leveysasteilla on l\u00e4nsivirtauksia ja vilkasta matalapainetoimintaa.<\/p>\n<p>Nyt n\u00e4ytt\u00e4\u00e4, ett\u00e4 l\u00e4nsivirtaukset yl\u00e4ilmakeh\u00e4ss\u00e4 <a href=\"https:\/\/charts.ecmwf.int\/products\/extended-zonal-mean-zonal-wind?area=nh&amp;base_time=202512110000\" rel=\"nofollow noopener\" target=\"_blank\">voimistuvat<\/a> kovaa tahtia joulukuun edetess\u00e4. Olemme k\u00e4yt\u00e4nn\u00f6ss\u00e4 koko marraskuun ja alkavan joulukuun olleet keskiarvon alapuolella, eli l\u00e4nsivirtaukset ovat olleet pitk\u00e4n ajan keskiarvoa vaisumpia. T\u00e4m\u00e4 on johtanut hyyt\u00e4v\u00e4\u00e4n talvis\u00e4\u00e4h\u00e4n esimerkiksi Pohjois-Amerikassa ja Siperiassa.<\/p>\n<p><img decoding=\"async\" alt=\"Polaaripy\u00f6rteen heikentyess\u00e4 napa-alueen ymp\u00e4rist\u00f6n kylm\u00e4\u00e4 ilmamassaa p\u00e4\u00e4see ty\u00f6ntym\u00e4\u00e4n etel\u00e4mm\u00e4ksi.\u00a0\" src=\"https:\/\/www.europesays.com\/fi\/wp-content\/uploads\/2025\/12\/Polaaripyo\u0308rteen heikentyminen-0-vmvwlrgm.jpg\" title=\"Polaaripy\u00f6rteen heikentyminen\"\/>Kuvassa vahva (vasemmalla) vs. heikko (oikealla) polaaripy\u00f6rre. Tammikuun tilanne n\u00e4ytt\u00e4\u00e4 kehittyv\u00e4n vasemman esimerkin mukaiseksi, eli polaaripy\u00f6rteest\u00e4 on tulossa vahva. T\u00e4m\u00e4 lis\u00e4\u00e4 lauhan talvis\u00e4\u00e4n todenn\u00e4k\u00f6isyytt\u00e4 Suomen leveysasteilla, kun kylm\u00e4t ilmamassat pysyv\u00e4t p\u00e4\u00e4osin napa-alueella.<\/p>\n<p>Polaaripy\u00f6rre on elpym\u00e4ss\u00e4 joulukuun aikana siihen malliin, ett\u00e4 vuodenvaihteen j\u00e4lkeen se olisi jopa voimakkaampi kuin keskim\u00e4\u00e4rin. Kun polaaripy\u00f6rre on tilastollisesti\u00a0voimakkaimmillaan joulukuun lopulla, voisi huippu tulevana talvena osua vasta tammikuulle.<\/p>\n<p>Artikkeli jatkuu mainoksen j\u00e4lkeen<\/p>\n<p>Mit\u00e4 t\u00e4m\u00e4 k\u00e4yt\u00e4n\u00f6ss\u00e4 sitten tarkoittaa? Vastauksen l\u00f6yd\u00e4tkin jo t\u00e4m\u00e4n kappaleen otsikosta: ei pitk\u00e4kestoista kylmyytt\u00e4.\u00a0L\u00e4nsivirtausten voimistuminen yl\u00e4ilmakeh\u00e4ss\u00e4, ts.\u00a0polaaripy\u00f6rteen elpyminen tiiviiksi, v\u00e4hent\u00e4\u00e4 kylm\u00e4n s\u00e4\u00e4n todenn\u00e4k\u00f6isyytt\u00e4 meill\u00e4 maan pinnalla keskileveysasteilla.<\/p>\n<p>Ep\u00e4ilen, ett\u00e4 ei t\u00e4st\u00e4 kovin talvista talvea saa tekem\u00e4ll\u00e4k\u00e4\u00e4n. Painotan kuitenkin, ett\u00e4 t\u00e4m\u00e4 toteama p\u00e4tee maan etel\u00e4- ja keskiosassa. Pohjoisessa lunta voidaan l\u00e4nsivirtausvoittoisena talvena saada yli tarpeiden.<\/p>\n<p><strong>Lue my\u00f6s:\u00a0<a href=\"https:\/\/www.foreca.fi\/meteorologilta\/i70jq32m\" rel=\"nofollow noopener\" target=\"_blank\">Tuore vuodenaikaisennuste \u2013 t\u00e4lt\u00e4 n\u00e4ytt\u00e4\u00e4 tammi\u2013maaliskuun jakso!<\/a><\/strong><\/p>\n<p class=\"author\">Markus M\u00e4ntykannas<br \/>meteorologi<\/p>\n<p class=\"updated\">P\u00e4ivitetty 12.12.2025 klo 15.55<\/p>\n","protected":false},"excerpt":{"rendered":"Blogi | Julkaistu eilen klo 15.54Jouluviikon ennuste on k\u00e4\u00e4ntynyt aiempaa kylmemm\u00e4ksi ja korkeapainevoittoiseksi. Pakkasta ja lunta voi olla&hellip;\n","protected":false},"author":2,"featured_media":115082,"comment_status":"","ping_status":"","sticky":false,"template":"","format":"standard","meta":{"footnotes":""},"categories":[12],"tags":[5866,22,23,26,27,33,31,30,17,24,25,28,29,7346,15,18,21,710,32,19,20,16],"class_list":{"0":"post-115081","1":"post","2":"type-post","3":"status-publish","4":"format-standard","5":"has-post-thumbnail","7":"category-suomi","8":"tag-blogi","9":"tag-breaking-news","10":"tag-breakingnews","11":"tag-featured-news","12":"tag-featurednews","13":"tag-fi","14":"tag-finland","15":"tag-finnish","16":"tag-headlines","17":"tag-latest-news","18":"tag-latestnews","19":"tag-main-news","20":"tag-mainnews","21":"tag-meteorologi","22":"tag-news","23":"tag-otsikot","24":"tag-paauutiset","25":"tag-saa","26":"tag-suomi","27":"tag-top-stories","28":"tag-topstories","29":"tag-uutiset"},"share_on_mastodon":{"url":"https:\/\/pubeurope.com\/@fi\/115710717494154588","error":""},"_links":{"self":[{"href":"https:\/\/www.europesays.com\/fi\/wp-json\/wp\/v2\/posts\/115081","targetHints":{"allow":["GET"]}}],"collection":[{"href":"https:\/\/www.europesays.com\/fi\/wp-json\/wp\/v2\/posts"}],"about":[{"href":"https:\/\/www.europesays.com\/fi\/wp-json\/wp\/v2\/types\/post"}],"author":[{"embeddable":true,"href":"https:\/\/www.europesays.com\/fi\/wp-json\/wp\/v2\/users\/2"}],"replies":[{"embeddable":true,"href":"https:\/\/www.europesays.com\/fi\/wp-json\/wp\/v2\/comments?post=115081"}],"version-history":[{"count":0,"href":"https:\/\/www.europesays.com\/fi\/wp-json\/wp\/v2\/posts\/115081\/revisions"}],"wp:featuredmedia":[{"embeddable":true,"href":"https:\/\/www.europesays.com\/fi\/wp-json\/wp\/v2\/media\/115082"}],"wp:attachment":[{"href":"https:\/\/www.europesays.com\/fi\/wp-json\/wp\/v2\/media?parent=115081"}],"wp:term":[{"taxonomy":"category","embeddable":true,"href":"https:\/\/www.europesays.com\/fi\/wp-json\/wp\/v2\/categories?post=115081"},{"taxonomy":"post_tag","embeddable":true,"href":"https:\/\/www.europesays.com\/fi\/wp-json\/wp\/v2\/tags?post=115081"}],"curies":[{"name":"wp","href":"https:\/\/api.w.org\/{rel}","templated":true}]}}