{"id":115093,"date":"2025-12-13T06:19:17","date_gmt":"2025-12-13T06:19:17","guid":{"rendered":"https:\/\/www.europesays.com\/fi\/115093\/"},"modified":"2025-12-13T06:19:17","modified_gmt":"2025-12-13T06:19:17","slug":"danske-bank-ennustaa-asuntojen-hintojen-kaantyvan-nousuun-ensi-vuonna-uutisia-lyhyesti","status":"publish","type":"post","link":"https:\/\/www.europesays.com\/fi\/115093\/","title":{"rendered":"Danske Bank ennustaa asuntojen hintojen k\u00e4\u00e4ntyv\u00e4n nousuun ensi vuonna | Uutisia lyhyesti"},"content":{"rendered":"<p class=\"aw-1gybjub aw-5vja16 kEtdKx kmuxyA yle__article__paragraph\">Asuntorakentaminen alkaa elpy\u00e4 ensi vuonna, Danske ennustaa. <\/p>\n<p><img decoding=\"async\" alt=\"Olga Filipova k\u00e4velee tyhj\u00e4n olohuoneen parketilla.\" src=\"https:\/\/www.europesays.com\/fi\/wp-content\/uploads\/2025\/12\/39-1501766688caf79d76da.jpeg\" class=\"aw-1l9m598 hKVVvP\"\/><\/p>\n<p>Avaa kuvien katselu<\/p>\n<p>Danske Bank ennustaa asuntojen hintojen nousevan ensi vuonna. Kuvituskuva. Kuva: Heikki Haapalainen \/ Yle<\/p>\n<p class=\"aw-1gybjub aw-1p7kakr kEtdKx cEmitX yle__article__paragraph\">Danske Bank ennustaa asuntojen hintojen nousevan ensi vuonna.<\/p>\n<p class=\"aw-1gybjub aw-1p7kakr kEtdKx cEmitX yle__article__paragraph\">Pankin mukaan asuntojen hinnat nousevat 0,8 prosenttia.<\/p>\n<p class=\"aw-1gybjub aw-1p7kakr kEtdKx cEmitX yle__article__paragraph\">T\u00e4n\u00e4 vuonna Danske arvioi asuntojen hintojen laskevan 1,5 prosenttia. Taustalla vaikuttaa suomalaisten heikko luottamus asuntokauppaan, pankki kertoo tiedotteessaan.<\/p>\n<p class=\"aw-1gybjub aw-1p7kakr kEtdKx cEmitX yle__article__paragraph\">Aiemmin my\u00f6s Hypoteekkiyhdistys <a class=\"aw-iao6s4 iHOxEa yle__article__link\" href=\"https:\/\/yle.fi\/a\/74-20198933\" role=\"link\" rel=\"nofollow noopener\" target=\"_blank\">on ennustanut<\/a> asuntojen hintojen nousevan ensi vuonna. Hypo ennakoi prosentin kasvua asuntojen hintoihin.<\/p>\n<p class=\"aw-1gybjub aw-1p7kakr kEtdKx cEmitX yle__article__paragraph\">Danske Bank ennustaa, ett\u00e4 asuntorakentamisen elpyminen alkaa ensi vuonna, ja kiihtyy vuonna 2027.<\/p>\n<p class=\"aw-1gybjub aw-1p7kakr kEtdKx cEmitX yle__article__paragraph\">Pankin mukaan asuntomarkkinoiden elpyminen on yhteydess\u00e4 ty\u00f6llisyysasteeseen. Ty\u00f6- ja elinkeinoministeri\u00f6 <a class=\"aw-iao6s4 iHOxEa yle__article__link\" href=\"https:\/\/yle.fi\/a\/74-20193493\" role=\"link\" rel=\"nofollow noopener\" target=\"_blank\">on ennustanut<\/a> ty\u00f6tt\u00f6myyden k\u00e4\u00e4ntyv\u00e4n laskuun ensi vuonna.<\/p>\n<p class=\"aw-1gybjub aw-1p7kakr kEtdKx cEmitX yle__article__paragraph\">Vuodelle 2027 Danske ennustaa 2,5 prosentin kasvua asuntojen hintoihin.<\/p>\n<p class=\"aw-1gybjub aw-1p7kakr kEtdKx cEmitX yle__article__paragraph\">Dansken mukaan asuntolainojen keskim\u00e4\u00e4r\u00e4inen korko oli lokakuussa 2,8 prosenttia. Korko on pudonnut vuodessa prosenttiyksik\u00f6n.<\/p>\n","protected":false},"excerpt":{"rendered":"Asuntorakentaminen alkaa elpy\u00e4 ensi vuonna, Danske ennustaa. Avaa kuvien katselu Danske Bank ennustaa asuntojen hintojen nousevan ensi vuonna.&hellip;\n","protected":false},"author":2,"featured_media":115094,"comment_status":"","ping_status":"","sticky":false,"template":"","format":"standard","meta":{"footnotes":""},"categories":[76],"tags":[542,1983,10368,19482,79,10038,77,33,31,30,32,78],"class_list":{"0":"post-115093","1":"post","2":"type-post","3":"status-publish","4":"format-standard","5":"has-post-thumbnail","7":"category-talous","8":"tag-asuminen","9":"tag-asunnot","10":"tag-asuntojen-hinnat","11":"tag-asuntotuotanto","12":"tag-business","13":"tag-danske-bank","14":"tag-economy","15":"tag-fi","16":"tag-finland","17":"tag-finnish","18":"tag-suomi","19":"tag-talous"},"share_on_mastodon":{"url":"https:\/\/pubeurope.com\/@fi\/115710811614721793","error":""},"_links":{"self":[{"href":"https:\/\/www.europesays.com\/fi\/wp-json\/wp\/v2\/posts\/115093","targetHints":{"allow":["GET"]}}],"collection":[{"href":"https:\/\/www.europesays.com\/fi\/wp-json\/wp\/v2\/posts"}],"about":[{"href":"https:\/\/www.europesays.com\/fi\/wp-json\/wp\/v2\/types\/post"}],"author":[{"embeddable":true,"href":"https:\/\/www.europesays.com\/fi\/wp-json\/wp\/v2\/users\/2"}],"replies":[{"embeddable":true,"href":"https:\/\/www.europesays.com\/fi\/wp-json\/wp\/v2\/comments?post=115093"}],"version-history":[{"count":0,"href":"https:\/\/www.europesays.com\/fi\/wp-json\/wp\/v2\/posts\/115093\/revisions"}],"wp:featuredmedia":[{"embeddable":true,"href":"https:\/\/www.europesays.com\/fi\/wp-json\/wp\/v2\/media\/115094"}],"wp:attachment":[{"href":"https:\/\/www.europesays.com\/fi\/wp-json\/wp\/v2\/media?parent=115093"}],"wp:term":[{"taxonomy":"category","embeddable":true,"href":"https:\/\/www.europesays.com\/fi\/wp-json\/wp\/v2\/categories?post=115093"},{"taxonomy":"post_tag","embeddable":true,"href":"https:\/\/www.europesays.com\/fi\/wp-json\/wp\/v2\/tags?post=115093"}],"curies":[{"name":"wp","href":"https:\/\/api.w.org\/{rel}","templated":true}]}}