{"id":115130,"date":"2025-12-13T07:27:13","date_gmt":"2025-12-13T07:27:13","guid":{"rendered":"https:\/\/www.europesays.com\/fi\/115130\/"},"modified":"2025-12-13T07:27:13","modified_gmt":"2025-12-13T07:27:13","slug":"george-clooneyn-uutuuselokuva-on-nyt-netflixissa-tahti-otti-roolin-vastaan-heti-kassarin-luettuaan","status":"publish","type":"post","link":"https:\/\/www.europesays.com\/fi\/115130\/","title":{"rendered":"George Clooneyn uutuuselokuva on nyt Netflixiss\u00e4 &#8211; t\u00e4hti otti roolin vastaan heti k\u00e4ss\u00e4rin luettuaan"},"content":{"rendered":"<p>Netflixin valikoimassa on nyt elokuva Jay Kelly (2025). My\u00f6s leffan tuotantoa taustoittava dokumenttielokuva N\u00e4in tehtiin Jay Kelly (2025) l\u00f6ytyy palvelusta.<\/p>\n<p>Elokuvat\u00e4hti Jay Kelly joutuu Euroopan-matkansa aikana pys\u00e4htym\u00e4\u00e4n pohtimaan mennytt\u00e4 ja nykyist\u00e4 el\u00e4m\u00e4\u00e4ns\u00e4 uskollisen managerinsa tukemana.<\/p>\n<p>N\u00e4yttelij\u00f6in\u00e4 <strong>George Clooney<\/strong>, <strong>Adam Sandler<\/strong>, <strong>Stanley Townsend<\/strong> ja <strong>Emily Mortimer<\/strong>. Ohjauksesta vastaa <strong>Noah Baumbach<\/strong> (Marriage Story). Alun perin elokuvaa kaavailtiin <strong>Brad Pittin<\/strong> ja Adam Sandlerin yhteisty\u00f6ksi, mutta Pittin tilalle tuli Clooney juuri ennen tuotannon k\u00e4ynnistymist\u00e4.<\/p>\n<p><img loading=\"lazy\" height=\"365\" width=\"648\" class=\"wp-image-246744 sp-no-webp perfmatters-lazy\" alt=\"\" decoding=\"async\" src=\"https:\/\/www.europesays.com\/fi\/wp-content\/uploads\/2025\/12\/jay-kelly-clooney-sandler-648x365.jpg\"  data-\/> <\/p>\n<p>Clooney l\u00e4hti projektiin mukaan vuorokauden sis\u00e4ll\u00e4 k\u00e4sikirjoituksen saatuaan. H\u00e4nen ainoa ep\u00e4r\u00f6intins\u00e4 liittyi ohjaaja Baumbachin ty\u00f6skentelytapaan. H\u00e4net tunnetaan siit\u00e4, ett\u00e4 h\u00e4n tekee kuvauksissa lukuisia ottoja, mink\u00e4 Clooney koki mahdollisesti hankalaksi oman ik\u00e4ns\u00e4 ja n\u00e4yttelemistyylins\u00e4 kannalta.<\/p>\n<p>Arvostelusivusto Rotten Tomatoesin listaamista kriitikoista 76 prosenttia antaa elokuvalle my\u00f6nteisen arvion. Alla traileri.<\/p>\n<p>Lue my\u00f6s: <a href=\"https:\/\/www.episodi.fi\/uutiset\/nyt-netflixissa-rockhenkinen-komedia-nousi-ennatyssuosioon-hulvaton-elokuva-joka-on-taynna-rock-energiaa\/\" title=\"Nyt Netflixiss\u00e4: Rockhenkinen komedia nousi enn\u00e4tyssuosioon \u2013 \u201dhulvaton elokuva, joka on t\u00e4ynn\u00e4 rock-energiaa\u201d\" class=\"underline-custom !font-montserrat !font-bold !underline-offset-4 !decoration-4 !decoration-episodi-blue !text-md\" rel=\"nofollow noopener\" target=\"_blank\">Nyt Netflixiss\u00e4: Rockhenkinen komedia nousi enn\u00e4tyssuosioon \u2013 \u201dhulvaton elokuva, joka on t\u00e4ynn\u00e4 rock-energiaa\u201d<\/a><\/p>\n<p>Lue my\u00f6s: <a href=\"https:\/\/www.episodi.fi\/uutiset\/nyt-netflixissa-daniel-craig-ratkoo-jo-kolmatta-kinkkista-murhamysteeria-rian-johnsonin-hittifranchise-sai-uuden-osan\/\" title=\"Nyt Netflixiss\u00e4: Daniel Craig ratkoo jo kolmatta kinkkist\u00e4 murhamysteeri\u00e4 \u2013 Rian Johnsonin hittifranchise sai uuden osan\" class=\"underline-custom !font-montserrat !font-bold !underline-offset-4 !decoration-4 !decoration-episodi-blue !text-md\" rel=\"nofollow noopener\" target=\"_blank\">Nyt Netflixiss\u00e4: Daniel Craig ratkoo jo kolmatta kinkkist\u00e4 murhamysteeri\u00e4 \u2013 Rian Johnsonin hittifranchise sai uuden osan<\/a><\/p>\n<p>Lue my\u00f6s: <a href=\"https:\/\/www.episodi.fi\/uutiset\/nyt-netflixissa-mita-tekee-rowan-atkinson-kun-jeesus-vauvaa-ei-haeta-kotiin-hauska-komediasarja-jatkuu\/\" title=\"Nyt Netflixiss\u00e4: Mit\u00e4 tekee Rowan Atkinson, kun Jeesus-vauvaa ei haeta kotiin? Hauska komediasarja jatkuu\" class=\"underline-custom !font-montserrat !font-bold !underline-offset-4 !decoration-4 !decoration-episodi-blue !text-md\" rel=\"nofollow noopener\" target=\"_blank\">Nyt Netflixiss\u00e4: Mit\u00e4 tekee Rowan Atkinson, kun Jeesus-vauvaa ei haeta kotiin? Hauska komediasarja jatkuu<\/a><\/p>\n<p>Lue my\u00f6s: <a href=\"https:\/\/www.episodi.fi\/uutiset\/nyt-netflixissa-taydellinen-viihdeplajays-ohjaaja-tosin-pohti-tom-hanksin-sopivuutta-rooliin\/\" title=\"Nyt Netflixiss\u00e4: T\u00e4ydellinen viihdepl\u00e4j\u00e4ys \u2013 ohjaaja tosin pohti Tom Hanksin sopivuutta rooliin\" class=\"underline-custom !font-montserrat !font-bold !underline-offset-4 !decoration-4 !decoration-episodi-blue !text-md\" rel=\"nofollow noopener\" target=\"_blank\">Nyt Netflixiss\u00e4: T\u00e4ydellinen viihdepl\u00e4j\u00e4ys \u2013 ohjaaja tosin pohti Tom Hanksin sopivuutta rooliin<\/a><\/p>\n<p><img loading=\"lazy\" decoding=\"async\" alt=\"YouTube video\" width=\"480\" height=\"360\" data-pin-nopin=\"true\" nopin=\"nopin\" class=\"perfmatters-lazy\" src=\"https:\/\/www.europesays.com\/fi\/wp-content\/uploads\/2025\/12\/1765610833_973_hqdefault.jpg\"\/><\/p>\n<p>L\u00e4hde: <a href=\"https:\/\/www.imdb.com\/title\/tt30446847\/?ref_=tttrv_ov_bk\" target=\"_blank\" rel=\"noreferrer noopener nofollow\">IMDb<\/a><\/p>\n<p>Lue my\u00f6s: <a href=\"https:\/\/www.episodi.fi\/uutiskirje\/?uutiskirjemainos=tekstilinkkimainos\" title=\"Tilaa Episodin uutiskirje ja voit voittaa leffalippuja! Nappaa tv-vinkit suoraan s\u00e4hk\u00f6postiin t\u00e4st\u00e4.\" class=\"underline-custom !font-montserrat !font-bold !underline-offset-4 !decoration-4 !decoration-episodi-blue !text-md\" rel=\"nofollow noopener\" target=\"_blank\">Tilaa Episodin uutiskirje ja voit voittaa leffalippuja! Nappaa katseluvinkit suoraan s\u00e4hk\u00f6postiin t\u00e4st\u00e4.<\/a><\/p>\n","protected":false},"excerpt":{"rendered":"Netflixin valikoimassa on nyt elokuva Jay Kelly (2025). My\u00f6s leffan tuotantoa taustoittava dokumenttielokuva N\u00e4in tehtiin Jay Kelly (2025)&hellip;\n","protected":false},"author":2,"featured_media":115131,"comment_status":"","ping_status":"","sticky":false,"template":"","format":"standard","meta":{"footnotes":""},"categories":[136],"tags":[407,137,33,31,30,408,32,139,109],"class_list":{"0":"post-115130","1":"post","2":"type-post","3":"status-publish","4":"format-standard","5":"has-post-thumbnail","7":"category-julkkikset","8":"tag-celebrities","9":"tag-entertainment","10":"tag-fi","11":"tag-finland","12":"tag-finnish","13":"tag-julkkikset","14":"tag-suomi","15":"tag-tv-ohjelmat","16":"tag-viihde"},"share_on_mastodon":{"url":"https:\/\/pubeurope.com\/@fi\/115711079148933069","error":""},"_links":{"self":[{"href":"https:\/\/www.europesays.com\/fi\/wp-json\/wp\/v2\/posts\/115130","targetHints":{"allow":["GET"]}}],"collection":[{"href":"https:\/\/www.europesays.com\/fi\/wp-json\/wp\/v2\/posts"}],"about":[{"href":"https:\/\/www.europesays.com\/fi\/wp-json\/wp\/v2\/types\/post"}],"author":[{"embeddable":true,"href":"https:\/\/www.europesays.com\/fi\/wp-json\/wp\/v2\/users\/2"}],"replies":[{"embeddable":true,"href":"https:\/\/www.europesays.com\/fi\/wp-json\/wp\/v2\/comments?post=115130"}],"version-history":[{"count":0,"href":"https:\/\/www.europesays.com\/fi\/wp-json\/wp\/v2\/posts\/115130\/revisions"}],"wp:featuredmedia":[{"embeddable":true,"href":"https:\/\/www.europesays.com\/fi\/wp-json\/wp\/v2\/media\/115131"}],"wp:attachment":[{"href":"https:\/\/www.europesays.com\/fi\/wp-json\/wp\/v2\/media?parent=115130"}],"wp:term":[{"taxonomy":"category","embeddable":true,"href":"https:\/\/www.europesays.com\/fi\/wp-json\/wp\/v2\/categories?post=115130"},{"taxonomy":"post_tag","embeddable":true,"href":"https:\/\/www.europesays.com\/fi\/wp-json\/wp\/v2\/tags?post=115130"}],"curies":[{"name":"wp","href":"https:\/\/api.w.org\/{rel}","templated":true}]}}