{"id":115132,"date":"2025-12-13T07:30:10","date_gmt":"2025-12-13T07:30:10","guid":{"rendered":"https:\/\/www.europesays.com\/fi\/115132\/"},"modified":"2025-12-13T07:30:10","modified_gmt":"2025-12-13T07:30:10","slug":"all-saintsin-laulaja-saapuu-suomeen-saa-vaaraa-tietoa-race-across-the-worldissa","status":"publish","type":"post","link":"https:\/\/www.europesays.com\/fi\/115132\/","title":{"rendered":"All Saintsin laulaja saapuu Suomeen \u2013 Saa v\u00e4\u00e4r\u00e4\u00e4 tietoa Race Across The Worldissa"},"content":{"rendered":"<p>Brittien Race Across the Worldissa kisaavat julkkikset.<\/p>\n<p><img decoding=\"async\" class=\"image image-show image-preview\" src=\"https:\/\/www.europesays.com\/fi\/wp-content\/uploads\/2025\/12\/21c08ff1748aa85f004a2e7b89b8a9d39368ddaf58bd5d56857ca90ed8fcaa2f.jpg\" alt=\"\"\/><img decoding=\"async\" class=\"image image-show\" src=\"https:\/\/www.europesays.com\/fi\/wp-content\/uploads\/2025\/12\/1765611010_782_21c08ff1748aa85f004a2e7b89b8a9d39368ddaf58bd5d56857ca90ed8fcaa2f.jpg\" alt=\"\"\/><\/p>\n<p>Melanie Blatt p\u00e4\u00e4tyy tv-sarjassa Suomeen, vaikka h\u00e4n kulkisi mieluummin m\u00e4\u00e4r\u00e4np\u00e4\u00e4h\u00e4n Norjan l\u00e4pi. \u2013\u2009Teen jotain minulle t\u00e4ysin uutta ja sanon, ett\u00e4 meid\u00e4n pit\u00e4\u00e4 valita halvempi vaihtoehto. Ken McKay\/ITV\/Shutterstock, All Over Press<\/p>\n<p class=\"paragraph\">All Saintsin laulaja <a href=\"https:\/\/www.iltalehti.fi\/henkilot\/Melanie Blatt\" class=\"article-link-person-page\" rel=\"nofollow noopener\" target=\"_blank\">Melanie Blatt<\/a> saapuu Suomeen \u00e4itins\u00e4 <strong>Helene Blattin<\/strong> kanssa brittirealityss\u00e4. Celebrity Race Across the Worldin ensimm\u00e4inen tuotantokausi l\u00f6ytyy jo Katsomo+:sta. Perinteisen tv:n puolella julkkisten t\u00e4hditt\u00e4m\u00e4n sarjan finaalijakso esitet\u00e4\u00e4n ensi vuoden puolella.<\/p>\n<p class=\"paragraph\">Suomeen \u00e4iti\u2013tyt\u00e4r-duo saapuu Tallinkin lautalla Tallinnasta, pakon sanelemana. Viroon he ovat matkustaneet Saksasta bussilla Puolan, Liettuan ja Latvian kautta, koska matka Baltian l\u00e4pi Norjaan maksaa v\u00e4hemm\u00e4n kuin Ruotsin kautta.<\/p>\n<p>Helene ja Melanie Blattin Celebrity Race Across the World -matka on alkanut muiden kilpailijoiden tavoin Marokosta. MTV3<\/p>\n<p class=\"paragraph\">Suomenlahden kaksikko saa ylitt\u00e4\u00e4 ilmaiseksi, sill\u00e4 he t\u00e4ytt\u00e4v\u00e4t myym\u00e4l\u00e4ss\u00e4 hyllyj\u00e4. Blattit ovat valvoneet 24 tuntia putkeen, mutta muuta vaihtoehtoa ei ole. Matkakassan pohja h\u00e4\u00e4m\u00f6tt\u00e4\u00e4 jo uhkaavasti.<\/p>\n<p>1990-luvulla maineesen nousseen All Sainstin hitteihin kuuluvat muun muassa Pure Shores, Black Coffee ja Never Ever. PA Images \/ Alamy Stock Photo, All Over Press<\/p>\n<p class=\"paragraph\">Helsingiss\u00e4 Melanie ja Helene hypp\u00e4\u00e4v\u00e4t VR:n kyytiin. Kuvissa vilahtavat Kauppatori ja Helsingin tuomiokirkko ennen kuin matka jatkuu Ouluun, jossa naiset siivoavat paikallista kenneli\u00e4. Kaupunki esitell\u00e4\u00e4n sarjassa n\u00e4in:<\/p>\n<p class=\"paragraph\">\u2013\u2009Oulujoen suulla on kaupunki, jossa aurinko ei laske kes\u00e4isin lainkaan ja jossa meri j\u00e4\u00e4tyy talvella.<\/p>\n<p class=\"paragraph\">Suomestakin saadaan tietoisku:<\/p>\n<p class=\"paragraph\">\u2013\u2009Suomi on Euroopan tihe\u00e4mets\u00e4isimpi\u00e4 maita. Huskyt ovat yh\u00e4 yksi parhaista tavoista kulkea maastossa.<\/p>\n<p>Melanie ja Helene matkustavat Suomessa junalla ja linja-autolla. Kuvituskuva Rovaniemelt\u00e4. mauritius images GmbH \/ Alamy Stock Photo, All Over Press<\/p>\n<p class=\"paragraph\">Koiravaljakon sijaan Melanie ja Helene toivovat p\u00e4\u00e4sev\u00e4ns\u00e4 Norjan Tromssassa sijaitsevaan maaliin viimeisill\u00e4 pennosillaan linja-auton kyydill\u00e4. Matka uhkaa kuitenkin tyss\u00e4t\u00e4 Rovaniemell\u00e4 v\u00e4\u00e4riin neuvoihin.<\/p>\n<p class=\"paragraph\">\u2013\u2009Milloin bussi Tromassaan l\u00e4htee? Melanie kyselee linja-autoaseman ty\u00f6ntekij\u00e4lt\u00e4.<\/p>\n<p class=\"paragraph\">\u2013\u2009Huomenna, kuuluu miehen vastaus.<\/p>\n<p class=\"paragraph\">Melanie varmistaa viel\u00e4, ett\u00e4 samana p\u00e4iv\u00e4n\u00e4 kyyti\u00e4 ei siis ole saatavilla. Ei ole, ei.<\/p>\n<p class=\"paragraph\">\u2013\u2009Mik\u00e4\u00e4n ei kulje t\u00e4n\u00e4\u00e4n, mies vakuuttaa.<\/p>\n<p class=\"paragraph\">Mutta h\u00e4n on v\u00e4\u00e4r\u00e4ss\u00e4. Pian linja-autoasemalle kaartaa arktista reitti\u00e4 kulkeva bussi. Melanie k\u00e4y kokeilemassa onneaan, josko bussi sittenkin menisi Tromssaan. Kyll\u00e4h\u00e4n se menee. Onneksi Melanie ei ole uskonut virkailijaa ja l\u00e4htenyt \u00e4itins\u00e4 kanssa linja-autoasemalta etsim\u00e4\u00e4n toista vaihtoehtoa. Muuten heid\u00e4n viimeinen etappinsa olisi ollut tuhoon tuomittu.<\/p>\n<p>Celebrity Race Across the Worldissa kisaan on alun alkaen osallistunut nelj\u00e4 parivaljakkoa, jonka toinen osapuoli on brittijulkkis. MTV3<\/p>\n<p class=\"paragraph\">Celebrity Race Across the World t\u00e4n\u00e4\u00e4n Subilla kello 18.00 &amp; Katsomossa. <a href=\"https:\/\/www.iltalehti.fi\/telkku\/\" rel=\"nofollow noopener\" target=\"_blank\">Katso kaikki\u00a0TV-ohjelmat ja l\u00e4hetysajat Telkun TV-oppaasta<\/a>.<\/p>\n","protected":false},"excerpt":{"rendered":"Brittien Race Across the Worldissa kisaavat julkkikset. Melanie Blatt p\u00e4\u00e4tyy tv-sarjassa Suomeen, vaikka h\u00e4n kulkisi mieluummin m\u00e4\u00e4r\u00e4np\u00e4\u00e4h\u00e4n Norjan&hellip;\n","protected":false},"author":2,"featured_media":115133,"comment_status":"","ping_status":"","sticky":false,"template":"","format":"standard","meta":{"footnotes":""},"categories":[133],"tags":[35,4565,137,33,31,30,121,734,923,32,206,139,156,109],"class_list":{"0":"post-115132","1":"post","2":"type-post","3":"status-publish","4":"format-standard","5":"has-post-thumbnail","7":"category-televisiot","8":"tag-24h","9":"tag-baltian-maat","10":"tag-entertainment","11":"tag-fi","12":"tag-finland","13":"tag-finnish","14":"tag-liikenne-ja-kuljetus","15":"tag-maaliikenne","16":"tag-matkustaminen","17":"tag-suomi","18":"tag-televisiot","19":"tag-tv-ohjelmat","20":"tag-tv","21":"tag-viihde"},"share_on_mastodon":{"url":"https:\/\/pubeurope.com\/@fi\/115711090785556359","error":""},"_links":{"self":[{"href":"https:\/\/www.europesays.com\/fi\/wp-json\/wp\/v2\/posts\/115132","targetHints":{"allow":["GET"]}}],"collection":[{"href":"https:\/\/www.europesays.com\/fi\/wp-json\/wp\/v2\/posts"}],"about":[{"href":"https:\/\/www.europesays.com\/fi\/wp-json\/wp\/v2\/types\/post"}],"author":[{"embeddable":true,"href":"https:\/\/www.europesays.com\/fi\/wp-json\/wp\/v2\/users\/2"}],"replies":[{"embeddable":true,"href":"https:\/\/www.europesays.com\/fi\/wp-json\/wp\/v2\/comments?post=115132"}],"version-history":[{"count":0,"href":"https:\/\/www.europesays.com\/fi\/wp-json\/wp\/v2\/posts\/115132\/revisions"}],"wp:featuredmedia":[{"embeddable":true,"href":"https:\/\/www.europesays.com\/fi\/wp-json\/wp\/v2\/media\/115133"}],"wp:attachment":[{"href":"https:\/\/www.europesays.com\/fi\/wp-json\/wp\/v2\/media?parent=115132"}],"wp:term":[{"taxonomy":"category","embeddable":true,"href":"https:\/\/www.europesays.com\/fi\/wp-json\/wp\/v2\/categories?post=115132"},{"taxonomy":"post_tag","embeddable":true,"href":"https:\/\/www.europesays.com\/fi\/wp-json\/wp\/v2\/tags?post=115132"}],"curies":[{"name":"wp","href":"https:\/\/api.w.org\/{rel}","templated":true}]}}