{"id":115150,"date":"2025-12-13T07:52:07","date_gmt":"2025-12-13T07:52:07","guid":{"rendered":"https:\/\/www.europesays.com\/fi\/115150\/"},"modified":"2025-12-13T07:52:07","modified_gmt":"2025-12-13T07:52:07","slug":"jyvaskylan-normaalikoulu-sallii-puhelimen-kayton-ylakoululaisille-syyna-opettajien-toive-keski-suomi","status":"publish","type":"post","link":"https:\/\/www.europesays.com\/fi\/115150\/","title":{"rendered":"Jyv\u00e4skyl\u00e4n normaalikoulu sallii puhelimen k\u00e4yt\u00f6n yl\u00e4koululaisille \u2013 syyn\u00e4 opettajien toive | Keski-Suomi"},"content":{"rendered":"<p>Jyv\u00e4skyl\u00e4n yliopiston normaalikoulu ei l\u00e4hde Jyv\u00e4skyl\u00e4n kaupungin tapaan puhelimien t\u00e4yskieltoon, vaan sallii yl\u00e4koululaisille puhelimen k\u00e4yt\u00f6n v\u00e4litunneilla my\u00f6s jatkossa.<\/p>\n<p>Alakoulussa, ruokailussa ja oppitunneilla k\u00e4ytt\u00f6 on edelleen kielletty\u00e4, ellei opettaja anna lupaa oppimiseen liittyv\u00e4\u00e4n tarkoitukseen.<\/p>\n<p>Johtavan rehtorin <strong>Antero Hietam\u00e4en<\/strong> mukaan p\u00e4\u00e4t\u00f6ksen teki koulun johtokunta, jossa on niin henkil\u00f6st\u00f6n, oppilaiden kuin huoltajien edustajia. Linjaus syntyi opettajien enemmist\u00f6n toiveesta, vaikka mielipiteet jakautuivat my\u00f6s opettajien kesken.<\/p>\n<p>\u2013\u2009Enemmist\u00f6 oli sit\u00e4 mielt\u00e4, ett\u00e4 nuorten kanssa ei haluta l\u00e4hte\u00e4 vastakkainasettelun tielle. Uskomme, ett\u00e4 positiivinen ja kannustava l\u00e4hestymistapa tuo kest\u00e4v\u00e4mm\u00e4n muutoksen nuorten asenteisiin puhelimien suhteen, Hietam\u00e4ki sanoo.<\/p>\n","protected":false},"excerpt":{"rendered":"Jyv\u00e4skyl\u00e4n yliopiston normaalikoulu ei l\u00e4hde Jyv\u00e4skyl\u00e4n kaupungin tapaan puhelimien t\u00e4yskieltoon, vaan sallii yl\u00e4koululaisille puhelimen k\u00e4yt\u00f6n v\u00e4litunneilla my\u00f6s jatkossa.&hellip;\n","protected":false},"author":2,"featured_media":115151,"comment_status":"","ping_status":"","sticky":false,"template":"","format":"standard","meta":{"footnotes":""},"categories":[85],"tags":[33,31,30,425,615,96,757,100,419,418,5443,617,32,91,92],"class_list":{"0":"post-115150","1":"post","2":"type-post","3":"status-publish","4":"format-standard","5":"has-post-thumbnail","7":"category-mobiili","8":"tag-fi","9":"tag-finland","10":"tag-finnish","11":"tag-jyvaskyla","12":"tag-koulut","13":"tag-koulutus","14":"tag-koulutus-ja-kasvatus","15":"tag-lapset-ja-nuoret","16":"tag-mobiili","17":"tag-mobile","18":"tag-opiskeleminen","19":"tag-opiskelijat-ja-oppilaat","20":"tag-suomi","21":"tag-technology","22":"tag-teknologia"},"share_on_mastodon":{"url":"https:\/\/pubeurope.com\/@fi\/115711177230370013","error":""},"_links":{"self":[{"href":"https:\/\/www.europesays.com\/fi\/wp-json\/wp\/v2\/posts\/115150","targetHints":{"allow":["GET"]}}],"collection":[{"href":"https:\/\/www.europesays.com\/fi\/wp-json\/wp\/v2\/posts"}],"about":[{"href":"https:\/\/www.europesays.com\/fi\/wp-json\/wp\/v2\/types\/post"}],"author":[{"embeddable":true,"href":"https:\/\/www.europesays.com\/fi\/wp-json\/wp\/v2\/users\/2"}],"replies":[{"embeddable":true,"href":"https:\/\/www.europesays.com\/fi\/wp-json\/wp\/v2\/comments?post=115150"}],"version-history":[{"count":0,"href":"https:\/\/www.europesays.com\/fi\/wp-json\/wp\/v2\/posts\/115150\/revisions"}],"wp:featuredmedia":[{"embeddable":true,"href":"https:\/\/www.europesays.com\/fi\/wp-json\/wp\/v2\/media\/115151"}],"wp:attachment":[{"href":"https:\/\/www.europesays.com\/fi\/wp-json\/wp\/v2\/media?parent=115150"}],"wp:term":[{"taxonomy":"category","embeddable":true,"href":"https:\/\/www.europesays.com\/fi\/wp-json\/wp\/v2\/categories?post=115150"},{"taxonomy":"post_tag","embeddable":true,"href":"https:\/\/www.europesays.com\/fi\/wp-json\/wp\/v2\/tags?post=115150"}],"curies":[{"name":"wp","href":"https:\/\/api.w.org\/{rel}","templated":true}]}}