{"id":115156,"date":"2025-12-13T08:01:18","date_gmt":"2025-12-13T08:01:18","guid":{"rendered":"https:\/\/www.europesays.com\/fi\/115156\/"},"modified":"2025-12-13T08:01:18","modified_gmt":"2025-12-13T08:01:18","slug":"yli-300-mummoa-bailasi-tavastialla-keskella-paivaa-bileet-uhkaavat-kuitenkin-loppua-tuntuu-tylylta-paikalliset","status":"publish","type":"post","link":"https:\/\/www.europesays.com\/fi\/115156\/","title":{"rendered":"Yli 300 mummoa bailasi Tavastialla keskell\u00e4 p\u00e4iv\u00e4\u00e4 \u2013\u2009bileet uhkaavat kuitenkin loppua: &#8221;Tuntuu tylylt\u00e4&#8221; | Paikalliset"},"content":{"rendered":"<p>\t\t<a class=\"diks-gallery__link\" href=\"https:\/\/www.europesays.com\/fi\/wp-content\/uploads\/2025\/12\/11198250.jpg\" data-thumbnail=\"https:\/\/i.media.fi\/incoming\/32f3hn\/11198250.jpg\/alternates\/SQUARE_240\/11198250.jpg\" data-sub-html=\"Helj\u00e4 Lehtiniemi, Eija T\u00f6rm\u00e4 ja Kristiina Hahtoranta-Majander diskon sykkeess\u00e4. Mikko Huisko\" aria-label=\"Katso isompi kuva\"><br \/>\n\t\t\t\t<img class=\"diks-figure__image\" src=\"https:\/\/www.europesays.com\/fi\/wp-content\/uploads\/2025\/12\/11198250.jpg\" loading=\"lazy\" decoding=\"sync\" alt=\"\"\/><\/p>\n<p>\t\t\t<\/a><br \/>\n\t\t\t\t\tHelj\u00e4 Lehtiniemi, Eija T\u00f6rm\u00e4 ja Kristiina Hahtoranta-Majander diskon sykkeess\u00e4. Mikko Huisko<\/p>\n<p class=\"diks-article__lead\">Mummodiskoja yli kahdeksan vuotta py\u00f6ritt\u00e4neen yhdistyksen rahoitus loppui.<\/p>\n<p class=\"diks-byline__author\">Marjo R\u00e4m\u00f6<\/p>\n<p>\n\t\tT\u00e4n\u00e4\u00e4n 8:20<\/p>\n<p>Kello on hieman yli iltap\u00e4iv\u00e4yhden, kun Tavastian kaiuttimista kajahtaa Village Peoplen diskohitti YMCA.<\/p>\n<p>Valorannekkeiden koristamat k\u00e4det nousevat kohti kattoa.<\/p>\n<p>Noin 300-p\u00e4ist\u00e4 tanssikansaa ei tarvitse l\u00e4mmitell\u00e4. T\u00e4m\u00e4 porukka joraa vuosikymmenten kokemuksella.<\/p>\n<p><strong class=\"diks-storyline__impact\">\u2013 <\/strong>T\u00e4m\u00e4 on mielett\u00f6m\u00e4n ihanaa, ihmiset tanssii keskell\u00e4 p\u00e4iv\u00e4\u00e4, ihmettelee <strong>Minna R\u00f6nkk\u00f6,<\/strong> 58.<\/p>\n<p>H\u00e4n on vasta toista kertaa mukana tapahtumassa.<\/p>\n<p>\u2013 Kuulin t\u00e4st\u00e4 kirkkokahveilla, R\u00f6nkk\u00f6 nauraa.<\/p>\n<p>\t\t<a class=\"diks-gallery__link\" href=\"https:\/\/i.media.fi\/incoming\/rj62a8\/11198240.jpg\/alternates\/FREE_1440\/11198240.jpg\" data-thumbnail=\"\" data-sub-html=\"Minna R\u00f6nkk\u00f6 iloitsee iltap\u00e4iv\u00e4n diskotapahtumasta. Tavallisten y\u00f6kerhojen avautuessa h\u00e4n on jo unten mailla. Mikko Huisko\" aria-label=\"Katso isompi kuva\" rel=\"nofollow noopener\" target=\"_blank\"><br \/>\n\t\t\t\t<img class=\"diks-figure__image\" src=\"https:\/\/www.europesays.com\/fi\/wp-content\/uploads\/2025\/12\/11198240.jpg\" loading=\"lazy\" decoding=\"sync\" alt=\"\"\/><\/p>\n<p>\t\t\t<\/a><br \/>\n\t\t\t\t\tMinna R\u00f6nkk\u00f6 iloitsee iltap\u00e4iv\u00e4n diskotapahtumasta. Tavallisten y\u00f6kerhojen avautuessa h\u00e4n on jo unten mailla. Mikko Huisko<\/p>\n<p><strong>Eija T\u00f6rm\u00e4<\/strong>, 74, on jo kokenut mummodiskoilija.<\/p>\n<p>\u2013 Haluan liikkua, lis\u00e4ksi n\u00e4m\u00e4 ovat ilmaisi.<\/p>\n<p>T\u00f6rm\u00e4n mukana tullut ensikertalainen <strong>Helj\u00e4 Lehtiniemi,<\/strong> 62, on my\u00f6s heti tanssilattialla.<\/p>\n<p>\u2013 Vaikuttaa oikein ihanalta. T\u00e4nne oli helppo tulla.<\/p>\n<p>\t\t<a class=\"diks-gallery__link\" href=\"https:\/\/i.media.fi\/incoming\/tvmu2e\/11198246.jpg\/alternates\/FREE_1440\/11198246.jpg\" data-thumbnail=\"\" data-sub-html=\"Toistaiseksi viimeisess\u00e4 Tavastian Mummodiskossa oli arviolta yli 300 henke\u00e4. Mikko Huisko\" aria-label=\"Katso isompi kuva\" rel=\"nofollow noopener\" target=\"_blank\"><br \/>\n\t\t\t\t<img class=\"diks-figure__image\" src=\"https:\/\/www.europesays.com\/fi\/wp-content\/uploads\/2025\/12\/11198246.jpg\" loading=\"lazy\" decoding=\"sync\" alt=\"\"\/><\/p>\n<p>\t\t\t<\/a><br \/>\n\t\t\t\t\tToistaiseksi viimeisess\u00e4 Tavastian Mummodiskossa oli arviolta yli 300 henke\u00e4. Mikko Huisko<\/p>\n<p>\t\t<a class=\"diks-gallery__link\" href=\"https:\/\/i.media.fi\/incoming\/cdabjw\/11198248.jpg\/alternates\/FREE_1440\/11198248.jpg\" data-thumbnail=\"\" data-sub-html=\"Diskoon tulijoille jaettiin valorannekkeita. Mikko Huisko\" aria-label=\"Katso isompi kuva\" rel=\"nofollow noopener\" target=\"_blank\"><br \/>\n\t\t\t\t<img class=\"diks-figure__image\" src=\"https:\/\/www.europesays.com\/fi\/wp-content\/uploads\/2025\/12\/11198248.jpg\" loading=\"lazy\" decoding=\"sync\" alt=\"\"\/><\/p>\n<p>\t\t\t<\/a><br \/>\n\t\t\t\t\tDiskoon tulijoille jaettiin valorannekkeita. Mikko Huisko<\/p>\n<p>\t\t<a class=\"diks-gallery__link\" href=\"https:\/\/i.media.fi\/incoming\/nhfeng\/11198245.jpg\/alternates\/FREE_1440\/11198245.jpg\" data-thumbnail=\"\" data-sub-html=\"Minna R\u00f6nkk\u00f6 l\u00f6ysi k\u00e4silaukustaan teemaan sopivan postikortin, jonka h\u00e4n on teett\u00e4nyt vuosia sitten iso\u00e4itiens\u00e4 kuvista. - Voisiko n\u00e4it\u00e4 alkaa myym\u00e4\u00e4n Mummodiskojen rahoittamiseksi, h\u00e4n ehdottaa nauraen. Mikko Huisko\" aria-label=\"Katso isompi kuva\" rel=\"nofollow noopener\" target=\"_blank\"><br \/>\n\t\t\t\t<img class=\"diks-figure__image\" src=\"https:\/\/www.europesays.com\/fi\/wp-content\/uploads\/2025\/12\/11198245.jpg\" loading=\"lazy\" decoding=\"sync\" alt=\"\"\/><\/p>\n<p>\t\t\t<\/a><br \/>\n\t\t\t\t\tMinna R\u00f6nkk\u00f6 l\u00f6ysi k\u00e4silaukustaan teemaan sopivan postikortin, jonka h\u00e4n on teett\u00e4nyt vuosia sitten iso\u00e4itiens\u00e4 kuvista. &#8211; Voisiko n\u00e4it\u00e4 alkaa myym\u00e4\u00e4n Mummodiskojen rahoittamiseksi, h\u00e4n ehdottaa nauraen. Mikko Huisko<\/p>\n<p><strong class=\"diks-storyline__impact\">Diskoilu <\/strong>uhkaa kuitenkin p\u00e4\u00e4tty\u00e4.<\/p>\n<p>\u2013 T\u00e4m\u00e4 on t\u00e4ll\u00e4 er\u00e4\u00e4 Tavastian viimeinen mummodisko, j\u00e4rjest\u00e4j\u00e4<strong> Joni Tammisalo <\/strong>kertoo ikonisen keikkapaikan takahuoneessa.<\/p>\n<p>\u2013 My\u00f6s palvelutaloihin ja hoivakoteihin tuotavia Mummodiskoja emme pysty en\u00e4\u00e4 j\u00e4rjest\u00e4m\u00e4\u00e4n.<\/p>\n<p><strong class=\"diks-storyline__impact\">Mummodiskot <\/strong>ovat py\u00f6rineet viimeiset kuusi vuotta Sosiaali- ja terveysj\u00e4rjest\u00f6jen avustuskeskuksen Steaan my\u00f6nt\u00e4m\u00e4ll\u00e4 hankerahoituksella. Hanke p\u00e4\u00e4ttyy vuoden lopussa.<\/p>\n<p>\u2013\u2009Jatkorahoitusta ei ollut mahdollista edes hakea, Tammisalo harmittelee.<\/p>\n<p>H\u00e4nest\u00e4 rahoituksen loppumisen syyn\u00e4 on Steaan kohdistuneet hallituksen leikkaukset ja hakemuksiin kohdistuneet linjaukset.<\/p>\n<p>\u2013 Tuntuu tylylt\u00e4, ett\u00e4 meid\u00e4t pudotetaan puille paljaille, vaikka olemme onnistuneet j\u00e4rjest\u00e4m\u00e4\u00e4n vaikuttavaa ja kymmeni\u00e4tuhansia ihmisi\u00e4 tavoittavaa toimintaa.<\/p>\n<p>\t\t<a class=\"diks-gallery__link\" href=\"https:\/\/i.media.fi\/incoming\/p7izyw\/11198244.jpg\/alternates\/FREE_1440\/11198244.jpg\" data-thumbnail=\"\" data-sub-html=\"Joni Tammisalo on j\u00e4rjest\u00e4nyt Mummodiskoja vuodesta 2017 ensin vapaaehtoisty\u00f6n\u00e4 ja viimeiset kuusi vuotta Steaan hankerahalla. Mikko Huisko\" aria-label=\"Katso isompi kuva\" rel=\"nofollow noopener\" target=\"_blank\"><br \/>\n\t\t\t\t<img class=\"diks-figure__image\" src=\"https:\/\/www.europesays.com\/fi\/wp-content\/uploads\/2025\/12\/11198244.jpg\" loading=\"lazy\" decoding=\"sync\" alt=\"\"\/><\/p>\n<p>\t\t\t<\/a><br \/>\n\t\t\t\t\tJoni Tammisalo on j\u00e4rjest\u00e4nyt Mummodiskoja vuodesta 2017 ensin vapaaehtoisty\u00f6n\u00e4 ja viimeiset kuusi vuotta Steaan hankerahalla. Mikko Huisko<\/p>\n<p><strong class=\"diks-storyline__impact\">Jos <\/strong>j\u00e4rjest\u00e4j\u00e4t eiv\u00e4t l\u00f6yd\u00e4 muuta rahoitusta, diskopallojen py\u00f6rint\u00e4 loppuu \u2013 tai ainakin v\u00e4henee.<\/p>\n<p>\u2013\u2009Voimme toteuttaa yksitt\u00e4isi\u00e4 tapahtumia, jos rahoittajia j\u00e4rjestyy.<\/p>\n<p>OP Uusimaa on my\u00f6nt\u00e4nyt yhdistykselle avustuksen ensi vuodelle. Se on kuitenkin murto-osa Steaan hankerahan tuomasta noin 175 000 euron vuosibudjetista.<\/p>\n<p>Tavastian viimeisess\u00e4 Mummodiskossa tiedotettiin ensi kes\u00e4n\u00e4 Superterassilla j\u00e4rjestett\u00e4v\u00e4st\u00e4 kahdesta diskop\u00e4iv\u00e4st\u00e4. Kyseisille tapahtumille haetaan nyt yhteisty\u00f6kumppaneita.<\/p>\n<p>Kev\u00e4\u00e4lle on jo sovittu 22-tunnin Mummodisko-risteily Tallinnaan, johon j\u00e4rjest\u00e4j\u00e4t toivovat risteilyv\u00e4ke\u00e4 mukaan viihtym\u00e4\u00e4n ja tukemaan Mummodisko-toimintaa.<\/p>\n<p><strong>Anja Naakalla<\/strong>, 79, on jo risteilylippu hankittuna.<\/p>\n<p>H\u00e4n kertoo k\u00e4yneens\u00e4 mummodiskoissa vuodesta 2018 alkaen.<\/p>\n<p>H\u00e4nest\u00e4 mummodiskotapahtumissa on parasta yhteis\u00f6llisyys, ilo ja se, ett\u00e4 p\u00e4\u00e4see tanssimaan.<\/p>\n<p>\u2013 N\u00e4m\u00e4 pojat, jotka t\u00e4m\u00e4n ovat perustaneet, ovat tosi fiksuja.<\/p>\n<p><strong class=\"diks-storyline__impact\">Naakan<\/strong> mainitsemat pojat ovat <strong>Mikko Haapalainen<\/strong>, 50 ja Joni Tammisalo, 34, jotka ovat vanhusty\u00f6n opiskelukavereita Helsingin Metropolian ammattikorkeakoulusta.<\/p>\n<p>He perustivat Mummodisko ry:n vuonna 2017.<\/p>\n<p>Pian heid\u00e4n porukkaansa liittyi my\u00f6s n\u00e4yttelij\u00e4 <strong>Tuija Piepponen,<\/strong> joka on toiminut Mummodisko-tapahtumien seremoniamestarina.<\/p>\n<p>\t\t<a class=\"diks-gallery__link\" href=\"https:\/\/i.media.fi\/incoming\/fcb8np\/11198252.jpg\/alternates\/FREE_1440\/11198252.jpg\" data-thumbnail=\"\" data-sub-html=\"Anja Naakka, 79, sanoo Tavastian klubilla diskoilussa olevan ihan oma y\u00f6kerhon tunnelma, vaikka elet\u00e4\u00e4nkin iltap\u00e4iv\u00e4\u00e4.\u2013 J\u00e4\u00e4n todella kaipaamaan, jos toiminta loppuu. Mikko Huisko\" aria-label=\"Katso isompi kuva\" rel=\"nofollow noopener\" target=\"_blank\"><br \/>\n\t\t\t\t<img class=\"diks-figure__image\" src=\"https:\/\/www.europesays.com\/fi\/wp-content\/uploads\/2025\/12\/11198252.jpg\" loading=\"lazy\" decoding=\"sync\" alt=\"\"\/><\/p>\n<p>\t\t\t<\/a><br \/>\n\t\t\t\t\tAnja Naakka, 79, sanoo Tavastian klubilla diskoilussa olevan ihan oma y\u00f6kerhon tunnelma, vaikka elet\u00e4\u00e4nkin iltap\u00e4iv\u00e4\u00e4.\u2013 J\u00e4\u00e4n todella kaipaamaan, jos toiminta loppuu. Mikko Huisko<\/p>\n<p>Haapalainen toimii diskojen tiskijukkana soittaen esimerkiksi 1970\u201380-lukujen hittimusaa.<\/p>\n<p>Isoimmissa tapahtumissa on ollut menev\u00e4\u00e4 tanssimusaa laulavia artisteja, kuten <strong>Meiju Suvas<\/strong>, <strong>Virve Rosti<\/strong> ja <strong>Muska<\/strong>.<\/p>\n<p>Torstain Tavastian iltap\u00e4iv\u00e4ss\u00e4 esiintyi <strong>Nina Tapio<\/strong>, <strong>Antti Ketonen <\/strong>ja <strong>Samae Koskinen.<\/strong><\/p>\n<p>\t\t<a class=\"diks-gallery__link\" href=\"https:\/\/i.media.fi\/incoming\/3m5z1t\/11198251.jpg\/alternates\/FREE_1440\/11198251.jpg\" data-thumbnail=\"\" data-sub-html=\"Merja ja Reino Windstedt jorasivat &quot;parhailla paikoilla&quot; Tavastian parvella. Mikko Huisko\" aria-label=\"Katso isompi kuva\" rel=\"nofollow noopener\" target=\"_blank\"><br \/>\n\t\t\t\t<img class=\"diks-figure__image\" src=\"https:\/\/www.europesays.com\/fi\/wp-content\/uploads\/2025\/12\/11198251.jpg\" loading=\"lazy\" decoding=\"sync\" alt=\"\"\/><\/p>\n<p>\t\t\t<\/a><br \/>\n\t\t\t\t\tMerja ja Reino Windstedt jorasivat &#8221;parhailla paikoilla&#8221; Tavastian parvella. Mikko Huisko<\/p>\n<p>\t\t<a class=\"diks-gallery__link\" href=\"https:\/\/i.media.fi\/incoming\/7uhsu6\/11198254.jpg\/alternates\/FREE_1440\/11198254.jpg\" data-thumbnail=\"\" data-sub-html=\"Yhdysvalloissa asuva Leena Laitinen tuli katsomaan, milt\u00e4 nuoruuden bilepaikka n\u00e4ytt\u00e4\u00e4 vuonna 2025. \u2013 Ei ole muuttunut yht\u00e4\u00e4n.H\u00e4n ja Suomessa asuva sisko Annakaisa Takaki olivat torstaina mummodiskossa ensimm\u00e4ist\u00e4 kertaa. Mikko Huisko\" aria-label=\"Katso isompi kuva\" rel=\"nofollow noopener\" target=\"_blank\"><br \/>\n\t\t\t\t<img class=\"diks-figure__image\" src=\"https:\/\/www.europesays.com\/fi\/wp-content\/uploads\/2025\/12\/11198254.jpg\" loading=\"lazy\" decoding=\"sync\" alt=\"\"\/><\/p>\n<p>\t\t\t<\/a><br \/>\n\t\t\t\t\tYhdysvalloissa asuva Leena Laitinen tuli katsomaan, milt\u00e4 nuoruuden bilepaikka n\u00e4ytt\u00e4\u00e4 vuonna 2025. \u2013 Ei ole muuttunut yht\u00e4\u00e4n.H\u00e4n ja Suomessa asuva sisko Annakaisa Takaki olivat torstaina mummodiskossa ensimm\u00e4ist\u00e4 kertaa. Mikko Huisko<\/p>\n<p><strong class=\"diks-storyline__impact\">Ensimm\u00e4inen <\/strong>iso Mummodisko-tapahtuma j\u00e4rjestettiin Helsingin Tavastia-klubilla 2017.<\/p>\n<p>Mummodisko ry on j\u00e4rjest\u00e4nyt satoja diskotapahtumia niin palvelutaloissa kuin esimerkiksi Tavastialla ja Vantaan Tulisuudelmassa.<\/p>\n<p>Viime kes\u00e4n\u00e4 Superterassin ulkoilmamummodiskot vetiv\u00e4t noin 2500 osallistujaa.<\/p>\n<p><strong class=\"diks-storyline__impact\">Yhdistys<\/strong> sanoo haluavansa tarjota onnistuneita kohtaamisia, lievitt\u00e4\u00e4 ik\u00e4ihmisten yksin\u00e4isyyden kokemuksia ja rikkoa ik\u00e4\u00e4ntymiseen liittyvi\u00e4 turhia stereotypioita.<\/p>\n<p>Yksi kantava teema on &#8221;tule sellaisena kuin olet&#8221;.<\/p>\n<p>Viimeksi mainittu n\u00e4kyy siin\u00e4, ett\u00e4 iltap\u00e4iv\u00e4n diskokansasta monet ovat l\u00e4hteneet diskoilemaan neulepaidoissa, huppareissa ja lenkkareissa. Osan diskovetimiss\u00e4 vilkkuu paljetti. Naisten vessassa punataan huulia ja p\u00f6rh\u00f6tet\u00e4\u00e4n kampausta.<\/p>\n<p>Arki ja juhla kohtaavat lavallakin: juontajista Piepponen heiluu valkoisessa hupparissa ja lierihatussa, juontajaparin <strong>Minna Kivel\u00e4n<\/strong> topissa v\u00e4lkkyv\u00e4t paljetit ja p\u00e4\u00e4ss\u00e4 t\u00f6n\u00f6tt\u00e4\u00e4 joulukuusi.<\/p>\n<p>\t\t<a class=\"diks-gallery__link\" href=\"https:\/\/i.media.fi\/incoming\/em9nno\/11198249.jpg\/alternates\/FREE_1440\/11198249.jpg\" data-thumbnail=\"\" data-sub-html=\"Tuija Piepponen on juontanut Mummodisko-tapahtumia. Mikko Huisko\" aria-label=\"Katso isompi kuva\" rel=\"nofollow noopener\" target=\"_blank\"><br \/>\n\t\t\t\t<img class=\"diks-figure__image\" src=\"https:\/\/www.europesays.com\/fi\/wp-content\/uploads\/2025\/12\/11198249.jpg\" loading=\"lazy\" decoding=\"sync\" alt=\"\"\/><\/p>\n<p>\t\t\t<\/a><br \/>\n\t\t\t\t\tTuija Piepponen on juontanut Mummodisko-tapahtumia. Mikko Huisko<\/p>\n<p>\t\t<a class=\"diks-gallery__link\" href=\"https:\/\/i.media.fi\/incoming\/kxzf97\/11198241.jpg\/alternates\/FREE_1440\/11198241.jpg\" data-thumbnail=\"\" data-sub-html=\"Tarja J\u00e4rvel\u00e4isest\u00e4, Markku ja Merja Michelssonista on harmillista, jos mummodiskot loppuvat. Mikko Huisko\" aria-label=\"Katso isompi kuva\" rel=\"nofollow noopener\" target=\"_blank\"><br \/>\n\t\t\t\t<img class=\"diks-figure__image\" src=\"https:\/\/www.europesays.com\/fi\/wp-content\/uploads\/2025\/12\/11198241.jpg\" loading=\"lazy\" decoding=\"sync\" alt=\"\"\/><\/p>\n<p>\t\t\t<\/a><br \/>\n\t\t\t\t\tTarja J\u00e4rvel\u00e4isest\u00e4, Markku ja Merja Michelssonista on harmillista, jos mummodiskot loppuvat. Mikko Huisko<\/p>\n<p><strong>Merja Michelsson,<\/strong> 65, ja <strong>Markku Michelsson<\/strong>, 66, ovat tulleet Tavastialle J\u00e4rvenp\u00e4\u00e4st\u00e4. <strong>Tarja J\u00e4rvel\u00e4inen <\/strong>on Espoosta.<\/p>\n<p>\u2013 Parasta t\u00e4ss\u00e4 on se, ett\u00e4 voi ottaa rennosti keskell\u00e4 p\u00e4iv\u00e4\u00e4, Markku Michelsson sanoo.<\/p>\n<p>Musiikki on my\u00f6s juuri sit\u00e4, mit\u00e4 nykyiset noin 60\u201380-vuotiaat tapasivat kuunnella omassa nuoruudessaan.<\/p>\n<p>\u2013 N\u00e4iden biisien tahtiin on nuoruudessa haettu kumppaneita.<\/p>\n<p>H\u00e4n muistelee viimeisi\u00e4 k\u00e4yntej\u00e4\u00e4n nuorisodiskoissa.<\/p>\n<p>\u2013\u2009Silloin piti l\u00e4hte\u00e4 himaan nukkumaan, ennen kuin tanssi ehti edes alkaa.<\/p>\n<p>\t\t<a class=\"diks-gallery__link\" href=\"https:\/\/i.media.fi\/incoming\/uhi916\/11198255.jpg\/alternates\/FREE_1440\/11198255.jpg\" data-thumbnail=\"\" data-sub-html=\"\u00c4lykello ja valoranneke loistivat tanssijan k\u00e4dess\u00e4 Nina Tapion esiintyess\u00e4. Mikko Huisko\" aria-label=\"Katso isompi kuva\" rel=\"nofollow noopener\" target=\"_blank\"><br \/>\n\t\t\t\t<img class=\"diks-figure__image\" src=\"https:\/\/www.europesays.com\/fi\/wp-content\/uploads\/2025\/12\/11198255.jpg\" loading=\"lazy\" decoding=\"sync\" alt=\"\"\/><\/p>\n<p>\t\t\t<\/a><br \/>\n\t\t\t\t\t\u00c4lykello ja valoranneke loistivat tanssijan k\u00e4dess\u00e4 Nina Tapion esiintyess\u00e4. Mikko Huisko<\/p>\n","protected":false},"excerpt":{"rendered":"Helj\u00e4 Lehtiniemi, Eija T\u00f6rm\u00e4 ja Kristiina Hahtoranta-Majander diskon sykkeess\u00e4. Mikko Huisko Mummodiskoja yli kahdeksan vuotta py\u00f6ritt\u00e4neen yhdistyksen rahoitus&hellip;\n","protected":false},"author":2,"featured_media":115157,"comment_status":"","ping_status":"","sticky":false,"template":"","format":"standard","meta":{"footnotes":""},"categories":[130],"tags":[137,33,31,30,104,32,109],"class_list":{"0":"post-115156","1":"post","2":"type-post","3":"status-publish","4":"format-standard","5":"has-post-thumbnail","7":"category-viihde","8":"tag-entertainment","9":"tag-fi","10":"tag-finland","11":"tag-finnish","12":"tag-helsinki","13":"tag-suomi","14":"tag-viihde"},"share_on_mastodon":{"url":"https:\/\/pubeurope.com\/@fi\/115711212731471384","error":""},"_links":{"self":[{"href":"https:\/\/www.europesays.com\/fi\/wp-json\/wp\/v2\/posts\/115156","targetHints":{"allow":["GET"]}}],"collection":[{"href":"https:\/\/www.europesays.com\/fi\/wp-json\/wp\/v2\/posts"}],"about":[{"href":"https:\/\/www.europesays.com\/fi\/wp-json\/wp\/v2\/types\/post"}],"author":[{"embeddable":true,"href":"https:\/\/www.europesays.com\/fi\/wp-json\/wp\/v2\/users\/2"}],"replies":[{"embeddable":true,"href":"https:\/\/www.europesays.com\/fi\/wp-json\/wp\/v2\/comments?post=115156"}],"version-history":[{"count":0,"href":"https:\/\/www.europesays.com\/fi\/wp-json\/wp\/v2\/posts\/115156\/revisions"}],"wp:featuredmedia":[{"embeddable":true,"href":"https:\/\/www.europesays.com\/fi\/wp-json\/wp\/v2\/media\/115157"}],"wp:attachment":[{"href":"https:\/\/www.europesays.com\/fi\/wp-json\/wp\/v2\/media?parent=115156"}],"wp:term":[{"taxonomy":"category","embeddable":true,"href":"https:\/\/www.europesays.com\/fi\/wp-json\/wp\/v2\/categories?post=115156"},{"taxonomy":"post_tag","embeddable":true,"href":"https:\/\/www.europesays.com\/fi\/wp-json\/wp\/v2\/tags?post=115156"}],"curies":[{"name":"wp","href":"https:\/\/api.w.org\/{rel}","templated":true}]}}