{"id":115163,"date":"2025-12-13T08:06:08","date_gmt":"2025-12-13T08:06:08","guid":{"rendered":"https:\/\/www.europesays.com\/fi\/115163\/"},"modified":"2025-12-13T08:06:08","modified_gmt":"2025-12-13T08:06:08","slug":"milan-jaff-karkotettiin-suomesta-sisaministeri-illle-jatkoa-seuraa","status":"publish","type":"post","link":"https:\/\/www.europesays.com\/fi\/115163\/","title":{"rendered":"Milan Jaff karkotettiin Suomesta \u2013\u2009Sis\u00e4ministeri IL:lle: \u201dJatkoa seuraa\u201d"},"content":{"rendered":"<p>Iltalehti kysyi katujengihahmo Milan Jaffin tapauksesta sis\u00e4ministeri Mari Rantaselta (ps), joka kommentoi asiaa yleisell\u00e4 tasolla. <\/p>\n<p><img decoding=\"async\" class=\"image image-show image-preview\" src=\"https:\/\/www.europesays.com\/fi\/wp-content\/uploads\/2025\/12\/b082d440ca8b8718dedba855df34ea7f1167a1fcb1079e36d4be217a984ecd92.jpg\" alt=\"\"\/><img decoding=\"async\" class=\"image image-show\" src=\"https:\/\/www.europesays.com\/fi\/wp-content\/uploads\/2025\/12\/1765613168_200_b082d440ca8b8718dedba855df34ea7f1167a1fcb1079e36d4be217a984ecd92.jpg\" alt=\"\"\/><\/p>\n<p>Milan Jaff on tunnettu katujengirikollinen, joka on tuomittu useista rikoksista. PASI LIESIMAA<\/p>\n<p class=\"paragraph\">Hallituksen l\u00e4piviem\u00e4t lakimuutokset ovat parantaneet mahdollisuuksia toteuttaa maastapoistoja Suomessa, toteaa sis\u00e4ministeri <strong>Mari Rantanen<\/strong> (ps) Iltalehdelle.<\/p>\n<p class=\"paragraph\">Iltalehden tietojen mukaan useista rikoksista tuomittu <strong>Milan Jaff<\/strong> on karkotettu Suomesta ja palautuslento Irakiin l\u00e4hti maanantain ja tiistain v\u00e4lisen\u00e4 y\u00f6n\u00e4. Iltalehti pyysi sis\u00e4ministeri\u00e4 kommentoimaan Jaffin karkotuksen t\u00e4yt\u00e4nt\u00f6\u00f6npanoa.<\/p>\n<p class=\"paragraph\">Rantanen vastaa, ettei h\u00e4n kommentoi yksitt\u00e4istapauksia, mutta toteaa yleisell\u00e4 tasolla, ett\u00e4 \u201dhallituksen tekem\u00e4t lakimuutokset ovat parantaneet mahdollisuuksia maastapoistoihin\u201d.<\/p>\n<p class=\"paragraph\">\u2013\u2009Kiristykset ovat olleet kauan kaivattuja ja jatkoa seuraa muun muassa maanantaina EU:n sis\u00e4asioiden neuvostossa hyv\u00e4ksytyn paluuasetuksen my\u00f6t\u00e4. On selv\u00e4\u00e4, ett\u00e4 niin laittomasti maassa olevat kuin erityisesti rikoksiin syyllistyneet ja turvallisuusuhkaa aiheuttavat tulee poistaa maasta ja t\u00e4t\u00e4 tavoitetta ajamme voimakkaasti, Rantanen viestitt\u00e4\u00e4 Iltalehdelle.<\/p>\n<p class=\"paragraph\">EU:n sis\u00e4ministerit sopivat maanantaina Brysseliss\u00e4 maahanmuuttoa koskevista tiukennuksista mukaan lukien paluuasetuksesta. Esitys menee seuraavaksi EU-parlamentin k\u00e4sitelt\u00e4v\u00e4ksi.<\/p>\n<p>Sis\u00e4ministeri Mari Rantanen (ps) sanoo Iltalehdelle, ett\u00e4 maastapoistoja on helpotettu lakimuutoksilla. Arkistokuva. Henri K\u00e4rkk\u00e4inen<\/p>\n<p class=\"paragraph\">Paluuasetuksen tavoitteena on tehostaa laittomasti EU:ssa oleskelevien henkil\u00f6iden paluita ja palautuksia sek\u00e4 est\u00e4\u00e4 luvatonta liikkumista Schengen-alueella. Asetus loisi j\u00e4senvaltioille yhteiset, selke\u00e4t ja ajanmukaiset s\u00e4\u00e4nn\u00f6t palautusten hallintaan.<\/p>\n<p class=\"paragraph\">\u2013\u2009On kaikkien j\u00e4senvaltioiden etu, ett\u00e4 paluuasetus saadaan nopeasti voimaan. Tehokas palautuspolitiikka on edellytys uskottavalle eurooppalaiselle turvapaikka- ja muuttoliikej\u00e4rjestelm\u00e4lle ja keskeinen tekij\u00e4 EU:n turvallisuuden kannalta, Rantanen kommentoi maanantaina tiedotteessa.<\/p>\n<p>Jaffilla oli toissijainen suojeluasema<\/p>\n<p class=\"paragraph\">Jaffilla ei ole Suomen kansalaisuutta, ja h\u00e4n on itse kertonut saapuneensa Suomeen pakolaiskriisin aikana. Iltalehti <a href=\"https:\/\/www.iltalehti.fi\/kotimaa\/245154f0-ac63-4f80-8e6c-427abf3cc922\" rel=\"nofollow noopener\" target=\"_blank\">kertoi syyskuussa<\/a>, ett\u00e4 Maahanmuuttovirasto on peruuttanut Jaffin oleskeluluvan ja m\u00e4\u00e4r\u00e4nnyt h\u00e4net karkotettavaksi Irakiin, koska h\u00e4n on syyllistynyt useisiin vakaviin rikoksiin, muun muassa tapon yritykseen, t\u00f6rke\u00e4\u00e4n ry\u00f6st\u00f6\u00f6n ja raiskaukseen.<\/p>\n<p class=\"paragraph\">P\u00e4\u00e4t\u00f6ksen mukaan Jaffin toissijainen suojeluasema lakkautetaan, eik\u00e4 h\u00e4nelle my\u00f6nnet\u00e4 uutta m\u00e4\u00e4r\u00e4aikaista tai pysyv\u00e4\u00e4 oleskelulupaa Suomeen. Samalla h\u00e4nelle m\u00e4\u00e4r\u00e4ttiin toistaiseksi voimassa oleva maahantulokielto koko Schengen-alueelle ja Euroopan unionin j\u00e4senvaltioihin.<\/p>\n<p class=\"paragraph\">Toissijaisen suojelun perusteella voi saada oleskeluluvan, jos turvapaikan saamisen edellytykset eiv\u00e4t t\u00e4yty. Toissijaista suojelua voi saada, jos ei voi palata kotimaahan joutumatta vakavaan henkil\u00f6kohtaiseen vaaraan aseellisesta selkkauksesta johtuvan mielivaltaisen v\u00e4kivallan vuoksi tai kotimaassa uhkaa kuolemanrangaistus, teloitus, kidutus tai muu ep\u00e4inhimillinen tai ihmisarvoa loukkaava kohtelu tai rangaistus.<\/p>\n<p class=\"paragraph\">Rantasen kommenttien perusteella n\u00e4ytt\u00e4\u00e4 silt\u00e4, ett\u00e4 hallituksen lakihankkeet ovat saattaneet vaikuttaa suoraan Jaffin tilanteeseen.<\/p>\n<p class=\"paragraph\">Karkotuksia Suomesta helpottaa nimitt\u00e4in Rantasen mukaan esimerkiksi alkuvuonna voimaan tullut lakimuutos, jonka johdosta turvapaikka ja toissijainen suojeluasema voidaan j\u00e4tt\u00e4\u00e4 my\u00f6nt\u00e4m\u00e4tt\u00e4 tai lakkauttaa rikosten perusteella.<\/p>\n<p class=\"paragraph\">Rikoksiin syyllistymisen perusteella on voinut aiemminkin p\u00e4\u00e4tt\u00e4\u00e4 karkotuksista, mutta kansainv\u00e4list\u00e4 suojelua saaneen henkil\u00f6n karkottaminen edellytt\u00e4\u00e4, ett\u00e4 suojeluasema ensin lakkautetaan tai peruutetaan. Se taas on aiemminkin ollut mahdollista tietyin perustein, mutta ei erityisesti rikosten perusteella.<\/p>\n<p class=\"paragraph\">Orpon hallituksen s\u00e4\u00e4t\u00e4m\u00e4n lakimuutoksen taustalla on EU:n m\u00e4\u00e4ritelm\u00e4direktiivi, jota ei Suomessa aiemmin ollut otettu osaksi kansallista lains\u00e4\u00e4d\u00e4nt\u00f6\u00e4 silt\u00e4 osin kuin se mahdollistaa kansainv\u00e4lisen suojeluaseman poistamisen tietyiss\u00e4 tilanteissa rikos- ja turvallisuusperusteella.<\/p>\n<p class=\"paragraph\">Suojeluaseman voi direktiivin mukaan peruuttaa, lakkauttaa tai j\u00e4tt\u00e4\u00e4 uusimatta, jos on perusteltua olettaa, ett\u00e4 henkil\u00f6 on vaaraksi j\u00e4senvaltion turvallisuudelle tai h\u00e4n on yhteiskunnalle vaarallinen kyseisess\u00e4 j\u00e4senvaltiossa, koska h\u00e4net on lainvoiman saaneella tuomiolla tuomittu erityisen t\u00f6rke\u00e4st\u00e4 rikoksesta.<\/p>\n<p class=\"paragraph\"><strong>Mitk\u00e4 lakimuutokset esimerkiksi ovat parantaneet mahdollisuuksia maastapoistoihin?<\/strong><\/p>\n<p class=\"paragraph\">\u2013\u2009Aiemmin ei ole voitu karkottaa toissijaista suojelua saavia, sill\u00e4 suojeluaseman lakkauttaminen ei ollut mahdollista rikosten ja kansallisen turvallisuuden perusteella ja karkottamisp\u00e4\u00e4t\u00f6s vaatii ensin aseman lakkauttamisen. Ja toinen esimerkki on tietysti s\u00e4il\u00f6\u00f6nottoon liittyv\u00e4t tiukennukset, jotka mahdollistavat sen, ett\u00e4 p\u00e4\u00e4t\u00f6ksen saaneet pysyv\u00e4t tallessa p\u00e4\u00e4t\u00f6ksen ja poiston v\u00e4lill\u00e4, Rantanen viestitt\u00e4\u00e4 Iltalehdelle.<\/p>\n<p class=\"paragraph\">Uuden lain mukaan toissijainen suojeluasema j\u00e4tet\u00e4\u00e4n my\u00f6nt\u00e4m\u00e4tt\u00e4 tai lakkautetaan silloin, kun on syyt\u00e4 olettaa henkil\u00f6n olevan vaaraksi yhteiskunnalle tai kansalliselle turvallisuudelle tai h\u00e4n aseman saatuaan tekee esimerkiksi t\u00f6rke\u00e4n rikoksen.<\/p>\n<p class=\"paragraph\">\u2013 Suojeluasema voidaan lakkauttaa rikollisen toiminnan perusteella, jos henkil\u00f6 on tehnyt rikoksen sen j\u00e4lkeen, kun laki on tullut voimaan 2.1.2025. Kansalliseen turvallisuuteen perustuvan lakkauttamisen osalta vastaavaa rajoitetta ei ole, kertoi suojeluaseman lakkauttamis- ja peruuttamisharkinnan prosessinomistaja <strong>Mikko Keski-Nirva<\/strong> Maahanmuuttovirastosta alkuvuodesta.<\/p>\n<p class=\"paragraph\">Jos suojeluaseman menett\u00e4nytt\u00e4 ei voida poistaa maasta palautuskiellon takia, h\u00e4nelle my\u00f6nnet\u00e4\u00e4n tilap\u00e4inen oleskelulupa vuodeksi kerrallaan.<\/p>\n","protected":false},"excerpt":{"rendered":"Iltalehti kysyi katujengihahmo Milan Jaffin tapauksesta sis\u00e4ministeri Mari Rantaselta (ps), joka kommentoi asiaa yleisell\u00e4 tasolla. Milan Jaff on&hellip;\n","protected":false},"author":2,"featured_media":115164,"comment_status":"","ping_status":"","sticky":false,"template":"","format":"standard","meta":{"footnotes":""},"categories":[12],"tags":[35,22,23,26,27,33,31,30,17,53,24,25,28,29,15,18,21,637,886,885,887,32,19,20,16],"class_list":{"0":"post-115163","1":"post","2":"type-post","3":"status-publish","4":"format-standard","5":"has-post-thumbnail","7":"category-suomi","8":"tag-24h","9":"tag-breaking-news","10":"tag-breakingnews","11":"tag-featured-news","12":"tag-featurednews","13":"tag-fi","14":"tag-finland","15":"tag-finnish","16":"tag-headlines","17":"tag-laki-oikeus-ja-rikos","18":"tag-latest-news","19":"tag-latestnews","20":"tag-main-news","21":"tag-mainnews","22":"tag-news","23":"tag-otsikot","24":"tag-paauutiset","25":"tag-politiikka","26":"tag-puolueet","27":"tag-suomen-poliittiset-puolueet","28":"tag-suomen-politiikka","29":"tag-suomi","30":"tag-top-stories","31":"tag-topstories","32":"tag-uutiset"},"share_on_mastodon":{"url":"https:\/\/pubeurope.com\/@fi\/115711232187354168","error":""},"_links":{"self":[{"href":"https:\/\/www.europesays.com\/fi\/wp-json\/wp\/v2\/posts\/115163","targetHints":{"allow":["GET"]}}],"collection":[{"href":"https:\/\/www.europesays.com\/fi\/wp-json\/wp\/v2\/posts"}],"about":[{"href":"https:\/\/www.europesays.com\/fi\/wp-json\/wp\/v2\/types\/post"}],"author":[{"embeddable":true,"href":"https:\/\/www.europesays.com\/fi\/wp-json\/wp\/v2\/users\/2"}],"replies":[{"embeddable":true,"href":"https:\/\/www.europesays.com\/fi\/wp-json\/wp\/v2\/comments?post=115163"}],"version-history":[{"count":0,"href":"https:\/\/www.europesays.com\/fi\/wp-json\/wp\/v2\/posts\/115163\/revisions"}],"wp:featuredmedia":[{"embeddable":true,"href":"https:\/\/www.europesays.com\/fi\/wp-json\/wp\/v2\/media\/115164"}],"wp:attachment":[{"href":"https:\/\/www.europesays.com\/fi\/wp-json\/wp\/v2\/media?parent=115163"}],"wp:term":[{"taxonomy":"category","embeddable":true,"href":"https:\/\/www.europesays.com\/fi\/wp-json\/wp\/v2\/categories?post=115163"},{"taxonomy":"post_tag","embeddable":true,"href":"https:\/\/www.europesays.com\/fi\/wp-json\/wp\/v2\/tags?post=115163"}],"curies":[{"name":"wp","href":"https:\/\/api.w.org\/{rel}","templated":true}]}}