{"id":115195,"date":"2025-12-13T08:58:07","date_gmt":"2025-12-13T08:58:07","guid":{"rendered":"https:\/\/www.europesays.com\/fi\/115195\/"},"modified":"2025-12-13T08:58:07","modified_gmt":"2025-12-13T08:58:07","slug":"isn-kysely-paljastaa-nyt-ollaan-todella-pelokkaita","status":"publish","type":"post","link":"https:\/\/www.europesays.com\/fi\/115195\/","title":{"rendered":"IS:n kysely paljastaa \u2013 nyt ollaan todella pelokkaita"},"content":{"rendered":"<p class=\"ai-optimize-6 ai-optimize-introduction\">Suomalaiset eiv\u00e4t uskalla kuluttaa, selvi\u00e4\u00e4 <a href=\"https:\/\/www.is.fi\/politiikka\/art-2000011687130.html\" target=\"_blank\" rel=\"noopener nofollow\">Ilta-Sanomien<\/a>\u00a0teett\u00e4m\u00e4ss\u00e4 ja Iro Researchin toteuttamassa kyselyss\u00e4. Siin\u00e4 selvitettiin, mit\u00e4 suomalaiset tekisiv\u00e4t ylim\u00e4\u00e4r\u00e4isell\u00e4 10 000 eurolla.<\/p>\n<p class=\"ai-optimize-6 ai-optimize-introduction\">Puolet vastanneista kertoo laittavansa mahdollisen ylim\u00e4\u00e4r\u00e4isen rahan s\u00e4\u00e4st\u00f6\u00f6n pahan p\u00e4iv\u00e4n varalle.<\/p>\n<p class=\"ai-optimize-6 ai-optimize-introduction\">Heikointa luottamus talouteen n\u00e4ytt\u00e4isi olevan nuorilla: 18-24-vuotiaiden vastaajien ryhm\u00e4ss\u00e4 jopa 75 prosenttia laittaisi saamansa rahan s\u00e4\u00e4st\u00f6\u00f6n. 25-34-vuotiaidenkin joukossa osuus oli suuri \u2013 61 prosenttia.<\/p>\n<p class=\"ai-optimize-6 ai-optimize-introduction\">S\u00e4\u00e4st\u00e4misen j\u00e4lkeen seuraavaksi suosituinta on rahan k\u00e4ytt\u00e4minen sijoituksiin ja osakkeisiin \u2013 35 prosenttia kyselyyn vastanneista k\u00e4ytt\u00e4isi rahansa n\u00e4in.<\/p>\n<p class=\"ai-optimize-6 ai-optimize-introduction\">My\u00f6s t\u00e4ss\u00e4 kohdassa korostuu etenkin nuorten ik\u00e4ryhmien, sek\u00e4 18-24 vuotiaiden (45 prosenttia) ett\u00e4 25-34-vuotiaiden (49 prosenttia), halu turvautua pahan p\u00e4iv\u00e4n varalle.<\/p>\n<p class=\"ai-optimize-8\">Vastaajista 31 prosenttia kuluttaisi rahaa lomamatkoihin ulkomailla ja 26 prosenttia kodin remontteihin.<\/p>\n<p class=\"ai-optimize-9\">Iro Researchin asiakkuus\u00adjohtaja <strong>Juho Rahkosen\u00a0<\/strong>mielest\u00e4 suomalaiset pelk\u00e4\u00e4v\u00e4t paitsi nykyist\u00e4 heikkoa ty\u00f6markkinatilannetta, my\u00f6s tulevaisuuden uhkia, kuten sit\u00e4, voiko teko\u00e4ly vied\u00e4 ty\u00f6paikat.<\/p>\n<p class=\"ai-optimize-13\">Lis\u00e4ksi vastausten taustalla vaikuttaa Rahkosen mukaan my\u00f6s Ven\u00e4j\u00e4n hy\u00f6kk\u00e4yssodan aiheuttama ep\u00e4varmuus. Inflaation ja energiakriisin hiipuminen ei ole palauttanut suomalaisten luottamusta talouteen.<\/p>\n<p class=\"ai-optimize-16\">\u2013 Nyt ollaan todella pelokkaita. En nyt halua maalata piruja seinille, mutta maalaan kuitenkin, sanoo Rahkonen Ilta-Sanomille.<\/p>\n<p class=\"ai-optimize-13\">Kuluttajien luottamus talouteen laski jyrk\u00e4sti nelj\u00e4 vuotta sitten ennen energiakriisi\u00e4. Sota Ukrainassa alkoi pian t\u00e4m\u00e4n j\u00e4lkeen.<\/p>\n","protected":false},"excerpt":{"rendered":"Suomalaiset eiv\u00e4t uskalla kuluttaa, selvi\u00e4\u00e4 Ilta-Sanomien\u00a0teett\u00e4m\u00e4ss\u00e4 ja Iro Researchin toteuttamassa kyselyss\u00e4. Siin\u00e4 selvitettiin, mit\u00e4 suomalaiset tekisiv\u00e4t ylim\u00e4\u00e4r\u00e4isell\u00e4 10&hellip;\n","protected":false},"author":2,"featured_media":115196,"comment_status":"","ping_status":"","sticky":false,"template":"","format":"standard","meta":{"footnotes":""},"categories":[12],"tags":[22,23,26,27,33,31,30,17,24,25,28,29,15,18,21,32,19,20,16],"class_list":{"0":"post-115195","1":"post","2":"type-post","3":"status-publish","4":"format-standard","5":"has-post-thumbnail","7":"category-suomi","8":"tag-breaking-news","9":"tag-breakingnews","10":"tag-featured-news","11":"tag-featurednews","12":"tag-fi","13":"tag-finland","14":"tag-finnish","15":"tag-headlines","16":"tag-latest-news","17":"tag-latestnews","18":"tag-main-news","19":"tag-mainnews","20":"tag-news","21":"tag-otsikot","22":"tag-paauutiset","23":"tag-suomi","24":"tag-top-stories","25":"tag-topstories","26":"tag-uutiset"},"share_on_mastodon":{"url":"https:\/\/pubeurope.com\/@fi\/115711436689360272","error":""},"_links":{"self":[{"href":"https:\/\/www.europesays.com\/fi\/wp-json\/wp\/v2\/posts\/115195","targetHints":{"allow":["GET"]}}],"collection":[{"href":"https:\/\/www.europesays.com\/fi\/wp-json\/wp\/v2\/posts"}],"about":[{"href":"https:\/\/www.europesays.com\/fi\/wp-json\/wp\/v2\/types\/post"}],"author":[{"embeddable":true,"href":"https:\/\/www.europesays.com\/fi\/wp-json\/wp\/v2\/users\/2"}],"replies":[{"embeddable":true,"href":"https:\/\/www.europesays.com\/fi\/wp-json\/wp\/v2\/comments?post=115195"}],"version-history":[{"count":0,"href":"https:\/\/www.europesays.com\/fi\/wp-json\/wp\/v2\/posts\/115195\/revisions"}],"wp:featuredmedia":[{"embeddable":true,"href":"https:\/\/www.europesays.com\/fi\/wp-json\/wp\/v2\/media\/115196"}],"wp:attachment":[{"href":"https:\/\/www.europesays.com\/fi\/wp-json\/wp\/v2\/media?parent=115195"}],"wp:term":[{"taxonomy":"category","embeddable":true,"href":"https:\/\/www.europesays.com\/fi\/wp-json\/wp\/v2\/categories?post=115195"},{"taxonomy":"post_tag","embeddable":true,"href":"https:\/\/www.europesays.com\/fi\/wp-json\/wp\/v2\/tags?post=115195"}],"curies":[{"name":"wp","href":"https:\/\/api.w.org\/{rel}","templated":true}]}}