{"id":115210,"date":"2025-12-13T09:24:11","date_gmt":"2025-12-13T09:24:11","guid":{"rendered":"https:\/\/www.europesays.com\/fi\/115210\/"},"modified":"2025-12-13T09:24:11","modified_gmt":"2025-12-13T09:24:11","slug":"kommentti-rovaniemi-jattaa-asukkaansa-heitteille","status":"publish","type":"post","link":"https:\/\/www.europesays.com\/fi\/115210\/","title":{"rendered":"Kommentti: Rovaniemi j\u00e4tt\u00e4\u00e4 asukkaansa heitteille"},"content":{"rendered":"<p><a href=\"https:\/\/www.iltalehti.fi\/kirjoittajat\/Tuuli Tahkokorpi\" class=\"article-description-pov-author\" rel=\"nofollow noopener\" target=\"_blank\"><\/p>\n<p>Tuuli Tahkokorpi<\/p>\n<p><img decoding=\"async\" class=\"author-image\" src=\"https:\/\/www.europesays.com\/fi\/wp-content\/uploads\/2025\/10\/9c406e8e5b5889d8c882a563b150e6ea5a6d6aed34b768bc1a25982dfc60f965.png\" alt=\"\"\/><\/a><\/p>\n<p>Turismi kukoistaa Rovaniemell\u00e4 asunnottomuuden kustannuksella. Vuokratuotto ei ole ihmisoikeus, kirjoittaa Iltalehden toimittaja Tuuli Tahkokorpi.<\/p>\n<p>T\u00e4n\u00e4\u00e4n klo 10:41<\/p>\n<p><img decoding=\"async\" class=\"image image-show image-preview\" src=\"https:\/\/www.europesays.com\/fi\/wp-content\/uploads\/2025\/12\/50cabb5a79f44a1d9ab49e70870246f85308c26fb2a8d2f1a611715efd1d94f1.jpg\" alt=\"\"\/><img decoding=\"async\" class=\"image image-show\" src=\"https:\/\/www.europesays.com\/fi\/wp-content\/uploads\/2025\/12\/1765617851_671_50cabb5a79f44a1d9ab49e70870246f85308c26fb2a8d2f1a611715efd1d94f1.jpg\" alt=\"\"\/><\/p>\n<p>Rovaniemell\u00e4 on tarjolla yli tuhat Airbnb-asuntoa. Kuvituskuva Lordin aukiolta Rovaniemen keskustasta. AOP<\/p>\n<p class=\"paragraph\">Rovaniemen kaupunki n\u00e4ytt\u00e4\u00e4 j\u00e4tt\u00e4neen asukkaansa heitteille talven saapuessa.<\/p>\n<p class=\"paragraph\">H\u00e4t\u00e4majoituksesta on tullut ihmisten koti, koska asunnottomuus on kaupungissa samaan aikaan sek\u00e4 akuutti ett\u00e4 pitk\u00e4aikainen ongelma. Asukkaille ei riit\u00e4 vuokra-asuntoja.<\/p>\n<p class=\"paragraph\">Jos rovaniemel\u00e4inen joutuu l\u00e4htem\u00e4\u00e4n kodistaan h\u00e4t\u00e4tilanteen takia, h\u00e4nelle ei ole tilaa h\u00e4t\u00e4majoituksessa, koska se on t\u00e4ynn\u00e4 kotia etsivi\u00e4 asunnottomia.<\/p>\n<p class=\"paragraph\">Sosiaalihuoltolain mukaan tilap\u00e4ist\u00e4 asumista tulee j\u00e4rjest\u00e4\u00e4 henkil\u00f6lle, joka \u201derityisest\u00e4 syyst\u00e4 tarvitsee asumisensa j\u00e4rjest\u00e4misess\u00e4 hyvinvointialueen lyhytaikaista, kiireellist\u00e4 apua\u201d. Turismin lieveilmi\u00f6t eiv\u00e4t liene lain tarkoittama erityinen syy.<\/p>\n<p class=\"paragraph\">Vastuuyksikk\u00f6johtaja <strong>Kaisa-Maria Rantaj\u00e4rvi<\/strong> Lapin hyvinvointialueelta (Lapha) kertoi asunnottomuuden kriisist\u00e4 <a href=\"https:\/\/www.iltalehti.fi\/kotimaa\/c5aaac6e-50ec-4021-96e0-e9c0866ebef0\" rel=\"nofollow noopener\" target=\"_blank\">t\u00e4ss\u00e4 jutussa<\/a>. Rovaniemen asunnottomien m\u00e4\u00e4r\u00e4 on noussut loppuvuonna, ja heit\u00e4 on nyt ainakin 74.<\/p>\n<p class=\"paragraph\">Samaan aikaan Rovaniemi pullistelee turisteista, joille kyll\u00e4 l\u00f6ytyy y\u00f6paikka.<\/p>\n<p class=\"paragraph\">Turisti voi valita yli 1 000 asunnosta, mik\u00e4 on m\u00e4\u00e4r\u00e4 pelk\u00e4st\u00e4\u00e4n Airbnb-sivustolla.<\/p>\n<p class=\"paragraph\">Vaikka h\u00e4t\u00e4majoituksen j\u00e4rjest\u00e4misest\u00e4 vastaa hyvinvointialue, Rovaniemell\u00e4 on vastuu asuntomarkkinoista.<\/p>\n<p class=\"paragraph\">Se \u201dpyrkii j\u00e4rjest\u00e4m\u00e4\u00e4n alueellaan sellaista asuntotuotantoa maank\u00e4yt\u00f6n suunnittelulla, ett\u00e4 sielt\u00e4 olisi mahdollista saada kohtuuhintainen vuokra-asunto\u201d, kuten Rovaniemen kaupungin riskienhallintap\u00e4\u00e4llikk\u00f6 <strong>Johanna Aho<\/strong> muotoilee s\u00e4hk\u00f6postitse.<\/p>\n<p class=\"paragraph\">\u2013 Kunnan tulee siis aktiivisesti luoda puitteet asuntojen saatavuudelle ja parantaa asumisen edellytyksi\u00e4 alueellaan. Kunta my\u00f6s tukee toisen viranomaisen toimintaa (esim. Laphan) esimerkiksi evakuointitilanteessa luovuttamalla kiinteist\u00f6n tai kiinteist\u00f6j\u00e4 h\u00e4t\u00e4majoitusk\u00e4ytt\u00f6\u00f6n, Ahon vastauksessa kerrotaan.<\/p>\n<p class=\"paragraph\">Maank\u00e4yt\u00f6n suunnittelu ei n\u00e4yt\u00e4 ihan onnistuneen. Uusien kiinteist\u00f6jen rakentaminen vie aikansa, ja ilman lakimuutosta tai kaupungin omaa p\u00e4\u00e4t\u00f6st\u00e4 uudet asunnot todenn\u00e4k\u00f6isesti rohmutaan lyhytvuokrausk\u00e4ytt\u00f6\u00f6n. Jos tilaisuus tarjoutuu, siihen kyll\u00e4 tartutaan.<\/p>\n<p class=\"paragraph\">Syytt\u00e4v\u00e4 sormeni osoittaakin p\u00e4\u00e4tt\u00e4ji\u00e4.<\/p>\n<p class=\"paragraph\">Laphan oman h\u00e4t\u00e4majoituksen t\u00e4m\u00e4nhetkinen kapasiteetti Rovaniemell\u00e4 on kuusi kerrostaloasuntoa. Kaupungin muilla toimijoilla, kuten seurakunnalla, ei Laphan mukaan ole tarjota asuntoja. Vaihtoehdoksi j\u00e4\u00e4 toivoa, ett\u00e4 h\u00e4t\u00e4majoitus l\u00f6ytyy jostain muualta.<\/p>\n<p class=\"paragraph\">On vaikea ymm\u00e4rt\u00e4\u00e4 tilannetta, jossa sesongin takia esimerkiksi ty\u00f6ik\u00e4isille ja omille korkeakouluopiskelijoille ei j\u00e4\u00e4 muuta vaihtoehtoa kuin muuttaa pois, hetkellisesti tai lopullisesti. T\u00e4m\u00e4 tiet\u00e4\u00e4 pahimmillaan ty\u00f6voiman ja opiskelupaikkojen menetyst\u00e4.<\/p>\n<p class=\"paragraph\">Siis osaamisen ja verorahojen hupenemista muualle.<\/p>\n<p class=\"paragraph\">Talvikauden turismi kukoistaa asunnottomuuden kustannuksella. Rovaniemi ei anna itsest\u00e4\u00e4n kuvaa houkuttelevana ty\u00f6- tai opiskelupaikkana, jos omat h\u00e4\u00e4det\u00e4\u00e4n talveksi pois turistien tielt\u00e4.<\/p>\n<p class=\"paragraph\">Vuokratuotto ei ole ihmisoikeus. Oma koti sen sijaan on.<\/p>\n","protected":false},"excerpt":{"rendered":"Tuuli Tahkokorpi Turismi kukoistaa Rovaniemell\u00e4 asunnottomuuden kustannuksella. Vuokratuotto ei ole ihmisoikeus, kirjoittaa Iltalehden toimittaja Tuuli Tahkokorpi. T\u00e4n\u00e4\u00e4n klo&hellip;\n","protected":false},"author":2,"featured_media":115211,"comment_status":"","ping_status":"","sticky":false,"template":"","format":"standard","meta":{"footnotes":""},"categories":[12],"tags":[35,36,542,22,23,26,27,33,31,30,17,543,24,25,28,29,923,15,18,21,32,19,20,16,3935],"class_list":{"0":"post-115210","1":"post","2":"type-post","3":"status-publish","4":"format-standard","5":"has-post-thumbnail","7":"category-suomi","8":"tag-24h","9":"tag-asuintalot-ja-asunnot","10":"tag-asuminen","11":"tag-breaking-news","12":"tag-breakingnews","13":"tag-featured-news","14":"tag-featurednews","15":"tag-fi","16":"tag-finland","17":"tag-finnish","18":"tag-headlines","19":"tag-koti-ja-asuminen","20":"tag-latest-news","21":"tag-latestnews","22":"tag-main-news","23":"tag-mainnews","24":"tag-matkustaminen","25":"tag-news","26":"tag-otsikot","27":"tag-paauutiset","28":"tag-suomi","29":"tag-top-stories","30":"tag-topstories","31":"tag-uutiset","32":"tag-vuokra-asunnot"},"share_on_mastodon":{"url":"https:\/\/pubeurope.com\/@fi\/115711539488194447","error":""},"_links":{"self":[{"href":"https:\/\/www.europesays.com\/fi\/wp-json\/wp\/v2\/posts\/115210","targetHints":{"allow":["GET"]}}],"collection":[{"href":"https:\/\/www.europesays.com\/fi\/wp-json\/wp\/v2\/posts"}],"about":[{"href":"https:\/\/www.europesays.com\/fi\/wp-json\/wp\/v2\/types\/post"}],"author":[{"embeddable":true,"href":"https:\/\/www.europesays.com\/fi\/wp-json\/wp\/v2\/users\/2"}],"replies":[{"embeddable":true,"href":"https:\/\/www.europesays.com\/fi\/wp-json\/wp\/v2\/comments?post=115210"}],"version-history":[{"count":0,"href":"https:\/\/www.europesays.com\/fi\/wp-json\/wp\/v2\/posts\/115210\/revisions"}],"wp:featuredmedia":[{"embeddable":true,"href":"https:\/\/www.europesays.com\/fi\/wp-json\/wp\/v2\/media\/115211"}],"wp:attachment":[{"href":"https:\/\/www.europesays.com\/fi\/wp-json\/wp\/v2\/media?parent=115210"}],"wp:term":[{"taxonomy":"category","embeddable":true,"href":"https:\/\/www.europesays.com\/fi\/wp-json\/wp\/v2\/categories?post=115210"},{"taxonomy":"post_tag","embeddable":true,"href":"https:\/\/www.europesays.com\/fi\/wp-json\/wp\/v2\/tags?post=115210"}],"curies":[{"name":"wp","href":"https:\/\/api.w.org\/{rel}","templated":true}]}}