{"id":115212,"date":"2025-12-13T09:25:10","date_gmt":"2025-12-13T09:25:10","guid":{"rendered":"https:\/\/www.europesays.com\/fi\/115212\/"},"modified":"2025-12-13T09:25:10","modified_gmt":"2025-12-13T09:25:10","slug":"milan-jaffin-karkotus-sisaministeri-rantanen-tata-ajamme-voimakkaasti","status":"publish","type":"post","link":"https:\/\/www.europesays.com\/fi\/115212\/","title":{"rendered":"Milan Jaffin karkotus \u2013 sis\u00e4ministeri Rantanen: \u201dT\u00e4t\u00e4 ajamme voimakkaasti\u201d"},"content":{"rendered":"<p>Sis\u00e4ministeri Mari Rantanen kommentoi kohurikollisen karkotusta ep\u00e4suorasti IS:lle.<\/p>\n<p class=\"article-body mb-nof-24 px-nof-16\">Sis\u00e4ministeri <a class=\"article-personlink\" href=\"https:\/\/www.is.fi\/haku\/?query=Mari%20Rantanen\" rel=\"nofollow noopener\" target=\"_blank\">Mari Rantanen<\/a> (ps) on tyytyv\u00e4inen siihen, ett\u00e4 hallituksen lakimuutokset ovat madaltaneet maastapoistamisen kynnyst\u00e4.<\/p>\n<p class=\"article-body mb-nof-24 px-nof-16\">IS pyysi Rantaselta kommenttia <a class=\"article-personlink\" href=\"https:\/\/www.is.fi\/haku\/?query=Milan%20Jaffin\" rel=\"nofollow noopener\" target=\"_blank\">Milan Jaffin<\/a> karkotuksesta. Ministerin\u00e4 Rantanen ei kommentoi yksityistapauksia vaan puhuu asioista yleisell\u00e4 tasolla.<\/p>\n<p class=\"article-body mb-nof-24 px-nof-16\">\u2013 Hallituksen tekem\u00e4t lakimuutokset ovat parantaneet mahdollisuuksia maastapoistoihin. Kiristykset ovat olleet kauan kaivattuja ja jatkoa seuraa muun muassa maanantaina EU:n sis\u00e4asioiden neuvostossa hyv\u00e4ksytyn paluuasetuksen my\u00f6t\u00e4, Rantanen kommentoi viestitse.<\/p>\n<p class=\"article-body mb-nof-24 px-nof-16\">\u2013 On selv\u00e4\u00e4, ett\u00e4 niin laittomasti maassa olevat kuin rikoksiin syyllistyneet ja turvallisuusuhkaa aiheuttavat tulee poistaa maasta ja t\u00e4t\u00e4 tavoitetta ajamme voimakkaasti.<\/p>\n<p class=\"article-body mb-nof-24 px-nof-16\">Iltalehden <a class=\"article-genericlink\" href=\"https:\/\/www.is.fi\/kotimaa\/art-2000011689505.html\" rel=\"nofollow noopener\" target=\"_blank\">mukaan <\/a>Milan Jaff karkotettiin Irakiin maanantain ja tiistain v\u00e4lisen\u00e4 y\u00f6n\u00e4.<\/p>\n<p class=\"article-body mb-nof-24 px-nof-16\">Helsingin poliisin lupa- ja ulkomaalaisasioiden yksik\u00f6n p\u00e4\u00e4llikk\u00f6, ylikomisario <a class=\"article-personlink\" href=\"https:\/\/www.is.fi\/haku\/?query=Simo%20Kauppinen\" rel=\"nofollow noopener\" target=\"_blank\">Simo Kauppinen<\/a> vahvisti aiemmin Ilta-Sanomille, ett\u00e4 Suomesta on j\u00e4rjestetty palautuslento maanantain ja tiistain v\u00e4lisen\u00e4 y\u00f6n\u00e4.<\/p>\n<p class=\"article-body mb-nof-24 px-nof-16\">Muut perussuomalaiset poliitikot ovat ilakoineet Milan Jaffin karkotuksella sosiaalisessa menossa.<\/p>\n<p class=\"article-body mb-nof-24 px-nof-16\">Lue lis\u00e4\u00e4: <a class=\"article-genericlink\" href=\"https:\/\/www.is.fi\/politiikka\/art-2000011689603.html\" rel=\"nofollow noopener\" target=\"_blank\">N\u00e4in poliitikot reagoivat Milan Jaffin karkotus\u00aduutiseen \u2013 \u201dTervemenoa\u201d<\/a><\/p>\n<p class=\"article-body mb-nof-24 px-nof-16\">Jaff tuli Suomeen 17-vuotiaana vuonna 2017 ja on sen j\u00e4lkeen syyllistynyt lukuisiin rikoksiin. Jaff tuomittiin vuosien vankeuteen muun muassa paljon huomiota her\u00e4tt\u00e4neest\u00e4 iskusuunnitelmasta ravintola Kaivohuoneelle Helsingiss\u00e4 sek\u00e4 ampumisesta Espoossa.<\/p>\n<p class=\"article-body mb-nof-24 px-nof-16\">Jaff on tuomittu lainvoimaisesti my\u00f6s raiskauksesta. H\u00e4n sai lis\u00e4ksi lokakuussa tuomion sarjasaalistaja <a class=\"article-personlink\" href=\"https:\/\/www.is.fi\/haku\/?query=Mika%20Moringin\" rel=\"nofollow noopener\" target=\"_blank\">Mika Moringin<\/a> pahoinpitelyst\u00e4.<\/p>\n","protected":false},"excerpt":{"rendered":"Sis\u00e4ministeri Mari Rantanen kommentoi kohurikollisen karkotusta ep\u00e4suorasti IS:lle. Sis\u00e4ministeri Mari Rantanen (ps) on tyytyv\u00e4inen siihen, ett\u00e4 hallituksen lakimuutokset&hellip;\n","protected":false},"author":2,"featured_media":115213,"comment_status":"","ping_status":"","sticky":false,"template":"","format":"standard","meta":{"footnotes":""},"categories":[5],"tags":[22,23,26,27,33,31,30,17,34,24,25,28,29,15,18,21,32,19,20,16],"class_list":{"0":"post-115212","1":"post","2":"type-post","3":"status-publish","4":"format-standard","5":"has-post-thumbnail","7":"category-otsikot","8":"tag-breaking-news","9":"tag-breakingnews","10":"tag-featured-news","11":"tag-featurednews","12":"tag-fi","13":"tag-finland","14":"tag-finnish","15":"tag-headlines","16":"tag-ilta-sanomat","17":"tag-latest-news","18":"tag-latestnews","19":"tag-main-news","20":"tag-mainnews","21":"tag-news","22":"tag-otsikot","23":"tag-paauutiset","24":"tag-suomi","25":"tag-top-stories","26":"tag-topstories","27":"tag-uutiset"},"share_on_mastodon":{"url":"https:\/\/pubeurope.com\/@fi\/115711542739648216","error":""},"_links":{"self":[{"href":"https:\/\/www.europesays.com\/fi\/wp-json\/wp\/v2\/posts\/115212","targetHints":{"allow":["GET"]}}],"collection":[{"href":"https:\/\/www.europesays.com\/fi\/wp-json\/wp\/v2\/posts"}],"about":[{"href":"https:\/\/www.europesays.com\/fi\/wp-json\/wp\/v2\/types\/post"}],"author":[{"embeddable":true,"href":"https:\/\/www.europesays.com\/fi\/wp-json\/wp\/v2\/users\/2"}],"replies":[{"embeddable":true,"href":"https:\/\/www.europesays.com\/fi\/wp-json\/wp\/v2\/comments?post=115212"}],"version-history":[{"count":0,"href":"https:\/\/www.europesays.com\/fi\/wp-json\/wp\/v2\/posts\/115212\/revisions"}],"wp:featuredmedia":[{"embeddable":true,"href":"https:\/\/www.europesays.com\/fi\/wp-json\/wp\/v2\/media\/115213"}],"wp:attachment":[{"href":"https:\/\/www.europesays.com\/fi\/wp-json\/wp\/v2\/media?parent=115212"}],"wp:term":[{"taxonomy":"category","embeddable":true,"href":"https:\/\/www.europesays.com\/fi\/wp-json\/wp\/v2\/categories?post=115212"},{"taxonomy":"post_tag","embeddable":true,"href":"https:\/\/www.europesays.com\/fi\/wp-json\/wp\/v2\/tags?post=115212"}],"curies":[{"name":"wp","href":"https:\/\/api.w.org\/{rel}","templated":true}]}}